{"id":22388,"date":"2023-06-25T15:37:00","date_gmt":"2023-06-25T18:37:00","guid":{"rendered":"https:\/\/www.infomoney.com.br\/?p=2170051"},"modified":"2023-06-25T15:37:00","modified_gmt":"2023-06-25T18:37:00","slug":"apos-ibama-negar-licenca-na-foz-do-amazonas-petrobras-cogita-retomar-exploracao-na-africa","status":"publish","type":"post","link":"https:\/\/sindaopcpb.org.br\/index.php\/2023\/06\/25\/apos-ibama-negar-licenca-na-foz-do-amazonas-petrobras-cogita-retomar-exploracao-na-africa\/","title":{"rendered":"Ap\u00f3s Ibama negar licen\u00e7a na foz do Amazonas, Petrobras cogita retomar explora\u00e7\u00e3o na \u00c1frica"},"content":{"rendered":"<p><img loading=\"lazy\" width=\"300\" height=\"200\" src=\"https:\/\/www.infomoney.com.br\/wp-content\/uploads\/2022\/03\/petrobras.jpg?fit=300%2C200&amp;quality=70&amp;strip=all\" class=\"attachment-medium size-medium wp-post-image\" alt=\"\" decoding=\"async\" style=\"float:right; margin:0 0 10px 10px;\" srcset=\"https:\/\/www.infomoney.com.br\/wp-content\/uploads\/2022\/03\/petrobras.jpg?w=480&amp;quality=70&amp;strip=all 480w, https:\/\/www.infomoney.com.br\/wp-content\/uploads\/2022\/03\/petrobras.jpg?w=300&amp;quality=70&amp;strip=all 300w, https:\/\/www.infomoney.com.br\/wp-content\/uploads\/2022\/03\/petrobras.jpg?w=150&amp;quality=70&amp;strip=all 150w\" sizes=\"auto, (max-width: 300px) 100vw, 300px\" data-attachment-id=\"1821504\" data-permalink=\"https:\/\/www.infomoney.com.br\/mercados\/petrobras-petr3petr4-afirma-que-so-repassou-parte-do-aumento-do-petroleo-aos-consumidores\/attachment\/petrobras-18\/\" data-orig-file=\"https:\/\/www.infomoney.com.br\/wp-content\/uploads\/2022\/03\/petrobras.jpg?fit=480%2C320&amp;quality=70&amp;strip=all\" data-orig-size=\"480,320\" data-comments-opened=\"1\" data-image-meta=\"{&quot;aperture&quot;:&quot;0&quot;,&quot;credit&quot;:&quot;&quot;,&quot;camera&quot;:&quot;&quot;,&quot;caption&quot;:&quot;&quot;,&quot;created_timestamp&quot;:&quot;0&quot;,&quot;copyright&quot;:&quot;&quot;,&quot;focal_length&quot;:&quot;0&quot;,&quot;iso&quot;:&quot;0&quot;,&quot;shutter_speed&quot;:&quot;0&quot;,&quot;title&quot;:&quot;&quot;,&quot;orientation&quot;:&quot;0&quot;}\" data-image-title=\"Sede da Petrobras no Rio\" data-image-description=\"\" data-image-caption=\"&lt;p&gt;Fachada da sede da Petrobras, no Rio de Janeiro (FOTO ANDR\u00c9 MOTTA DE SOUZA\/AG\u00caNCIA PETROBRAS)&lt;\/p&gt;\n\" data-medium-file=\"https:\/\/www.infomoney.com.br\/wp-content\/uploads\/2022\/03\/petrobras.jpg?fit=300%2C200&amp;quality=70&amp;strip=all\" data-large-file=\"https:\/\/www.infomoney.com.br\/wp-content\/uploads\/2022\/03\/petrobras.jpg?fit=480%2C320&amp;quality=70&amp;strip=all\" title=\"\"><\/p>\n<p>A Petrobras\u00a0(<a href=\"https:\/\/www.infomoney.com.br\/cotacoes\/b3\/acao\/petrobras-petr3\/\" rel=\"nofollow noopener\" target=\"_blank\">PETR3<\/a>;<a href=\"https:\/\/www.infomoney.com.br\/cotacoes\/b3\/acao\/petrobras-petr4\/\" rel=\"nofollow noopener\" target=\"_blank\">PETR4<\/a>) planeja voltar \u00e0 \u00c1frica, depois de encolher suas opera\u00e7\u00f5es internacionais e abandonar o continente africano ap\u00f3s 40 anos de atividades, sobretudo se o Instituto Brasileiro de Meio Ambiente e Recursos Naturais Renov\u00e1veis (Ibama) negar novamente o licenciamento ambiental para explorar a margem equatorial.<\/p>\n<p>A estatal saiu do continente africano, conhecido por ter geologia similar \u00e0 da costa brasileira, com a venda de ativos na Nig\u00e9ria em janeiro de 2020. No momento, h\u00e1 tamb\u00e9m uma aposta firme da empresa na explora\u00e7\u00e3o de reservas ricas em g\u00e1s descobertas em blocos da companhia na Col\u00f4mbia, e <a href=\"https:\/\/www.infomoney.com.br\/mercados\/prates-petrobras-petr4-pode-ajudar-guiana-e-suriname-a-explorar-petroleo-na-margem-equatorial\/\" rel=\"nofollow noopener\" target=\"_blank\">a empresa n\u00e3o descarta ir \u00e0 Guiana e ao Suriname para explorar a margem equatorial fora do pa\u00eds, com s\u00f3cias<\/a>.<\/p>\n<p><strong>A intensidade da ida ao exterior vai depender da licen\u00e7a para explorar a bacia da Foz do Amazonas, hoje travada pelo Ibama<\/strong>. O movimento tem como objetivo aumentar as reservas da empresa e garantir a continuidade da produ\u00e7\u00e3o em bom n\u00edvel na pr\u00f3xima d\u00e9cada.<\/p>\n<p>O presidente da Petrobras, Jean Paul Prates, afirmou em entrevista ao jornal <em>Folha de S.Paulo<\/em> que <a href=\"https:\/\/www.infomoney.com.br\/mercados\/fim-do-ppi-presidente-da-petrobras-diz-que-empresas-podem-definir-seu-proprio-preco\/\" rel=\"nofollow noopener\" target=\"_blank\">a empresa j\u00e1 apresentou um recurso ao Ibama, mas tamb\u00e9m se prepara para alternativas<\/a>. &#8220;Se, no limite, o estado brasileiro entender que aquilo \u00e9 uma \u00e1rea interditada para a perfura\u00e7\u00e3o de petr\u00f3leo, n\u00f3s vamos respeitosamente sair de l\u00e1 e explorar <a href=\"https:\/\/www.infomoney.com.br\/mercados\/prates-petrobras-petr4-pode-ajudar-guiana-e-suriname-a-explorar-petroleo-na-margem-equatorial\/\" rel=\"nofollow noopener\" target=\"_blank\">em outras \u00e1reas da margem equatorial<\/a>&#8220;.<\/p>\n<div class=\"infomoney-related-posts\">\n<h4>Leia tamb\u00e9m<\/h4>\n<div class=\"list\">\n<div class=\"row mx-0 item\">\n<div class=\"img-container\">\n<figure><img decoding=\"async\" class=\"img-fluid img-fluid\" src=\"https:\/\/www.infomoney.com.br\/wp-content\/uploads\/2023\/01\/52578636178_a80e5a95e1_k.jpg?quality=70&#038;w=150&#038;%23038;h=150&#038;%23038;crop=1&#038;%23038;strip=all\" data-recalc-dims=\"1\" alt=\"\" title=\"\"><\/figure>\n<\/div>\n<div class=\"info\"><span class=\"hl-hat\">5 meses de gest\u00e3o<\/span><span class=\"hl-title\"><a href=\"https:\/\/www.infomoney.com.br\/mercados\/fim-do-ppi-presidente-da-petrobras-diz-que-empresas-podem-definir-seu-proprio-preco\/\" rel=\"nofollow noopener\" target=\"_blank\">Presidente da Petrobras afirma que PPI \u2018era o rabo abanando o cachorro\u2019<\/a><\/span><span class=\"hl-description\">Jean Paul Prates defendeu uma nova pol\u00edtica de dividendos, para a empresa investir mais, e fala em &#8216;ajuste&#8217; no plano de neg\u00f3cios da estatal<\/span><\/div>\n<\/div>\n<div class=\"row mx-0 item\">\n<div class=\"img-container\">\n<figure><img decoding=\"async\" class=\"img-fluid img-fluid\" src=\"https:\/\/www.infomoney.com.br\/wp-content\/uploads\/2023\/01\/52576310505_9871c82ae4_k.jpg?quality=70&#038;w=150&#038;%23038;h=150&#038;%23038;crop=1&#038;%23038;strip=all\" data-recalc-dims=\"1\" alt=\"\" title=\"\"><\/figure>\n<\/div>\n<div class=\"info\"><span class=\"hl-hat\">Transpetro<\/span><span class=\"hl-title\"><a href=\"https:\/\/www.infomoney.com.br\/mercados\/prates-petrobras-petr4-pode-ajudar-guiana-e-suriname-a-explorar-petroleo-na-margem-equatorial\/\" rel=\"nofollow noopener\" target=\"_blank\">Petrobras pode ajudar Guiana e Suriname a explorar petr\u00f3leo na Margem Equatorial, afirma Prates<\/a><\/span><span class=\"hl-description\">Ibama negou licen\u00e7a para a estatal na foz do Amazonas, mas empresa recorreu da decis\u00e3o<\/span><\/div>\n<\/div>\n<\/div>\n<\/div>\n<h2>Busca por reservas<\/h2>\n<p>O diretor de explora\u00e7\u00e3o e produ\u00e7\u00e3o (E&amp;P) da Petrobras, Joelson Mendes, afirmou ao jornal <em>O Estado de S. Paulo<\/em> que a produ\u00e7\u00e3o dos reservat\u00f3rios gigantes do pr\u00e9-sal vai declinar a partir do pico da produ\u00e7\u00e3o, em 2032, e <strong>o Brasil pode come\u00e7ar a importar petr\u00f3leo a partir de 2040, se novas reservas n\u00e3o forem descobertas<\/strong> \u2014 o que considera um retrocesso em um contexto de preocupa\u00e7\u00e3o global com seguran\u00e7a energ\u00e9tica, sobretudo para um pa\u00eds que j\u00e1 atingiu a autossufici\u00eancia no setor.<\/p>\n<p>O plano estrat\u00e9gico da Petrobras para o per\u00edodo 2024-2028, que ser\u00e1 divulgado em novembro, j\u00e1 ter\u00e1 novamente a internacionaliza\u00e7\u00e3o presente (ainda que de maneira apenas indicativa). Ser\u00e1 o pontap\u00e9 inicial para recompor uma \u00e1rea que foi abandonada pela gest\u00e3o anterior.<\/p>\n<blockquote>\n<p>&#8220;A gente vai colocar de uma forma macro a internacionaliza\u00e7\u00e3o [no plano estrat\u00e9gico]&#8221;, afirmou Mendes. &#8220;H\u00e1 descobertas no mundo importantes, como na Nig\u00e9ria, em Angola e na Nam\u00edbia. A Petrobras saiu, mas pode voltar. Sim, a gente quer voltar&#8221;.<\/p>\n<\/blockquote>\n<h2>Petrobras na \u00c1frica<\/h2>\n<p>A presen\u00e7a da Petrobras na \u00c1frica come\u00e7ou ainda nos anos 1970, na ditadura militar. Nos anos 2000, sob os governos Luiz In\u00e1cio Lula da Silva e Dilma Rousseff, a \u00e1rea de E&amp;P da estatal entrou mais decididamente na \u00c1frica.<\/p>\n<p>Partindo de Angola e Nig\u00e9ria, a estatal chegou gradativamente a outros oito pa\u00edses, como L\u00edbia, Mo\u00e7ambique e Senegal, segundo o Instituto de Estudos Estrat\u00e9gicos de Petr\u00f3leo.<\/p>\n<p>The post <a rel=\"nofollow noopener\" href=\"https:\/\/www.infomoney.com.br\/mercados\/petrobras-cogita-retomar-exploracao-na-africa\/\" target=\"_blank\">Ap\u00f3s Ibama negar licen\u00e7a na foz do Amazonas, Petrobras cogita retomar explora\u00e7\u00e3o na \u00c1frica<\/a> appeared first on <a rel=\"nofollow noopener\" href=\"https:\/\/www.infomoney.com.br\/\" target=\"_blank\">InfoMoney<\/a>.<\/p>\n","protected":false},"excerpt":{"rendered":"<p><img loading=\"lazy\" decoding=\"async\" width=\"300\" height=\"200\" src=\"https:\/\/www.infomoney.com.br\/wp-content\/uploads\/2022\/03\/petrobras.jpg?fit=300%2C200&amp;quality=70&amp;strip=all\" class=\"attachment-medium size-medium wp-post-image\" alt=\"\" data-attachment-id=\"1821504\" data-permalink=\"https:\/\/www.infomoney.com.br\/mercados\/petrobras-petr3petr4-afirma-que-so-repassou-parte-do-aumento-do-petroleo-aos-consumidores\/attachment\/petrobras-18\/\" data-orig-file=\"https:\/\/www.infomoney.com.br\/wp-content\/uploads\/2022\/03\/petrobras.jpg?fit=480%2C320&amp;quality=70&amp;strip=all\" data-orig-size=\"480,320\" data-comments-opened=\"1\" data-image-meta='{\"aperture\":\"0\",\"credit\":\"\",\"camera\":\"\",\"caption\":\"\",\"created_timestamp\":\"0\",\"copyright\":\"\",\"focal_length\":\"0\",\"iso\":\"0\",\"shutter_speed\":\"0\",\"title\":\"\",\"orientation\":\"0\"}' data-image-title=\"Sede da Petrobras no Rio\" data-image-description=\"\" data-image-caption=\"&lt;p&gt;Fachada da sede da Petrobras, no Rio de Janeiro (FOTO ANDR\u00c9 MOTTA DE SOUZA\/AG\u00caNCIA PETROBRAS)&lt;\/p&gt;\n\" data-medium-file=\"https:\/\/www.infomoney.com.br\/wp-content\/uploads\/2022\/03\/petrobras.jpg?fit=300%2C200&amp;quality=70&amp;strip=all\" data-large-file=\"https:\/\/www.infomoney.com.br\/wp-content\/uploads\/2022\/03\/petrobras.jpg?fit=480%2C320&amp;quality=70&amp;strip=all\">Diretor de explora\u00e7\u00e3o e produ\u00e7\u00e3o da estatal diz que produ\u00e7\u00e3o do pr\u00e9-sal vai come\u00e7ar a declinar em 2032 e Brasil pode come\u00e7ar a importar petr\u00f3leo em 2040<\/p>\n<p>The post <a rel=\"nofollow\" href=\"https:\/\/www.infomoney.com.br\/mercados\/petrobras-cogita-retomar-exploracao-na-africa\/\">Ap\u00f3s Ibama negar licen\u00e7a na foz do Amazonas, Petrobras cogita retomar explora\u00e7\u00e3o na \u00c1frica<\/a> appeared first on <a rel=\"nofollow\" href=\"https:\/\/www.infomoney.com.br\/\">InfoMoney<\/a>.<\/p>\n","protected":false},"author":45,"featured_media":0,"comment_status":"closed","ping_status":"closed","sticky":false,"template":"","format":"standard","meta":{"advgb_blocks_editor_width":"","advgb_blocks_columns_visual_guide":"","footnotes":""},"categories":[3102,4809,34,5323,127,318,47],"tags":[35],"class_list":["post-22388","post","type-post","status-publish","format-standard","hentry","category-amazonas","category-colombia","category-g1","category-margem-equatorial","category-mercados","category-petrobras","category-politica","tag-g1"],"author_meta":{"display_name":"Equipe InfoMoney","author_link":"https:\/\/sindaopcpb.org.br\/author\/equipe-infomoney\/"},"featured_img":null,"coauthors":[],"tax_additional":{"categories":{"linked":["<a href=\"https:\/\/sindaopcpb.org.br\/amazonas\/\" class=\"advgb-post-tax-term\">Amazonas<\/a>","<a href=\"https:\/\/sindaopcpb.org.br\/colombia\/\" class=\"advgb-post-tax-term\">Col\u00f4mbia<\/a>","<a href=\"https:\/\/sindaopcpb.org.br\/g1\/\" class=\"advgb-post-tax-term\">G1<\/a>","<a href=\"https:\/\/sindaopcpb.org.br\/margem-equatorial\/\" class=\"advgb-post-tax-term\">Margem Equatorial<\/a>","<a href=\"https:\/\/sindaopcpb.org.br\/mercados\/\" class=\"advgb-post-tax-term\">Mercados<\/a>","<a href=\"https:\/\/sindaopcpb.org.br\/petrobras\/\" class=\"advgb-post-tax-term\">Petrobras<\/a>","<a href=\"https:\/\/sindaopcpb.org.br\/politica\/\" class=\"advgb-post-tax-term\">POLITICA<\/a>"],"unlinked":["<span class=\"advgb-post-tax-term\">Amazonas<\/span>","<span class=\"advgb-post-tax-term\">Col\u00f4mbia<\/span>","<span class=\"advgb-post-tax-term\">G1<\/span>","<span class=\"advgb-post-tax-term\">Margem Equatorial<\/span>","<span class=\"advgb-post-tax-term\">Mercados<\/span>","<span class=\"advgb-post-tax-term\">Petrobras<\/span>","<span class=\"advgb-post-tax-term\">POLITICA<\/span>"]},"tags":{"linked":["<a href=\"https:\/\/sindaopcpb.org.br\/politica\/\" class=\"advgb-post-tax-term\">g1<\/a>"],"unlinked":["<span class=\"advgb-post-tax-term\">g1<\/span>"]}},"comment_count":"0","relative_dates":{"created":"Publicado 3 anos atr\u00e1s","modified":"Atualizado 3 anos atr\u00e1s"},"absolute_dates":{"created":"Publicado em 25 de junho de 2023","modified":"Atualizado em 25 de junho de 2023"},"absolute_dates_time":{"created":"Publicado em 25 de junho de 2023 15:37","modified":"Atualizado em 25 de junho de 2023 15:37"},"featured_img_caption":"","series_order":"","_links":{"self":[{"href":"https:\/\/sindaopcpb.org.br\/index.php\/wp-json\/wp\/v2\/posts\/22388","targetHints":{"allow":["GET"]}}],"collection":[{"href":"https:\/\/sindaopcpb.org.br\/index.php\/wp-json\/wp\/v2\/posts"}],"about":[{"href":"https:\/\/sindaopcpb.org.br\/index.php\/wp-json\/wp\/v2\/types\/post"}],"author":[{"embeddable":true,"href":"https:\/\/sindaopcpb.org.br\/index.php\/wp-json\/wp\/v2\/users\/45"}],"replies":[{"embeddable":true,"href":"https:\/\/sindaopcpb.org.br\/index.php\/wp-json\/wp\/v2\/comments?post=22388"}],"version-history":[{"count":1,"href":"https:\/\/sindaopcpb.org.br\/index.php\/wp-json\/wp\/v2\/posts\/22388\/revisions"}],"predecessor-version":[{"id":22389,"href":"https:\/\/sindaopcpb.org.br\/index.php\/wp-json\/wp\/v2\/posts\/22388\/revisions\/22389"}],"wp:attachment":[{"href":"https:\/\/sindaopcpb.org.br\/index.php\/wp-json\/wp\/v2\/media?parent=22388"}],"wp:term":[{"taxonomy":"category","embeddable":true,"href":"https:\/\/sindaopcpb.org.br\/index.php\/wp-json\/wp\/v2\/categories?post=22388"},{"taxonomy":"post_tag","embeddable":true,"href":"https:\/\/sindaopcpb.org.br\/index.php\/wp-json\/wp\/v2\/tags?post=22388"}],"curies":[{"name":"wp","href":"https:\/\/api.w.org\/{rel}","templated":true}]}}