{"id":22325,"date":"2023-06-25T08:52:50","date_gmt":"2023-06-25T11:52:50","guid":{"rendered":"https:\/\/wpa.wscom.com.br\/?p=908119"},"modified":"2023-06-25T08:52:50","modified_gmt":"2023-06-25T11:52:50","slug":"homem-e-morto-a-tiros-e-menor-de-15-anos-fica-ferido-em-catole-do-rocha","status":"publish","type":"post","link":"https:\/\/sindaopcpb.org.br\/index.php\/2023\/06\/25\/homem-e-morto-a-tiros-e-menor-de-15-anos-fica-ferido-em-catole-do-rocha\/","title":{"rendered":"Homem \u00e9 morto a tiros e menor de 15 anos fica ferido, em Catol\u00e9 do Rocha"},"content":{"rendered":"<header class=\"pg-newDetail__header\">\n<div class=\"gs-container\">\n<div class=\"pg-newDetail__header__content\">\n<p class=\"pg-newDetail__resume\">Um homem de 19 anos e um adolescente de 15 foram v\u00edtimas de disparos de arma de fogo na noite deste s\u00e1bado (24), no munic\u00edpio de Catol\u00e9 do Rocha.\u00a0 O homem identificado como Davidson de Oliveira Cavalcante, foi alvejado na cabe\u00e7a e n\u00e3o resistiu aos ferimentos, morrendo no local. O adolescente foi atendido pelo SAMU e encaminhado para o hospital em estado grave de sa\u00fade.<\/p>\n<p>As duas v\u00edtimas estavam no bairro Tancredo Neves, em uma motocicleta, quando foram abordados por homens armados que efetuaram os disparos e fugiram na sequencia. A Pol\u00edcia Militar foi chamada e realizou buscas no local \u00e1 procura dos suspeitos, mas at\u00e9 o fechamento dessa mat\u00e9ria ningu\u00e9m foi preso.<\/p>\n<p>Ainda n\u00e3o se sabe a motiva\u00e7\u00e3o do crime e as\u00a0 investiga\u00e7\u00f5es seguem em curso.<\/p>\n<p>&nbsp;<\/p>\n<\/div>\n<\/div>\n<\/header>\n<div class=\"pg-newDetail__main gs-container\">\n<p>&nbsp;<\/p>\n<\/div>\n<p>&nbsp;<\/p>\n<p>O post <a rel=\"nofollow noopener\" href=\"https:\/\/wscom.com.br\/homem-e-morto-a-tiros-e-menor-de-15-anos-fica-ferido-em-catole-do-rocha\/\" target=\"_blank\">Homem \u00e9 morto a tiros e menor de 15 anos fica ferido, em Catol\u00e9 do Rocha<\/a> apareceu primeiro em <a rel=\"nofollow noopener\" href=\"https:\/\/wscom.com.br\/\" target=\"_blank\">WSCOM<\/a>.<\/p>\n","protected":false},"excerpt":{"rendered":"<p>Um homem de 19 anos e um adolescente de 15 foram v\u00edtimas de disparos de arma de fogo na noite deste s\u00e1bado (24), no munic\u00edpio de Catol\u00e9 do Rocha.\u00a0 O homem identificado como Davidson de Oliveira Cavalcante, foi alvejado na cabe\u00e7a e n\u00e3o resistiu aos ferimentos, morrendo no local. O adolescente foi atendido pelo SAMU [\u2026]<\/p>\n<p>O post <a rel=\"nofollow\" href=\"https:\/\/wscom.com.br\/homem-e-morto-a-tiros-e-menor-de-15-anos-fica-ferido-em-catole-do-rocha\/\">Homem \u00e9 morto a tiros e menor de 15 anos fica ferido, em Catol\u00e9 do Rocha<\/a> apareceu primeiro em <a rel=\"nofollow\" href=\"https:\/\/wscom.com.br\/\">WSCOM<\/a>.<\/p>\n","protected":false},"author":58,"featured_media":0,"comment_status":"closed","ping_status":"closed","sticky":false,"template":"","format":"standard","meta":{"advgb_blocks_editor_width":"","advgb_blocks_columns_visual_guide":"","footnotes":""},"categories":[640,5310,34,418,411,66],"tags":[35],"class_list":["post-22325","post","type-post","status-publish","format-standard","hentry","category-crime","category-disparos","category-g1","category-noticias","category-policia-militar","category-policial","tag-g1"],"author_meta":{"display_name":"Juliana Terra","author_link":"https:\/\/sindaopcpb.org.br\/author\/juliana-terra\/"},"featured_img":null,"coauthors":[],"tax_additional":{"categories":{"linked":["<a href=\"https:\/\/sindaopcpb.org.br\/crime\/\" class=\"advgb-post-tax-term\">crime<\/a>","<a href=\"https:\/\/sindaopcpb.org.br\/disparos\/\" class=\"advgb-post-tax-term\">Disparos<\/a>","<a href=\"https:\/\/sindaopcpb.org.br\/g1\/\" class=\"advgb-post-tax-term\">G1<\/a>","<a href=\"https:\/\/sindaopcpb.org.br\/noticias\/\" class=\"advgb-post-tax-term\">Not\u00edcias<\/a>","<a href=\"https:\/\/sindaopcpb.org.br\/policia-militar\/\" class=\"advgb-post-tax-term\">Pol\u00edcia Militar<\/a>","<a href=\"https:\/\/sindaopcpb.org.br\/policial\/\" class=\"advgb-post-tax-term\">Policial<\/a>"],"unlinked":["<span class=\"advgb-post-tax-term\">crime<\/span>","<span class=\"advgb-post-tax-term\">Disparos<\/span>","<span class=\"advgb-post-tax-term\">G1<\/span>","<span class=\"advgb-post-tax-term\">Not\u00edcias<\/span>","<span class=\"advgb-post-tax-term\">Pol\u00edcia Militar<\/span>","<span class=\"advgb-post-tax-term\">Policial<\/span>"]},"tags":{"linked":["<a href=\"https:\/\/sindaopcpb.org.br\/policial\/\" class=\"advgb-post-tax-term\">g1<\/a>"],"unlinked":["<span class=\"advgb-post-tax-term\">g1<\/span>"]}},"comment_count":"0","relative_dates":{"created":"Publicado 3 anos atr\u00e1s","modified":"Atualizado 3 anos atr\u00e1s"},"absolute_dates":{"created":"Publicado em 25 de junho de 2023","modified":"Atualizado em 25 de junho de 2023"},"absolute_dates_time":{"created":"Publicado em 25 de junho de 2023 08:52","modified":"Atualizado em 25 de junho de 2023 08:52"},"featured_img_caption":"","series_order":"","_links":{"self":[{"href":"https:\/\/sindaopcpb.org.br\/index.php\/wp-json\/wp\/v2\/posts\/22325","targetHints":{"allow":["GET"]}}],"collection":[{"href":"https:\/\/sindaopcpb.org.br\/index.php\/wp-json\/wp\/v2\/posts"}],"about":[{"href":"https:\/\/sindaopcpb.org.br\/index.php\/wp-json\/wp\/v2\/types\/post"}],"author":[{"embeddable":true,"href":"https:\/\/sindaopcpb.org.br\/index.php\/wp-json\/wp\/v2\/users\/58"}],"replies":[{"embeddable":true,"href":"https:\/\/sindaopcpb.org.br\/index.php\/wp-json\/wp\/v2\/comments?post=22325"}],"version-history":[{"count":1,"href":"https:\/\/sindaopcpb.org.br\/index.php\/wp-json\/wp\/v2\/posts\/22325\/revisions"}],"predecessor-version":[{"id":22326,"href":"https:\/\/sindaopcpb.org.br\/index.php\/wp-json\/wp\/v2\/posts\/22325\/revisions\/22326"}],"wp:attachment":[{"href":"https:\/\/sindaopcpb.org.br\/index.php\/wp-json\/wp\/v2\/media?parent=22325"}],"wp:term":[{"taxonomy":"category","embeddable":true,"href":"https:\/\/sindaopcpb.org.br\/index.php\/wp-json\/wp\/v2\/categories?post=22325"},{"taxonomy":"post_tag","embeddable":true,"href":"https:\/\/sindaopcpb.org.br\/index.php\/wp-json\/wp\/v2\/tags?post=22325"}],"curies":[{"name":"wp","href":"https:\/\/api.w.org\/{rel}","templated":true}]}}