{"id":22309,"date":"2023-06-24T17:29:36","date_gmt":"2023-06-24T20:29:36","guid":{"rendered":"https:\/\/wpa.wscom.com.br\/?p=908079"},"modified":"2023-06-24T17:29:36","modified_gmt":"2023-06-24T20:29:36","slug":"liga-das-nacoes-brasil-retoma-caminho-das-vitorias-contra-a-eslovenia","status":"publish","type":"post","link":"https:\/\/sindaopcpb.org.br\/index.php\/2023\/06\/24\/liga-das-nacoes-brasil-retoma-caminho-das-vitorias-contra-a-eslovenia\/","title":{"rendered":"Liga das Na\u00e7\u00f5es: Brasil retoma caminho das vit\u00f3rias contra a Eslov\u00eania"},"content":{"rendered":"<p>&nbsp;<\/p>\n<p>&nbsp;<\/p>\n<p>Contando com grande atua\u00e7\u00e3o do oposto Alan e do ponteiro Lucarelli, o Brasil derrotou a Eslov\u00eania por 3 sets a 1 (parciais 23\/25, 25\/23, 26\/24 e 25\/21), neste s\u00e1bado em Orleans (Fran\u00e7a), em partida v\u00e1lida pela segunda semana da fase inicial da Liga das Na\u00e7\u00f5es de v\u00f4lei masculino.<img decoding=\"async\" src=\"https:\/\/agenciabrasil.ebc.com.br\/ebc.png?id=1540239&amp;o=node\" alt=\"\" title=\"\"><img decoding=\"async\" src=\"https:\/\/agenciabrasil.ebc.com.br\/ebc.gif?id=1540239&amp;o=node\" alt=\"\" title=\"\"><\/p>\n<blockquote class=\"twitter-tweet\" data-width=\"550\" data-dnt=\"true\">\n<p lang=\"pt\" dir=\"ltr\">\u00c9 VIT\u00d3\u00d3\u00d3\u00d3\u00d3\u00d3\u00d3RIA! <img decoding=\"async\" src=\"https:\/\/s.w.org\/images\/core\/emoji\/13.0.1\/72x72\/1f3d0.png\" alt=\"\ud83c\udfd0\" class=\"wp-smiley\" style=\"height: 1em; max-height: 1em;\" title=\"\"><img decoding=\"async\" src=\"https:\/\/s.w.org\/images\/core\/emoji\/13.0.1\/72x72\/1f1e7-1f1f7.png\" alt=\"\ud83c\udde7\ud83c\uddf7\" class=\"wp-smiley\" style=\"height: 1em; max-height: 1em;\" title=\"\"><\/p>\n<p>Outra grande partida da sele\u00e7\u00e3o na Liga das Na\u00e7\u00f5es de <a href=\"https:\/\/twitter.com\/volei?ref_src=twsrc%5Etfw\" rel=\"nofollow noopener\" target=\"_blank\">@volei<\/a>.<\/p>\n<p><img decoding=\"async\" src=\"https:\/\/s.w.org\/images\/core\/emoji\/13.0.1\/72x72\/1f1e7-1f1f7.png\" alt=\"\ud83c\udde7\ud83c\uddf7\" class=\"wp-smiley\" style=\"height: 1em; max-height: 1em;\" title=\"\"> 3 x 1 <img decoding=\"async\" src=\"https:\/\/s.w.org\/images\/core\/emoji\/13.0.1\/72x72\/1f1f8-1f1ee.png\" alt=\"\ud83c\uddf8\ud83c\uddee\" class=\"wp-smiley\" style=\"height: 1em; max-height: 1em;\" title=\"\"><\/p>\n<p>E que venha a <img decoding=\"async\" src=\"https:\/\/s.w.org\/images\/core\/emoji\/13.0.1\/72x72\/1f1eb-1f1f7.png\" alt=\"\ud83c\uddeb\ud83c\uddf7\" class=\"wp-smiley\" style=\"height: 1em; max-height: 1em;\" title=\"\">! <img decoding=\"async\" src=\"https:\/\/s.w.org\/images\/core\/emoji\/13.0.1\/72x72\/1f60e.png\" alt=\"\ud83d\ude0e\" class=\"wp-smiley\" style=\"height: 1em; max-height: 1em;\" title=\"\"> <a href=\"https:\/\/t.co\/iOlYqYqZIH\" rel=\"nofollow\">pic.twitter.com\/iOlYqYqZIH<\/a><\/p>\n<p>&mdash; Time Brasil (@timebrasil) <a href=\"https:\/\/twitter.com\/timebrasil\/status\/1672644860614959106?ref_src=twsrc%5Etfw\" rel=\"nofollow noopener\" target=\"_blank\">June 24, 2023<\/a><\/p>\n<\/blockquote>\n<p><script async src=\"https:\/\/platform.twitter.com\/widgets.js\" charset=\"utf-8\"><\/script><\/p>\n<p>Ap\u00f3s a vit\u00f3ria, a equipe comandada pelo t\u00e9cnico Renan Dal Zotto permaneceu na quarta posi\u00e7\u00e3o da classifica\u00e7\u00e3o, mas agora com 16 pontos conquistados, seis a menos do que o l\u00edder Jap\u00e3o. A sele\u00e7\u00e3o brasileira volta a entrar em quadra a partir das 12h30 (hor\u00e1rio de Bras\u00edlia) do pr\u00f3ximo domingo (25), quando medir\u00e1 for\u00e7as com a Fran\u00e7a.<\/p>\n<p>No confronto deste s\u00e1bado os destaques brasileiros foram o oposto Alan e o ponteiro Lucarelli, cada um com 19 pontos. Pela Eslov\u00eania, Cebulj foi o maior pontuador, com 18 acertos.<\/p>\n<p><strong>Formato da competi\u00e7\u00e3o<\/strong><\/p>\n<p>A Liga re\u00fane as 16 sele\u00e7\u00f5es mais bem ranqueadas pela Federa\u00e7\u00e3o Internacional de Voleibol (FIVB, na sigla em ingl\u00eas). A primeira fase classificat\u00f3ria teve in\u00edcio em 6 de junho e vai at\u00e9 9 de julho. Cada equipe disputa 12 partidas (quatro por semana em sedes diferentes). Ao final, as oito melhores avan\u00e7am \u00e0s quartas de final, sendo que a Pol\u00f4nia j\u00e1 tem a classifica\u00e7\u00e3o garantida por sediar a fase final da Liga das Na\u00e7\u00f5es. Os jogos da competi\u00e7\u00e3o tamb\u00e9m somam pontos para o ranking mundial da FIVB, um dos par\u00e2metros na corrida por vaga para os Jogos Ol\u00edmpicos de 2024, que ser\u00e3o disputados em Paris (Fran\u00e7a).<\/p>\n<p>O post <a rel=\"nofollow noopener\" href=\"https:\/\/wscom.com.br\/liga-das-nacoes-brasil-retoma-caminho-das-vitorias-contra-a-eslovenia\/\" target=\"_blank\">Liga das Na\u00e7\u00f5es: Brasil retoma caminho das vit\u00f3rias contra a Eslov\u00eania<\/a> apareceu primeiro em <a rel=\"nofollow noopener\" href=\"https:\/\/wscom.com.br\/\" target=\"_blank\">WSCOM<\/a>.<\/p>\n","protected":false},"excerpt":{"rendered":"<p>\u00a0 \u00a0 Contando com grande atua\u00e7\u00e3o do oposto Alan e do ponteiro Lucarelli, o Brasil derrotou a Eslov\u00eania por 3 sets a 1 (parciais 23\/25, 25\/23, 26\/24 e 25\/21), neste s\u00e1bado em Orleans (Fran\u00e7a), em partida v\u00e1lida pela segunda semana da fase inicial da Liga das Na\u00e7\u00f5es de v\u00f4lei masculino. \u00c9 VIT\u00d3\u00d3\u00d3\u00d3\u00d3\u00d3\u00d3RIA! \ud83c\udfd0\ud83c\udde7\ud83c\uddf7 Outra grande [\u2026]<\/p>\n<p>O post <a rel=\"nofollow\" href=\"https:\/\/wscom.com.br\/liga-das-nacoes-brasil-retoma-caminho-das-vitorias-contra-a-eslovenia\/\">Liga das Na\u00e7\u00f5es: Brasil retoma caminho das vit\u00f3rias contra a Eslov\u00eania<\/a> apareceu primeiro em <a rel=\"nofollow\" href=\"https:\/\/wscom.com.br\/\">WSCOM<\/a>.<\/p>\n","protected":false},"author":42,"featured_media":0,"comment_status":"closed","ping_status":"closed","sticky":false,"template":"","format":"standard","meta":{"advgb_blocks_editor_width":"","advgb_blocks_columns_visual_guide":"","footnotes":""},"categories":[115,5295,207,426,5296,34,5297,5298],"tags":[35],"class_list":["post-22309","post","type-post","status-publish","format-standard","hentry","category-brasil","category-eslovenia","category-esporte","category-esportes","category-fivb","category-g1","category-liga-das-nacoes","category-volei","tag-g1"],"author_meta":{"display_name":"Rafael Andrade","author_link":"https:\/\/sindaopcpb.org.br\/author\/rafael-andrade\/"},"featured_img":null,"coauthors":[],"tax_additional":{"categories":{"linked":["<a href=\"https:\/\/sindaopcpb.org.br\/brasil\/\" class=\"advgb-post-tax-term\">Brasil<\/a>","<a href=\"https:\/\/sindaopcpb.org.br\/eslovenia\/\" class=\"advgb-post-tax-term\">Eslov\u00eania<\/a>","<a href=\"https:\/\/sindaopcpb.org.br\/esporte\/\" class=\"advgb-post-tax-term\">Esporte<\/a>","<a href=\"https:\/\/sindaopcpb.org.br\/esportes\/\" class=\"advgb-post-tax-term\">esportes<\/a>","<a href=\"https:\/\/sindaopcpb.org.br\/fivb\/\" class=\"advgb-post-tax-term\">FIVB<\/a>","<a href=\"https:\/\/sindaopcpb.org.br\/g1\/\" class=\"advgb-post-tax-term\">G1<\/a>","<a href=\"https:\/\/sindaopcpb.org.br\/liga-das-nacoes\/\" class=\"advgb-post-tax-term\">liga das na\u00e7\u00f5es<\/a>","<a href=\"https:\/\/sindaopcpb.org.br\/volei\/\" class=\"advgb-post-tax-term\">volei<\/a>"],"unlinked":["<span class=\"advgb-post-tax-term\">Brasil<\/span>","<span class=\"advgb-post-tax-term\">Eslov\u00eania<\/span>","<span class=\"advgb-post-tax-term\">Esporte<\/span>","<span class=\"advgb-post-tax-term\">esportes<\/span>","<span class=\"advgb-post-tax-term\">FIVB<\/span>","<span class=\"advgb-post-tax-term\">G1<\/span>","<span class=\"advgb-post-tax-term\">liga das na\u00e7\u00f5es<\/span>","<span class=\"advgb-post-tax-term\">volei<\/span>"]},"tags":{"linked":["<a href=\"https:\/\/sindaopcpb.org.br\/volei\/\" class=\"advgb-post-tax-term\">g1<\/a>"],"unlinked":["<span class=\"advgb-post-tax-term\">g1<\/span>"]}},"comment_count":"0","relative_dates":{"created":"Publicado 3 anos atr\u00e1s","modified":"Atualizado 3 anos atr\u00e1s"},"absolute_dates":{"created":"Publicado em 24 de junho de 2023","modified":"Atualizado em 24 de junho de 2023"},"absolute_dates_time":{"created":"Publicado em 24 de junho de 2023 17:29","modified":"Atualizado em 24 de junho de 2023 17:29"},"featured_img_caption":"","series_order":"","_links":{"self":[{"href":"https:\/\/sindaopcpb.org.br\/index.php\/wp-json\/wp\/v2\/posts\/22309","targetHints":{"allow":["GET"]}}],"collection":[{"href":"https:\/\/sindaopcpb.org.br\/index.php\/wp-json\/wp\/v2\/posts"}],"about":[{"href":"https:\/\/sindaopcpb.org.br\/index.php\/wp-json\/wp\/v2\/types\/post"}],"author":[{"embeddable":true,"href":"https:\/\/sindaopcpb.org.br\/index.php\/wp-json\/wp\/v2\/users\/42"}],"replies":[{"embeddable":true,"href":"https:\/\/sindaopcpb.org.br\/index.php\/wp-json\/wp\/v2\/comments?post=22309"}],"version-history":[{"count":1,"href":"https:\/\/sindaopcpb.org.br\/index.php\/wp-json\/wp\/v2\/posts\/22309\/revisions"}],"predecessor-version":[{"id":22310,"href":"https:\/\/sindaopcpb.org.br\/index.php\/wp-json\/wp\/v2\/posts\/22309\/revisions\/22310"}],"wp:attachment":[{"href":"https:\/\/sindaopcpb.org.br\/index.php\/wp-json\/wp\/v2\/media?parent=22309"}],"wp:term":[{"taxonomy":"category","embeddable":true,"href":"https:\/\/sindaopcpb.org.br\/index.php\/wp-json\/wp\/v2\/categories?post=22309"},{"taxonomy":"post_tag","embeddable":true,"href":"https:\/\/sindaopcpb.org.br\/index.php\/wp-json\/wp\/v2\/tags?post=22309"}],"curies":[{"name":"wp","href":"https:\/\/api.w.org\/{rel}","templated":true}]}}