{"id":22295,"date":"2023-06-24T14:23:19","date_gmt":"2023-06-24T17:23:19","guid":{"rendered":"https:\/\/wpa.wscom.com.br\/?p=908052"},"modified":"2023-06-24T14:23:19","modified_gmt":"2023-06-24T17:23:19","slug":"brasil-quer-eliminar-lampadas-com-mercurio-ate-2025","status":"publish","type":"post","link":"https:\/\/sindaopcpb.org.br\/index.php\/2023\/06\/24\/brasil-quer-eliminar-lampadas-com-mercurio-ate-2025\/","title":{"rendered":"Brasil quer eliminar l\u00e2mpadas com merc\u00fario at\u00e9 2025"},"content":{"rendered":"<p>&nbsp;<\/p>\n<p>&nbsp;<\/p>\n<p>O Brasil tem o compromisso de tirar todas as l\u00e2mpadas fluorescentes do mercado at\u00e9 2025. Essa meta foi definida no ano passado na quarta reuni\u00e3o da Confer\u00eancia das Partes (COP) da Conven\u00e7\u00e3o de Minamata. A ideia \u00e9 que elas sejam substitu\u00eddas por l\u00e2mpadas de led, que consomem menos energia e n\u00e3o cont\u00eam metais pesados.<img decoding=\"async\" src=\"https:\/\/agenciabrasil.ebc.com.br\/ebc.png?id=1540125&amp;o=node\" alt=\"\" title=\"\"><img decoding=\"async\" src=\"https:\/\/agenciabrasil.ebc.com.br\/ebc.gif?id=1540125&amp;o=node\" alt=\"\" title=\"\"><\/p>\n<p>As l\u00e2mpadas fluorescentes surgiram para substituir as antigas incandescentes, com a promessa de serem mais econ\u00f4micas e dur\u00e1veis, e n\u00e3o emitirem calor, mas cont\u00eam merc\u00fario na composi\u00e7\u00e3o, um metal altamente t\u00f3xico.<\/p>\n<p>\u201cNos seres humanos, ele [merc\u00fario] pode causar ataxia, problemas neuromotores, neurol\u00f3gicos, ele \u00e9 teratog\u00eanico [organismo que, estando presente durante a gesta\u00e7\u00e3o, produz uma altera\u00e7\u00e3o no desenvolvimento], na forma\u00e7\u00e3o dos fetos, ele \u00e9 bastante t\u00f3xico quando ligado \u00e0 quest\u00e3o neurol\u00f3gica e pode chegar at\u00e9 a morte\u201d, explica a bi\u00f3loga Alexandra Penedo de Pinho, da Universidade Federal do Rio de Janeiro (UFRJ).<\/p>\n<p>A reciclagem \u00e9 uma ferramenta poderosa, mas ainda insuficiente. Segundo a Associa\u00e7\u00e3o Brasileira para a Gest\u00e3o da Log\u00edstica Reversa de Produtos de Ilumina\u00e7\u00e3o (Reciclus), foram recicladas nos \u00faltimos seis anos no pa\u00eds 33 milh\u00f5es de l\u00e2mpadas fluorescentes, cerca de 5 milh\u00f5es por ano, n\u00famero bem inferior ao total que chega anualmente. Em 2022, foram importados 12 milh\u00f5es de l\u00e2mpadas.<\/p>\n<p>\u201cO desafio \u00e9 muito grande porque as pessoas precisam se conscientizar de que existem diversos res\u00edduos que s\u00e3o prejudiciais ao meio ambiente. E o meio ambiente j\u00e1 vem sofrendo as consequ\u00eancias por meio de desastres naturais. Aquele res\u00edduo que a gente joga em um lugar que n\u00e3o \u00e9 o correto, ele traz uma consequ\u00eancia para o mundo\u201d, aponta Camilla Horizonte, gerente de opera\u00e7\u00f5es da Reciclus.<\/p>\n<p>Na reciclagem, os componentes s\u00e3o separados: vidro, metais e p\u00f3 fosf\u00f3rico podem ser reutilizados. J\u00e1 o merc\u00fario \u00e9 extra\u00eddo por estas tubula\u00e7\u00f5es conectadas a um filtro de carv\u00e3o, que depois \u00e9 destinado a um aterro sanit\u00e1rio especial.<\/p>\n<p>O post <a rel=\"nofollow noopener\" href=\"https:\/\/wscom.com.br\/brasil-quer-eliminar-lampadas-com-mercurio-ate-2025\/\" target=\"_blank\">Brasil quer eliminar l\u00e2mpadas com merc\u00fario at\u00e9 2025<\/a> apareceu primeiro em <a rel=\"nofollow noopener\" href=\"https:\/\/wscom.com.br\/\" target=\"_blank\">WSCOM<\/a>.<\/p>\n","protected":false},"excerpt":{"rendered":"<p>\u00a0 \u00a0 O Brasil tem o compromisso de tirar todas as l\u00e2mpadas fluorescentes do mercado at\u00e9 2025. Essa meta foi definida no ano passado na quarta reuni\u00e3o da Confer\u00eancia das Partes (COP) da Conven\u00e7\u00e3o de Minamata. A ideia \u00e9 que elas sejam substitu\u00eddas por l\u00e2mpadas de led, que consomem menos energia e n\u00e3o cont\u00eam metais [\u2026]<\/p>\n<p>O post <a rel=\"nofollow\" href=\"https:\/\/wscom.com.br\/brasil-quer-eliminar-lampadas-com-mercurio-ate-2025\/\">Brasil quer eliminar l\u00e2mpadas com merc\u00fario at\u00e9 2025<\/a> apareceu primeiro em <a rel=\"nofollow\" href=\"https:\/\/wscom.com.br\/\">WSCOM<\/a>.<\/p>\n","protected":false},"author":42,"featured_media":0,"comment_status":"closed","ping_status":"closed","sticky":false,"template":"","format":"standard","meta":{"advgb_blocks_editor_width":"","advgb_blocks_columns_visual_guide":"","footnotes":""},"categories":[115,34,5279,950,5280],"tags":[35],"class_list":["post-22295","post","type-post","status-publish","format-standard","hentry","category-brasil","category-g1","category-lampadas-fluorescentes","category-meio-ambiente","category-mercurio","tag-g1"],"author_meta":{"display_name":"Rafael Andrade","author_link":"https:\/\/sindaopcpb.org.br\/author\/rafael-andrade\/"},"featured_img":null,"coauthors":[],"tax_additional":{"categories":{"linked":["<a href=\"https:\/\/sindaopcpb.org.br\/brasil\/\" class=\"advgb-post-tax-term\">Brasil<\/a>","<a href=\"https:\/\/sindaopcpb.org.br\/g1\/\" class=\"advgb-post-tax-term\">G1<\/a>","<a href=\"https:\/\/sindaopcpb.org.br\/lampadas-fluorescentes\/\" class=\"advgb-post-tax-term\">l\u00e2mpadas fluorescentes<\/a>","<a href=\"https:\/\/sindaopcpb.org.br\/meio-ambiente\/\" class=\"advgb-post-tax-term\">Meio Ambiente<\/a>","<a href=\"https:\/\/sindaopcpb.org.br\/mercurio\/\" class=\"advgb-post-tax-term\">Merc\u00fario<\/a>"],"unlinked":["<span class=\"advgb-post-tax-term\">Brasil<\/span>","<span class=\"advgb-post-tax-term\">G1<\/span>","<span class=\"advgb-post-tax-term\">l\u00e2mpadas fluorescentes<\/span>","<span class=\"advgb-post-tax-term\">Meio Ambiente<\/span>","<span class=\"advgb-post-tax-term\">Merc\u00fario<\/span>"]},"tags":{"linked":["<a href=\"https:\/\/sindaopcpb.org.br\/mercurio\/\" class=\"advgb-post-tax-term\">g1<\/a>"],"unlinked":["<span class=\"advgb-post-tax-term\">g1<\/span>"]}},"comment_count":"0","relative_dates":{"created":"Publicado 3 anos atr\u00e1s","modified":"Atualizado 3 anos atr\u00e1s"},"absolute_dates":{"created":"Publicado em 24 de junho de 2023","modified":"Atualizado em 24 de junho de 2023"},"absolute_dates_time":{"created":"Publicado em 24 de junho de 2023 14:23","modified":"Atualizado em 24 de junho de 2023 14:23"},"featured_img_caption":"","series_order":"","_links":{"self":[{"href":"https:\/\/sindaopcpb.org.br\/index.php\/wp-json\/wp\/v2\/posts\/22295","targetHints":{"allow":["GET"]}}],"collection":[{"href":"https:\/\/sindaopcpb.org.br\/index.php\/wp-json\/wp\/v2\/posts"}],"about":[{"href":"https:\/\/sindaopcpb.org.br\/index.php\/wp-json\/wp\/v2\/types\/post"}],"author":[{"embeddable":true,"href":"https:\/\/sindaopcpb.org.br\/index.php\/wp-json\/wp\/v2\/users\/42"}],"replies":[{"embeddable":true,"href":"https:\/\/sindaopcpb.org.br\/index.php\/wp-json\/wp\/v2\/comments?post=22295"}],"version-history":[{"count":1,"href":"https:\/\/sindaopcpb.org.br\/index.php\/wp-json\/wp\/v2\/posts\/22295\/revisions"}],"predecessor-version":[{"id":22296,"href":"https:\/\/sindaopcpb.org.br\/index.php\/wp-json\/wp\/v2\/posts\/22295\/revisions\/22296"}],"wp:attachment":[{"href":"https:\/\/sindaopcpb.org.br\/index.php\/wp-json\/wp\/v2\/media?parent=22295"}],"wp:term":[{"taxonomy":"category","embeddable":true,"href":"https:\/\/sindaopcpb.org.br\/index.php\/wp-json\/wp\/v2\/categories?post=22295"},{"taxonomy":"post_tag","embeddable":true,"href":"https:\/\/sindaopcpb.org.br\/index.php\/wp-json\/wp\/v2\/tags?post=22295"}],"curies":[{"name":"wp","href":"https:\/\/api.w.org\/{rel}","templated":true}]}}