{"id":22285,"date":"2023-06-24T11:57:31","date_gmt":"2023-06-24T14:57:31","guid":{"rendered":"https:\/\/wpa.wscom.com.br\/?p=908039"},"modified":"2023-06-24T11:57:31","modified_gmt":"2023-06-24T14:57:31","slug":"comerciante-e-assassinado-a-tiros-na-porta-de-casa-no-sertao-paraibano","status":"publish","type":"post","link":"https:\/\/sindaopcpb.org.br\/index.php\/2023\/06\/24\/comerciante-e-assassinado-a-tiros-na-porta-de-casa-no-sertao-paraibano\/","title":{"rendered":"Comerciante \u00e9 assassinado a tiros na porta de casa no Sert\u00e3o paraibano"},"content":{"rendered":"<p>&nbsp;<\/p>\n<p>&nbsp;<\/p>\n<p>Um homem foi assassinado a tiros em frente a sua pr\u00f3pria casa na manh\u00e3 deste s\u00e1bado (24). O crime ocorreu no munic\u00edpio de Boa Ventura, Sert\u00e3o do estado. Jos\u00e9 Carlos Alves dos Santos, conhecido popularmente como &#8216;Porf\u00edrio&#8217;, era comerciante e trabalhava com venda de bebidas.<\/p>\n<p>De acordo com informa\u00e7\u00f5es da pol\u00edcia, ele estaria voltando de festividades de S\u00e3o Jo\u00e3o quando foi surpreendido por um homem que chegou atirando com uma espingarda calibre 12. Jos\u00e9 Carlos faleceu no local.<\/p>\n<p>O suspeito fugiu e at\u00e9 o momento n\u00e3o foi preso. O caso deve ser investigado pela delegacia de pol\u00edcia civil da regi\u00e3o.<\/p>\n<p>&nbsp;<\/p>\n<p>O post <a rel=\"nofollow noopener\" href=\"https:\/\/wscom.com.br\/comerciante-e-assassinado-a-tiros-na-porta-de-casa-no-sertao-paraibano\/\" target=\"_blank\">Comerciante \u00e9 assassinado a tiros na porta de casa no Sert\u00e3o paraibano<\/a> apareceu primeiro em <a rel=\"nofollow noopener\" href=\"https:\/\/wscom.com.br\/\" target=\"_blank\">WSCOM<\/a>.<\/p>\n","protected":false},"excerpt":{"rendered":"<p>\u00a0 \u00a0 Um homem foi assassinado a tiros em frente a sua pr\u00f3pria casa na manh\u00e3 deste s\u00e1bado (24). O crime ocorreu no munic\u00edpio de Boa Ventura, Sert\u00e3o do estado. Jos\u00e9 Carlos Alves dos Santos, conhecido popularmente como \u2018Porf\u00edrio\u2019, era comerciante e trabalhava com venda de bebidas. De acordo com informa\u00e7\u00f5es da pol\u00edcia, ele estaria [\u2026]<\/p>\n<p>O post <a rel=\"nofollow\" href=\"https:\/\/wscom.com.br\/comerciante-e-assassinado-a-tiros-na-porta-de-casa-no-sertao-paraibano\/\">Comerciante \u00e9 assassinado a tiros na porta de casa no Sert\u00e3o paraibano<\/a> apareceu primeiro em <a rel=\"nofollow\" href=\"https:\/\/wscom.com.br\/\">WSCOM<\/a>.<\/p>\n","protected":false},"author":42,"featured_media":0,"comment_status":"closed","ping_status":"closed","sticky":false,"template":"","format":"standard","meta":{"advgb_blocks_editor_width":"","advgb_blocks_columns_visual_guide":"","footnotes":""},"categories":[685,2392,34,560,5276,66,5277],"tags":[35],"class_list":["post-22285","post","type-post","status-publish","format-standard","hentry","category-assassinato","category-boa-ventura","category-g1","category-homicidio","category-jose-carlos-alves-dos-santos","category-policial","category-porfirio","tag-g1"],"author_meta":{"display_name":"Rafael Andrade","author_link":"https:\/\/sindaopcpb.org.br\/author\/rafael-andrade\/"},"featured_img":null,"coauthors":[],"tax_additional":{"categories":{"linked":["<a href=\"https:\/\/sindaopcpb.org.br\/assassinato\/\" class=\"advgb-post-tax-term\">assassinato<\/a>","<a href=\"https:\/\/sindaopcpb.org.br\/boa-ventura\/\" class=\"advgb-post-tax-term\">boa ventura<\/a>","<a href=\"https:\/\/sindaopcpb.org.br\/g1\/\" class=\"advgb-post-tax-term\">G1<\/a>","<a href=\"https:\/\/sindaopcpb.org.br\/homicidio\/\" class=\"advgb-post-tax-term\">Homic\u00eddio<\/a>","<a href=\"https:\/\/sindaopcpb.org.br\/jose-carlos-alves-dos-santos\/\" class=\"advgb-post-tax-term\">Jos\u00e9 Carlos Alves dos Santos<\/a>","<a href=\"https:\/\/sindaopcpb.org.br\/policial\/\" class=\"advgb-post-tax-term\">Policial<\/a>","<a href=\"https:\/\/sindaopcpb.org.br\/porfirio\/\" class=\"advgb-post-tax-term\">Porf\u00edrio<\/a>"],"unlinked":["<span class=\"advgb-post-tax-term\">assassinato<\/span>","<span class=\"advgb-post-tax-term\">boa ventura<\/span>","<span class=\"advgb-post-tax-term\">G1<\/span>","<span class=\"advgb-post-tax-term\">Homic\u00eddio<\/span>","<span class=\"advgb-post-tax-term\">Jos\u00e9 Carlos Alves dos Santos<\/span>","<span class=\"advgb-post-tax-term\">Policial<\/span>","<span class=\"advgb-post-tax-term\">Porf\u00edrio<\/span>"]},"tags":{"linked":["<a href=\"https:\/\/sindaopcpb.org.br\/porfirio\/\" class=\"advgb-post-tax-term\">g1<\/a>"],"unlinked":["<span class=\"advgb-post-tax-term\">g1<\/span>"]}},"comment_count":"0","relative_dates":{"created":"Publicado 3 anos atr\u00e1s","modified":"Atualizado 3 anos atr\u00e1s"},"absolute_dates":{"created":"Publicado em 24 de junho de 2023","modified":"Atualizado em 24 de junho de 2023"},"absolute_dates_time":{"created":"Publicado em 24 de junho de 2023 11:57","modified":"Atualizado em 24 de junho de 2023 11:57"},"featured_img_caption":"","series_order":"","_links":{"self":[{"href":"https:\/\/sindaopcpb.org.br\/index.php\/wp-json\/wp\/v2\/posts\/22285","targetHints":{"allow":["GET"]}}],"collection":[{"href":"https:\/\/sindaopcpb.org.br\/index.php\/wp-json\/wp\/v2\/posts"}],"about":[{"href":"https:\/\/sindaopcpb.org.br\/index.php\/wp-json\/wp\/v2\/types\/post"}],"author":[{"embeddable":true,"href":"https:\/\/sindaopcpb.org.br\/index.php\/wp-json\/wp\/v2\/users\/42"}],"replies":[{"embeddable":true,"href":"https:\/\/sindaopcpb.org.br\/index.php\/wp-json\/wp\/v2\/comments?post=22285"}],"version-history":[{"count":1,"href":"https:\/\/sindaopcpb.org.br\/index.php\/wp-json\/wp\/v2\/posts\/22285\/revisions"}],"predecessor-version":[{"id":22286,"href":"https:\/\/sindaopcpb.org.br\/index.php\/wp-json\/wp\/v2\/posts\/22285\/revisions\/22286"}],"wp:attachment":[{"href":"https:\/\/sindaopcpb.org.br\/index.php\/wp-json\/wp\/v2\/media?parent=22285"}],"wp:term":[{"taxonomy":"category","embeddable":true,"href":"https:\/\/sindaopcpb.org.br\/index.php\/wp-json\/wp\/v2\/categories?post=22285"},{"taxonomy":"post_tag","embeddable":true,"href":"https:\/\/sindaopcpb.org.br\/index.php\/wp-json\/wp\/v2\/tags?post=22285"}],"curies":[{"name":"wp","href":"https:\/\/api.w.org\/{rel}","templated":true}]}}