{"id":22281,"date":"2023-06-24T11:03:51","date_gmt":"2023-06-24T14:03:51","guid":{"rendered":"https:\/\/www.infomoney.com.br\/?p=2169947"},"modified":"2023-06-24T11:03:51","modified_gmt":"2023-06-24T14:03:51","slug":"supremo-retoma-julgamento-sobre-piso-salarial-da-enfermagem","status":"publish","type":"post","link":"https:\/\/sindaopcpb.org.br\/index.php\/2023\/06\/24\/supremo-retoma-julgamento-sobre-piso-salarial-da-enfermagem\/","title":{"rendered":"Supremo retoma julgamento sobre piso salarial da enfermagem"},"content":{"rendered":"<p><img loading=\"lazy\" width=\"300\" height=\"196\" src=\"https:\/\/www.infomoney.com.br\/wp-content\/uploads\/2022\/09\/Captura-de-Tela-2022-09-06-a%CC%80s-13.42.44.png?fit=300%2C196&amp;quality=70&amp;strip=all\" class=\"attachment-medium size-medium wp-post-image\" alt=\"Ministro Lu\u00eds Roberto Barroso, do Supremo Tribunal Federal, em entrevista ao InfoMoney, na sede do portal em S\u00e3o Paulo (Foto: Thiago Vianna)\" decoding=\"async\" style=\"float:right; margin:0 0 10px 10px;\" srcset=\"https:\/\/www.infomoney.com.br\/wp-content\/uploads\/2022\/09\/Captura-de-Tela-2022-09-06-a\u0300s-13.42.44.png?w=807&amp;quality=70&amp;strip=all 807w, https:\/\/www.infomoney.com.br\/wp-content\/uploads\/2022\/09\/Captura-de-Tela-2022-09-06-a\u0300s-13.42.44.png?w=300&amp;quality=70&amp;strip=all 300w, https:\/\/www.infomoney.com.br\/wp-content\/uploads\/2022\/09\/Captura-de-Tela-2022-09-06-a\u0300s-13.42.44.png?w=768&amp;quality=70&amp;strip=all 768w, https:\/\/www.infomoney.com.br\/wp-content\/uploads\/2022\/09\/Captura-de-Tela-2022-09-06-a\u0300s-13.42.44.png?w=150&amp;quality=70&amp;strip=all 150w\" sizes=\"auto, (max-width: 300px) 100vw, 300px\" data-attachment-id=\"1929106\" data-permalink=\"https:\/\/www.infomoney.com.br\/politica\/barroso-diz-que-piso-da-enfermagem-violou-tres-ou-quatro-normas-da-constituicao-e-cita-fundeb-como-modelo\/attachment\/captura-de-tela-2022-09-06-as-13-42-44\/\" data-orig-file=\"https:\/\/www.infomoney.com.br\/wp-content\/uploads\/2022\/09\/Captura-de-Tela-2022-09-06-a\u0300s-13.42.44.png?fit=807%2C526&amp;quality=70&amp;strip=all\" data-orig-size=\"807,526\" data-comments-opened=\"0\" data-image-meta=\"{&quot;aperture&quot;:&quot;0&quot;,&quot;credit&quot;:&quot;&quot;,&quot;camera&quot;:&quot;&quot;,&quot;caption&quot;:&quot;&quot;,&quot;created_timestamp&quot;:&quot;0&quot;,&quot;copyright&quot;:&quot;&quot;,&quot;focal_length&quot;:&quot;0&quot;,&quot;iso&quot;:&quot;0&quot;,&quot;shutter_speed&quot;:&quot;0&quot;,&quot;title&quot;:&quot;&quot;,&quot;orientation&quot;:&quot;0&quot;}\" data-image-title=\"Ministro Lu\u00eds Roberto Barroso, do Supremo Tribunal Federal, em entrevista ao InfoMoney, na sede do portal em S\u00e3o Paulo (Foto: Thiago Vianna)\" data-image-description=\"&lt;p&gt;Ministro Lu\u00eds Roberto Barroso, do Supremo Tribunal Federal, em entrevista ao InfoMoney, na sede do portal em S\u00e3o Paulo (Foto: Thiago Vianna)&lt;\/p&gt;\n\" data-image-caption=\"&lt;p&gt;Ministro Lu\u00eds Roberto Barroso, do Supremo Tribunal Federal, em entrevista ao InfoMoney, na sede do portal em S\u00e3o Paulo (Foto: Thiago Vianna)&lt;\/p&gt;\n\" data-medium-file=\"https:\/\/www.infomoney.com.br\/wp-content\/uploads\/2022\/09\/Captura-de-Tela-2022-09-06-a\u0300s-13.42.44.png?fit=300%2C196&amp;quality=70&amp;strip=all\" data-large-file=\"https:\/\/www.infomoney.com.br\/wp-content\/uploads\/2022\/09\/Captura-de-Tela-2022-09-06-a\u0300s-13.42.44.png?fit=807%2C526&amp;quality=70&amp;strip=all\" title=\"\"><\/p>\n<p>O Supremo Tribunal Federal (STF) retomou o julgamento, nesta sexta-feira (23), da a\u00e7\u00e3o sobre a validade do pagamento do piso salarial nacional para os profissionais de enfermagem.<\/p>\n<p><a href=\"https:\/\/www.infomoney.com.br\/politica\/barroso-libera-piso-da-enfermagem-mas-abre-brecha-para-setor-privado-por-preocupacao-com-eventuais-demissoes\/\" rel=\"nofollow noopener\" target=\"_blank\">Em maio, o relator do processo, ministro Lu\u00eds Roberto Barroso, estabeleceu regras<\/a> para o pagamento do piso aos profissionais que trabalham no sistema de sa\u00fade de estados e munic\u00edpios nos limites dos valores recebidos pelo governo federal.<\/p>\n<p>Agora, os demais ministros da Corte julgam se referendam a decis\u00e3o de Barroso. A an\u00e1lise ocorre no plen\u00e1rio virtual, modalidade na qual os ministros inserem votos no sistema eletr\u00f4nico e n\u00e3o h\u00e1 delibera\u00e7\u00e3o presencial. A an\u00e1lise vai at\u00e9 30 de junho.<\/p>\n<p>O julgamento est\u00e1 sendo retomado ap\u00f3s dois pedidos de vista diante de diverg\u00eancias apresentadas pelos ministros em rela\u00e7\u00e3o \u00e0 operacionaliza\u00e7\u00e3o do pagamento.<\/p>\n<p>O novo piso para enfermeiros contratados sob o regime da Consolida\u00e7\u00e3o das Leis do Trabalho (CLT) \u00e9 de R$ 4.750, conforme definido pela Lei n\u00ba 14.434. T\u00e9cnicos de enfermagem recebem, no m\u00ednimo, 70% desse valor (R$ 3.325) e auxiliares de enfermagem e parteiras, 50% (R$ 2.375). Pela lei, o piso vale para trabalhadores dos setores p\u00fablico e privado.<\/p>\n<h2>Vota\u00e7\u00e3o<\/h2>\n<p>At\u00e9 o momento, n\u00e3o h\u00e1 defini\u00e7\u00e3o no placar do julgamento. Barroso e Gilmar Mendes se manifestaram para manter as condi\u00e7\u00f5es da decis\u00e3o que liberou o piso.<\/p>\n<p>Os ministros Dias Toffoli e Alexandre de Moraes apresentaram diverg\u00eancia em rela\u00e7\u00e3o ao pagamento para profissionais celetistas. O ministro Edson Fachin determinou o pagamento para todos os contratos p\u00fablicos e privados de trabalho.<\/p>\n<p>Mas Toffoli abriu uma nova via de entendimento para definir que, no caso de profissionais celetistas, o pagamento do piso deve ocorrer conforme negocia\u00e7\u00e3o coletiva da categoria na regi\u00e3o do pa\u00eds em que o profissional trabalha, devendo prevalecer o \u201cnegociado sobre o legislado\u201d.<\/p>\n<p>Toffoli tamb\u00e9m mant\u00e9m as condi\u00e7\u00f5es sugeridas pelos demais ministros. Para ele, o piso nacional deve ser pago conforme a lei para os profissionais que s\u00e3o servidores p\u00fablicos da Uni\u00e3o, de autarquias e de funda\u00e7\u00f5es p\u00fablicas federais.<\/p>\n<p>O piso tamb\u00e9m fica valendo para servidores p\u00fablicos dos estados e munic\u00edpios e do Distrito Federal, al\u00e9m dos enfermeiros contratados por entidades privadas que atendam 60% de pacientes oriundos do SUS.<\/p>\n<h2>Suspens\u00e3o<\/h2>\n<p>No ano passado, o pagamento do piso havia sido suspenso pelo STF devido \u00e0 falta de previs\u00e3o de recursos para garantir o pagamento dos profissionais, mas foi liberado ap\u00f3s o presidente Luiz In\u00e1cio Lula da Silva abrir cr\u00e9dito especial para o repasse de R$ 7,3 bilh\u00f5es para estados e munic\u00edpios pagarem o piso.<\/p>\n<p>The post <a rel=\"nofollow noopener\" href=\"https:\/\/www.infomoney.com.br\/politica\/supremo-retoma-julgamento-sobre-piso-salarial-da-enfermagem\/\" target=\"_blank\">Supremo retoma julgamento sobre piso salarial da enfermagem<\/a> appeared first on <a rel=\"nofollow noopener\" href=\"https:\/\/www.infomoney.com.br\/\" target=\"_blank\">InfoMoney<\/a>.<\/p>\n","protected":false},"excerpt":{"rendered":"<p><img loading=\"lazy\" decoding=\"async\" width=\"300\" height=\"196\" src=\"https:\/\/www.infomoney.com.br\/wp-content\/uploads\/2022\/09\/Captura-de-Tela-2022-09-06-a%CC%80s-13.42.44.png?fit=300%2C196&amp;quality=70&amp;strip=all\" class=\"attachment-medium size-medium wp-post-image\" alt=\"Ministro Lu\u00eds Roberto Barroso, do Supremo Tribunal Federal, em entrevista ao InfoMoney, na sede do portal em S\u00e3o Paulo (Foto: Thiago Vianna)\" data-attachment-id=\"1929106\" data-permalink=\"https:\/\/www.infomoney.com.br\/politica\/barroso-diz-que-piso-da-enfermagem-violou-tres-ou-quatro-normas-da-constituicao-e-cita-fundeb-como-modelo\/attachment\/captura-de-tela-2022-09-06-as-13-42-44\/\" data-orig-file=\"https:\/\/www.infomoney.com.br\/wp-content\/uploads\/2022\/09\/Captura-de-Tela-2022-09-06-a\u0300s-13.42.44.png?fit=807%2C526&amp;quality=70&amp;strip=all\" data-orig-size=\"807,526\" data-comments-opened=\"0\" data-image-meta='{\"aperture\":\"0\",\"credit\":\"\",\"camera\":\"\",\"caption\":\"\",\"created_timestamp\":\"0\",\"copyright\":\"\",\"focal_length\":\"0\",\"iso\":\"0\",\"shutter_speed\":\"0\",\"title\":\"\",\"orientation\":\"0\"}' data-image-title=\"Ministro Lu\u00eds Roberto Barroso, do Supremo Tribunal Federal, em entrevista ao InfoMoney, na sede do portal em S\u00e3o Paulo (Foto: Thiago Vianna)\" data-image-description=\"&lt;p&gt;Ministro Lu\u00eds Roberto Barroso, do Supremo Tribunal Federal, em entrevista ao InfoMoney, na sede do portal em S\u00e3o Paulo (Foto: Thiago Vianna)&lt;\/p&gt;\n\" data-image-caption=\"&lt;p&gt;Ministro Lu\u00eds Roberto Barroso, do Supremo Tribunal Federal, em entrevista ao InfoMoney, na sede do portal em S\u00e3o Paulo (Foto: Thiago Vianna)&lt;\/p&gt;\n\" data-medium-file=\"https:\/\/www.infomoney.com.br\/wp-content\/uploads\/2022\/09\/Captura-de-Tela-2022-09-06-a\u0300s-13.42.44.png?fit=300%2C196&amp;quality=70&amp;strip=all\" data-large-file=\"https:\/\/www.infomoney.com.br\/wp-content\/uploads\/2022\/09\/Captura-de-Tela-2022-09-06-a\u0300s-13.42.44.png?fit=807%2C526&amp;quality=70&amp;strip=all\">Em maio, relator estabeleceu regras para profissionais que trabalham para estados e munic\u00edpios; an\u00e1lise do caso vai at\u00e9 o dia 30 de junho<\/p>\n<p>The post <a rel=\"nofollow\" href=\"https:\/\/www.infomoney.com.br\/politica\/supremo-retoma-julgamento-sobre-piso-salarial-da-enfermagem\/\">Supremo retoma julgamento sobre piso salarial da enfermagem<\/a> appeared first on <a rel=\"nofollow\" href=\"https:\/\/www.infomoney.com.br\/\">InfoMoney<\/a>.<\/p>\n","protected":false},"author":56,"featured_media":0,"comment_status":"closed","ping_status":"closed","sticky":false,"template":"","format":"standard","meta":{"advgb_blocks_editor_width":"","advgb_blocks_columns_visual_guide":"","footnotes":""},"categories":[69,1048,34,1391,2937,47,449],"tags":[35],"class_list":["post-22281","post","type-post","status-publish","format-standard","hentry","category-economia","category-enfermagem","category-g1","category-luis-roberto-barroso","category-piso-nacional-da-enfermagem","category-politica","category-stf","tag-g1"],"author_meta":{"display_name":"Rikardy Tooge","author_link":"https:\/\/sindaopcpb.org.br\/author\/rikardy-tooge\/"},"featured_img":null,"coauthors":[],"tax_additional":{"categories":{"linked":["<a href=\"https:\/\/sindaopcpb.org.br\/economia\/\" class=\"advgb-post-tax-term\">Economia<\/a>","<a href=\"https:\/\/sindaopcpb.org.br\/enfermagem\/\" class=\"advgb-post-tax-term\">ENFERMAGEM<\/a>","<a href=\"https:\/\/sindaopcpb.org.br\/g1\/\" class=\"advgb-post-tax-term\">G1<\/a>","<a href=\"https:\/\/sindaopcpb.org.br\/luis-roberto-barroso\/\" class=\"advgb-post-tax-term\">Lu\u00eds Roberto Barroso<\/a>","<a href=\"https:\/\/sindaopcpb.org.br\/piso-nacional-da-enfermagem\/\" class=\"advgb-post-tax-term\">Piso Nacional da Enfermagem<\/a>","<a href=\"https:\/\/sindaopcpb.org.br\/politica\/\" class=\"advgb-post-tax-term\">POLITICA<\/a>","<a href=\"https:\/\/sindaopcpb.org.br\/stf\/\" class=\"advgb-post-tax-term\">STF<\/a>"],"unlinked":["<span class=\"advgb-post-tax-term\">Economia<\/span>","<span class=\"advgb-post-tax-term\">ENFERMAGEM<\/span>","<span class=\"advgb-post-tax-term\">G1<\/span>","<span class=\"advgb-post-tax-term\">Lu\u00eds Roberto Barroso<\/span>","<span class=\"advgb-post-tax-term\">Piso Nacional da Enfermagem<\/span>","<span class=\"advgb-post-tax-term\">POLITICA<\/span>","<span class=\"advgb-post-tax-term\">STF<\/span>"]},"tags":{"linked":["<a href=\"https:\/\/sindaopcpb.org.br\/stf\/\" class=\"advgb-post-tax-term\">g1<\/a>"],"unlinked":["<span class=\"advgb-post-tax-term\">g1<\/span>"]}},"comment_count":"0","relative_dates":{"created":"Publicado 3 anos atr\u00e1s","modified":"Atualizado 3 anos atr\u00e1s"},"absolute_dates":{"created":"Publicado em 24 de junho de 2023","modified":"Atualizado em 24 de junho de 2023"},"absolute_dates_time":{"created":"Publicado em 24 de junho de 2023 11:03","modified":"Atualizado em 24 de junho de 2023 11:03"},"featured_img_caption":"","series_order":"","_links":{"self":[{"href":"https:\/\/sindaopcpb.org.br\/index.php\/wp-json\/wp\/v2\/posts\/22281","targetHints":{"allow":["GET"]}}],"collection":[{"href":"https:\/\/sindaopcpb.org.br\/index.php\/wp-json\/wp\/v2\/posts"}],"about":[{"href":"https:\/\/sindaopcpb.org.br\/index.php\/wp-json\/wp\/v2\/types\/post"}],"author":[{"embeddable":true,"href":"https:\/\/sindaopcpb.org.br\/index.php\/wp-json\/wp\/v2\/users\/56"}],"replies":[{"embeddable":true,"href":"https:\/\/sindaopcpb.org.br\/index.php\/wp-json\/wp\/v2\/comments?post=22281"}],"version-history":[{"count":1,"href":"https:\/\/sindaopcpb.org.br\/index.php\/wp-json\/wp\/v2\/posts\/22281\/revisions"}],"predecessor-version":[{"id":22282,"href":"https:\/\/sindaopcpb.org.br\/index.php\/wp-json\/wp\/v2\/posts\/22281\/revisions\/22282"}],"wp:attachment":[{"href":"https:\/\/sindaopcpb.org.br\/index.php\/wp-json\/wp\/v2\/media?parent=22281"}],"wp:term":[{"taxonomy":"category","embeddable":true,"href":"https:\/\/sindaopcpb.org.br\/index.php\/wp-json\/wp\/v2\/categories?post=22281"},{"taxonomy":"post_tag","embeddable":true,"href":"https:\/\/sindaopcpb.org.br\/index.php\/wp-json\/wp\/v2\/tags?post=22281"}],"curies":[{"name":"wp","href":"https:\/\/api.w.org\/{rel}","templated":true}]}}