{"id":22277,"date":"2023-06-24T10:35:47","date_gmt":"2023-06-24T13:35:47","guid":{"rendered":"https:\/\/wpa.wscom.com.br\/?p=908035"},"modified":"2023-06-24T10:35:47","modified_gmt":"2023-06-24T13:35:47","slug":"lula-aposta-em-definicao-sobre-acordo-mercosul-ue-ainda-em-2023","status":"publish","type":"post","link":"https:\/\/sindaopcpb.org.br\/index.php\/2023\/06\/24\/lula-aposta-em-definicao-sobre-acordo-mercosul-ue-ainda-em-2023\/","title":{"rendered":"Lula aposta em defini\u00e7\u00e3o sobre acordo Mercosul-UE ainda em 2023"},"content":{"rendered":"<p>&nbsp;<\/p>\n<p>&nbsp;<\/p>\n<p>O presidente Luiz In\u00e1cio Lula da Silva afirmou, neste s\u00e1bado (24), que ainda acredita em um comum acordo com a Uni\u00e3o Europeia na parceria com o Mercosul. Ele disse que a resposta dos pa\u00edses do Sul sobre a carta adicional dos pa\u00edses europeus deve ser respondida at\u00e9 o final deste ano. Para o brasileiro, o\u00a0protecionismo\u00a0tem dificultado a aprova\u00e7\u00e3o do acordo. Lula cumpriu agenda na It\u00e1lia e na Fran\u00e7a nesta semana e falou com a imprensa em Paris neste s\u00e1bado, antes de embarcar de volta para o Brasil.\u00a0<img decoding=\"async\" src=\"https:\/\/agenciabrasil.ebc.com.br\/ebc.png?id=1540196&amp;o=node\" alt=\"\" title=\"\"><img decoding=\"async\" src=\"https:\/\/agenciabrasil.ebc.com.br\/ebc.gif?id=1540196&amp;o=node\" alt=\"\" title=\"\"><\/p>\n<p>\u201cO fato de ter dois pontos nervosos e dois pontos considerados essenciais para os dois lados, a gente n\u00e3o pode fazer acordo com esses, mas vamos melhorar outras coisas. Precisamos fazer o acordo com a Uni\u00e3o Europeia e a Uni\u00e3o Europeia precisa do Mercosul, com a Am\u00e9rica do Sul e com a Am\u00e9rica Latina. Ficamos de responder a carta adicional da Uni\u00e3o Europeia e penso que at\u00e9 o final do ano a gente tem uma decis\u00e3o sobre o assunto\u201d, declarou \u00e0 imprensa.<\/p>\n<p>Lula disse ainda que o presidente da Fran\u00e7a, Emmanuel Macron, tem dificuldades no Congresso franc\u00eas, e que \u00e9 normal o pa\u00eds defender a sua agricultura. \u201cEle [Macron] tem dificuldades no Congresso, mas se a gente puder conversar com nossos amigos mais \u00e0 esquerda para poder ajudar, para que seja aprovado o acordo no Mercosul, n\u00f3s vamos conversar com todos os amigos da Fran\u00e7a para convencer da import\u00e2ncia, porque n\u00e3o \u00e9 o protecionismo que vai ajudar\u201d. \u00a0Macron sofre press\u00e3o do Parlamento franc\u00eas que \u00e9 contra o tratado por raz\u00f5es de protecionismo, principalmente agr\u00edcola.<\/p>\n<p>Lula criticou o protecionismo dos pa\u00edses ricos. \u201cDos anos 80 para c\u00e1, tudo o que as pessoas falavam \u00e9 de que quanto mais abertura melhor, quanto mais livre com\u00e9rcio melhor, mas quando chega \u00e0s vezes dos pa\u00edses em desenvolvimento de competir em igualdade de condi\u00e7\u00f5es, os mais ricos viram protecionistas\u201d.<\/p>\n<p>Na capital francesa, Lula teve\u00a0reuni\u00e3o bilateral com o presidente franc\u00eas\u00a0e tratou da aprova\u00e7\u00e3o, na semana passada, pela Assembleia Nacional da Fran\u00e7a, de uma resolu\u00e7\u00e3o contra a ratifica\u00e7\u00e3o do acordo Mercosul-Uni\u00e3o Europeia (UE). Lula \u00e9 contra a flexibiliza\u00e7\u00e3o das regras sobre compras governamentais previstas no acordo.<\/p>\n<p>Segundo o presidente, o assunto \u00e9 importante tamb\u00e9m para o encontro da Comunidade dos Estados da Am\u00e9rica Latina e do Caribe (Celac). \u201cO assunto \u00e9 importante para Uni\u00e3o Europeia e Mercosul, mas tamb\u00e9m para estabelecermos uma nova rodada de conversa\u00e7\u00e3o para ver se a gente aproxima de acordo tamb\u00e9m na Celac\u201d. A UE e a Celac far\u00e3o uma c\u00fapula em Bruxelas, capital da B\u00e9lgica, entre os dias 17 e 18 de julho.<\/p>\n<p><strong>Investimentos sauditas<\/strong><\/p>\n<p>Durante a coletiva, Lula explicou\u00a0por que n\u00e3o se encontrou com o pr\u00edncipe da Ar\u00e1bia Saudita, Mohamed Bin Salman. \u201cQuero conversar com todas as pessoas que querem fazer investimento no Brasil, at\u00e9 para saber qual \u00e9 a qualidade dos investimentos. Simplesmente n\u00e3o tiver condi\u00e7\u00f5es de participar da reuni\u00e3o. Vou pedir para que o Itamaraty o convoque para ir ao Brasil discutir neg\u00f3cios com os empres\u00e1rios brasileiros.\u00a0Temos muitos interesses em que Ar\u00e1bia Saudita fa\u00e7a neg\u00f3cios no Brasil, sobretudo, na quest\u00e3o da transi\u00e7\u00e3o energ\u00e9tica, porque vamos apresentar um grande projeto ainda neste m\u00eas de julho\u201d, anunciou.<\/p>\n<p>A assessoria de imprensa do Pal\u00e1cio do Planalto informou na sexta-feira (23) que o encontro que o presidente Lula teria com o pr\u00edncipe da Ar\u00e1bia Saudita, Mohamed Bin Salman, foi cancelado. De acordo com o governo, o compromisso com Macron acabou muito tarde, refor\u00e7ando a necessidade de cancelar a agenda com o pr\u00edncipe \u00e1rabe.<\/p>\n<p>Segundo a assessoria, Lula tem tido uma \u201cagenda muito intensa\u201d nesta viagem \u00e0 Fran\u00e7a e \u00e0 It\u00e1lia. O jantar entre o presidente brasileiro e Bin Salman ocorreria no in\u00edcio da noite, no hor\u00e1rio de Paris.<\/p>\n<p>O nome de Bin Salman circulou no Brasil recentemente ap\u00f3s virem \u00e0 tona dois kits de joias de valores milion\u00e1rios\u00a0que teriam sido presenteados por ele a Jair Bolsonaro, quando ainda era presidente da Rep\u00fablica, e \u00e0 sua esposa, Michelle. A tentativa de Bolsonaro de ficar com os presentes, que, pelo alto valor, deveriam ser remetidos ao acervo da Presid\u00eancia da Rep\u00fablica, repercutiu na imprensa e chamou aten\u00e7\u00e3o do Tribunal de Contas da Uni\u00e3o e da Receita Federal, dentre outros \u00f3rg\u00e3os.<\/p>\n<p>Lula refor\u00e7ou que o cancelamento do encontro n\u00e3o tem liga\u00e7\u00e3o com o assunto. \u201cIndependentemente da joia, at\u00e9 porque isso n\u00e3o \u00e9 comigo. Se tiver empres\u00e1rio saudita que queira fazer investimento no Brasil, o pa\u00eds vai conversar porque precisamos fazer a economia brasileira crescer\u201d, destacou.<\/p>\n<p>O post <a rel=\"nofollow noopener\" href=\"https:\/\/wscom.com.br\/lula-aposta-em-definicao-sobre-acordo-mercosul-ue-ainda-em-2023\/\" target=\"_blank\">Lula aposta em defini\u00e7\u00e3o sobre acordo Mercosul-UE ainda em 2023<\/a> apareceu primeiro em <a rel=\"nofollow noopener\" href=\"https:\/\/wscom.com.br\/\" target=\"_blank\">WSCOM<\/a>.<\/p>\n","protected":false},"excerpt":{"rendered":"<p>\u00a0 \u00a0 O presidente Luiz In\u00e1cio Lula da Silva afirmou, neste s\u00e1bado (24), que ainda acredita em um comum acordo com a Uni\u00e3o Europeia na parceria com o Mercosul. Ele disse que a resposta dos pa\u00edses do Sul sobre a carta adicional dos pa\u00edses europeus deve ser respondida at\u00e9 o final deste ano. Para o [\u2026]<\/p>\n<p>O post <a rel=\"nofollow\" href=\"https:\/\/wscom.com.br\/lula-aposta-em-definicao-sobre-acordo-mercosul-ue-ainda-em-2023\/\">Lula aposta em defini\u00e7\u00e3o sobre acordo Mercosul-UE ainda em 2023<\/a> apareceu primeiro em <a rel=\"nofollow\" href=\"https:\/\/wscom.com.br\/\">WSCOM<\/a>.<\/p>\n","protected":false},"author":42,"featured_media":0,"comment_status":"closed","ping_status":"closed","sticky":false,"template":"","format":"standard","meta":{"advgb_blocks_editor_width":"","advgb_blocks_columns_visual_guide":"","footnotes":""},"categories":[60,5273,4544,1958,34,110,1473,1474],"tags":[35],"class_list":["post-22277","post","type-post","status-publish","format-standard","hentry","category-brasil-mundo","category-celac","category-emmanuel-macron","category-franca","category-g1","category-lula","category-mercosul","category-uniao-europeia","tag-g1"],"author_meta":{"display_name":"Rafael Andrade","author_link":"https:\/\/sindaopcpb.org.br\/author\/rafael-andrade\/"},"featured_img":null,"coauthors":[],"tax_additional":{"categories":{"linked":["<a href=\"https:\/\/sindaopcpb.org.br\/brasil-mundo\/\" class=\"advgb-post-tax-term\">Brasil \/ Mundo<\/a>","<a href=\"https:\/\/sindaopcpb.org.br\/celac\/\" class=\"advgb-post-tax-term\">Celac<\/a>","<a href=\"https:\/\/sindaopcpb.org.br\/emmanuel-macron\/\" class=\"advgb-post-tax-term\">Emmanuel Macron<\/a>","<a href=\"https:\/\/sindaopcpb.org.br\/franca\/\" class=\"advgb-post-tax-term\">fran\u00e7a<\/a>","<a href=\"https:\/\/sindaopcpb.org.br\/g1\/\" class=\"advgb-post-tax-term\">G1<\/a>","<a href=\"https:\/\/sindaopcpb.org.br\/lula\/\" class=\"advgb-post-tax-term\">Lula<\/a>","<a href=\"https:\/\/sindaopcpb.org.br\/mercosul\/\" class=\"advgb-post-tax-term\">Mercosul<\/a>","<a href=\"https:\/\/sindaopcpb.org.br\/uniao-europeia\/\" class=\"advgb-post-tax-term\">Uni\u00e3o Europeia<\/a>"],"unlinked":["<span class=\"advgb-post-tax-term\">Brasil \/ Mundo<\/span>","<span class=\"advgb-post-tax-term\">Celac<\/span>","<span class=\"advgb-post-tax-term\">Emmanuel Macron<\/span>","<span class=\"advgb-post-tax-term\">fran\u00e7a<\/span>","<span class=\"advgb-post-tax-term\">G1<\/span>","<span class=\"advgb-post-tax-term\">Lula<\/span>","<span class=\"advgb-post-tax-term\">Mercosul<\/span>","<span class=\"advgb-post-tax-term\">Uni\u00e3o Europeia<\/span>"]},"tags":{"linked":["<a href=\"https:\/\/sindaopcpb.org.br\/uniao-europeia\/\" class=\"advgb-post-tax-term\">g1<\/a>"],"unlinked":["<span class=\"advgb-post-tax-term\">g1<\/span>"]}},"comment_count":"0","relative_dates":{"created":"Publicado 3 anos atr\u00e1s","modified":"Atualizado 3 anos atr\u00e1s"},"absolute_dates":{"created":"Publicado em 24 de junho de 2023","modified":"Atualizado em 24 de junho de 2023"},"absolute_dates_time":{"created":"Publicado em 24 de junho de 2023 10:35","modified":"Atualizado em 24 de junho de 2023 10:35"},"featured_img_caption":"","series_order":"","_links":{"self":[{"href":"https:\/\/sindaopcpb.org.br\/index.php\/wp-json\/wp\/v2\/posts\/22277","targetHints":{"allow":["GET"]}}],"collection":[{"href":"https:\/\/sindaopcpb.org.br\/index.php\/wp-json\/wp\/v2\/posts"}],"about":[{"href":"https:\/\/sindaopcpb.org.br\/index.php\/wp-json\/wp\/v2\/types\/post"}],"author":[{"embeddable":true,"href":"https:\/\/sindaopcpb.org.br\/index.php\/wp-json\/wp\/v2\/users\/42"}],"replies":[{"embeddable":true,"href":"https:\/\/sindaopcpb.org.br\/index.php\/wp-json\/wp\/v2\/comments?post=22277"}],"version-history":[{"count":1,"href":"https:\/\/sindaopcpb.org.br\/index.php\/wp-json\/wp\/v2\/posts\/22277\/revisions"}],"predecessor-version":[{"id":22278,"href":"https:\/\/sindaopcpb.org.br\/index.php\/wp-json\/wp\/v2\/posts\/22277\/revisions\/22278"}],"wp:attachment":[{"href":"https:\/\/sindaopcpb.org.br\/index.php\/wp-json\/wp\/v2\/media?parent=22277"}],"wp:term":[{"taxonomy":"category","embeddable":true,"href":"https:\/\/sindaopcpb.org.br\/index.php\/wp-json\/wp\/v2\/categories?post=22277"},{"taxonomy":"post_tag","embeddable":true,"href":"https:\/\/sindaopcpb.org.br\/index.php\/wp-json\/wp\/v2\/tags?post=22277"}],"curies":[{"name":"wp","href":"https:\/\/api.w.org\/{rel}","templated":true}]}}