{"id":22273,"date":"2023-06-24T09:03:13","date_gmt":"2023-06-24T12:03:13","guid":{"rendered":"https:\/\/wpa.wscom.com.br\/?p=908015"},"modified":"2023-06-24T09:03:13","modified_gmt":"2023-06-24T12:03:13","slug":"crise-na-russia-putin-vai-a-tv-diz-que-foi-traido-e-promete-neutralizar-adversarios","status":"publish","type":"post","link":"https:\/\/sindaopcpb.org.br\/index.php\/2023\/06\/24\/crise-na-russia-putin-vai-a-tv-diz-que-foi-traido-e-promete-neutralizar-adversarios\/","title":{"rendered":"Crise na R\u00fassia: Putin vai \u00e0 TV, diz que foi tra\u00eddo e promete \u201cneutralizar\u201d advers\u00e1rios"},"content":{"rendered":"<p>&nbsp;<\/p>\n<p>&nbsp;<\/p>\n<p>No discurso proferido no s\u00e1bado (24), o presidente russo Vladimir Putin anunciou que as for\u00e7as russas receberam ordens para neutralizar aqueles que organizaram uma rebeli\u00e3o armada contra o pa\u00eds,\u00a0segundo informa a ag\u00eancia Sputnik. Putin deixou claro que aqueles que tra\u00edram a R\u00fassia, levantando armas contra seus pr\u00f3prios companheiros de combate, enfrentar\u00e3o as consequ\u00eancias de suas a\u00e7\u00f5es. O pronunciamento ocorreu depois que o chefe do grupo Wagner, Yevgeny Prigozhin, defendeu uma rebeli\u00e3o armada.<\/p>\n<p>Durante seu discurso, Putin ressaltou a import\u00e2ncia da uni\u00e3o e da responsabilidade para enfrentar essa batalha crucial pelo destino do povo russo. Ele enfatizou que qualquer conflito interno que possa ser explorado por inimigos externos deve ser deixado de lado, pois isso enfraquece a na\u00e7\u00e3o. O presidente russo condenou a tentativa de dividir a sociedade como uma trai\u00e7\u00e3o e um golpe nas costas do pa\u00eds.<\/p>\n<p>Putin reiterou que todos aqueles que conscientemente escolheram o caminho da trai\u00e7\u00e3o, chantagem e prepara\u00e7\u00e3o para a rebeli\u00e3o armada ser\u00e3o punidos. Ele apelou para que os envolvidos n\u00e3o cometam o grave erro de participar de atividades criminosas e reafirmou seu compromisso em defender o pa\u00eds como cidad\u00e3o russo e Comandante Supremo.<\/p>\n<p>O presidente observou que as For\u00e7as Armadas e outros \u00f3rg\u00e3os do Estado receberam as instru\u00e7\u00f5es necess\u00e1rias para lidar com a situa\u00e7\u00e3o. Al\u00e9m disso, est\u00e3o sendo implementadas medidas adicionais de natureza antiterrorista em Moscou, na regi\u00e3o de Moscou e em v\u00e1rias outras regi\u00f5es.<\/p>\n<p>A declara\u00e7\u00e3o de Putin ocorre em um momento de tens\u00f5es e instabilidade na R\u00fassia. O pa\u00eds enfrenta desafios internos significativos, e o presidente est\u00e1 determinado a garantir a seguran\u00e7a, a ordem constitucional e a prote\u00e7\u00e3o dos cidad\u00e3os russos. A neutraliza\u00e7\u00e3o dos respons\u00e1veis pela rebeli\u00e3o armada se torna uma prioridade para o governo russo.<\/p>\n<p>O post <a rel=\"nofollow noopener\" href=\"https:\/\/wscom.com.br\/crise-na-russia-putin-vai-a-tv-diz-que-foi-traido-e-promete-neutralizar-adversarios\/\" target=\"_blank\">Crise na R\u00fassia: Putin vai \u00e0 TV, diz que foi tra\u00eddo e promete &#8220;neutralizar&#8221; advers\u00e1rios<\/a> apareceu primeiro em <a rel=\"nofollow noopener\" href=\"https:\/\/wscom.com.br\/\" target=\"_blank\">WSCOM<\/a>.<\/p>\n","protected":false},"excerpt":{"rendered":"<p>\u00a0 \u00a0 No discurso proferido no s\u00e1bado (24), o presidente russo Vladimir Putin anunciou que as for\u00e7as russas receberam ordens para neutralizar aqueles que organizaram uma rebeli\u00e3o armada contra o pa\u00eds,\u00a0segundo informa a ag\u00eancia Sputnik. Putin deixou claro que aqueles que tra\u00edram a R\u00fassia, levantando armas contra seus pr\u00f3prios companheiros de combate, enfrentar\u00e3o as consequ\u00eancias [\u2026]<\/p>\n<p>O post <a rel=\"nofollow\" href=\"https:\/\/wscom.com.br\/crise-na-russia-putin-vai-a-tv-diz-que-foi-traido-e-promete-neutralizar-adversarios\/\">Crise na R\u00fassia: Putin vai \u00e0 TV, diz que foi tra\u00eddo e promete \u201cneutralizar\u201d advers\u00e1rios<\/a> apareceu primeiro em <a rel=\"nofollow\" href=\"https:\/\/wscom.com.br\/\">WSCOM<\/a>.<\/p>\n","protected":false},"author":42,"featured_media":0,"comment_status":"closed","ping_status":"closed","sticky":false,"template":"","format":"standard","meta":{"advgb_blocks_editor_width":"","advgb_blocks_columns_visual_guide":"","footnotes":""},"categories":[5269,34,5270,875,111,5271,5272],"tags":[35],"class_list":["post-22273","post","type-post","status-publish","format-standard","hentry","category-crise-na-russia","category-g1","category-grupo-wagner","category-guerra-na-ucrania","category-internacional","category-rebeliao","category-vladimir-putin","tag-g1"],"author_meta":{"display_name":"Rafael Andrade","author_link":"https:\/\/sindaopcpb.org.br\/author\/rafael-andrade\/"},"featured_img":null,"coauthors":[],"tax_additional":{"categories":{"linked":["<a href=\"https:\/\/sindaopcpb.org.br\/crise-na-russia\/\" class=\"advgb-post-tax-term\">Crise na R\u00fassia<\/a>","<a href=\"https:\/\/sindaopcpb.org.br\/g1\/\" class=\"advgb-post-tax-term\">G1<\/a>","<a href=\"https:\/\/sindaopcpb.org.br\/grupo-wagner\/\" class=\"advgb-post-tax-term\">Grupo Wagner<\/a>","<a href=\"https:\/\/sindaopcpb.org.br\/guerra-na-ucrania\/\" class=\"advgb-post-tax-term\">guerra na Ucr\u00e2nia<\/a>","<a href=\"https:\/\/sindaopcpb.org.br\/internacional\/\" class=\"advgb-post-tax-term\">Internacional<\/a>","<a href=\"https:\/\/sindaopcpb.org.br\/rebeliao\/\" class=\"advgb-post-tax-term\">rebeliao<\/a>","<a href=\"https:\/\/sindaopcpb.org.br\/vladimir-putin\/\" class=\"advgb-post-tax-term\">Vladimir Putin<\/a>"],"unlinked":["<span class=\"advgb-post-tax-term\">Crise na R\u00fassia<\/span>","<span class=\"advgb-post-tax-term\">G1<\/span>","<span class=\"advgb-post-tax-term\">Grupo Wagner<\/span>","<span class=\"advgb-post-tax-term\">guerra na Ucr\u00e2nia<\/span>","<span class=\"advgb-post-tax-term\">Internacional<\/span>","<span class=\"advgb-post-tax-term\">rebeliao<\/span>","<span class=\"advgb-post-tax-term\">Vladimir Putin<\/span>"]},"tags":{"linked":["<a href=\"https:\/\/sindaopcpb.org.br\/vladimir-putin\/\" class=\"advgb-post-tax-term\">g1<\/a>"],"unlinked":["<span class=\"advgb-post-tax-term\">g1<\/span>"]}},"comment_count":"0","relative_dates":{"created":"Publicado 3 anos atr\u00e1s","modified":"Atualizado 3 anos atr\u00e1s"},"absolute_dates":{"created":"Publicado em 24 de junho de 2023","modified":"Atualizado em 24 de junho de 2023"},"absolute_dates_time":{"created":"Publicado em 24 de junho de 2023 09:03","modified":"Atualizado em 24 de junho de 2023 09:03"},"featured_img_caption":"","series_order":"","_links":{"self":[{"href":"https:\/\/sindaopcpb.org.br\/index.php\/wp-json\/wp\/v2\/posts\/22273","targetHints":{"allow":["GET"]}}],"collection":[{"href":"https:\/\/sindaopcpb.org.br\/index.php\/wp-json\/wp\/v2\/posts"}],"about":[{"href":"https:\/\/sindaopcpb.org.br\/index.php\/wp-json\/wp\/v2\/types\/post"}],"author":[{"embeddable":true,"href":"https:\/\/sindaopcpb.org.br\/index.php\/wp-json\/wp\/v2\/users\/42"}],"replies":[{"embeddable":true,"href":"https:\/\/sindaopcpb.org.br\/index.php\/wp-json\/wp\/v2\/comments?post=22273"}],"version-history":[{"count":1,"href":"https:\/\/sindaopcpb.org.br\/index.php\/wp-json\/wp\/v2\/posts\/22273\/revisions"}],"predecessor-version":[{"id":22274,"href":"https:\/\/sindaopcpb.org.br\/index.php\/wp-json\/wp\/v2\/posts\/22273\/revisions\/22274"}],"wp:attachment":[{"href":"https:\/\/sindaopcpb.org.br\/index.php\/wp-json\/wp\/v2\/media?parent=22273"}],"wp:term":[{"taxonomy":"category","embeddable":true,"href":"https:\/\/sindaopcpb.org.br\/index.php\/wp-json\/wp\/v2\/categories?post=22273"},{"taxonomy":"post_tag","embeddable":true,"href":"https:\/\/sindaopcpb.org.br\/index.php\/wp-json\/wp\/v2\/tags?post=22273"}],"curies":[{"name":"wp","href":"https:\/\/api.w.org\/{rel}","templated":true}]}}