{"id":22261,"date":"2023-06-24T08:11:01","date_gmt":"2023-06-24T11:11:01","guid":{"rendered":"https:\/\/g1.globo.com\/pb\/paraiba\/sao-joao\/2023\/noticia\/2023\/06\/24\/sao-joao-2023-de-joao-pessoa-tem-show-de-walkyria-santos-neste-sabado-24.ghtml"},"modified":"2023-06-24T08:11:01","modified_gmt":"2023-06-24T11:11:01","slug":"sao-joao-2023-de-joao-pessoa-tem-show-de-walkyria-santos-neste-sabado-24","status":"publish","type":"post","link":"https:\/\/sindaopcpb.org.br\/index.php\/2023\/06\/24\/sao-joao-2023-de-joao-pessoa-tem-show-de-walkyria-santos-neste-sabado-24\/","title":{"rendered":"S\u00e3o Jo\u00e3o 2023 de Jo\u00e3o Pessoa tem show de Walkyria Santos neste s\u00e1bado (24)"},"content":{"rendered":"   <img src=\"https:\/\/s2.glbimg.com\/iDNQkO46xVoBVjdRorachizOfi4=\/i.s3.glbimg.com\/v1\/AUTH_59edd422c0c84a879bd37670ae4f538a\/internal_photos\/bs\/2022\/6\/K\/AJyZnHRp6ioPBEGtf9GA\/arraia-de-cumpade-walkyria-santos5.jpg\" \/><br \/>     Shows acontecem no Parque Solon de Lucena, a Lagoa, no Centro da capital paraibana. Walkyria Santos se apresenta no S\u00e3o Jo\u00e3o 2023 de Jo\u00e3o Pessoa\nM\u00e1rcio Macena\/Divulga\u00e7\u00e3o\nO S\u00e3o Jo\u00e3o 2023 de Jo\u00e3o Pessoa tem shows de Walkyria Santos, Forr\u00f3 da Live e Israell Muniz, neste s\u00e1bado (24). A programa\u00e7\u00e3o acontece no Parque Solon de Lucena, a Lagoa, no Centro da capital paraibana. \nCompartilhe no WhatsApp\nCompartilhe no Telegram\nDentro da programa\u00e7\u00e3o do S\u00e3o Jo\u00e3o 2023 de Jo\u00e3o Pessoa, houve entre os dias 7 e 16 de junho os festivais Municipal e Estadual de Quadrilhas, no estacionamento do Est\u00e1dio Almeid\u00e3o, no bairro do Cristo.\nAgora, os shows musicais devem seguir de 22 a 25 de junho, na Lagoa. Entre as atra\u00e7\u00f5es confirmadas est\u00e3o Vicente Nery, Danieze Santiago, Eliane e Walkyria Santos.\nPrograma\u00e7\u00e3o completa do S\u00e3o Jo\u00e3o 2023 de Jo\u00e3o Pessoa\nTudo sobre o S\u00e3o Jo\u00e3o 2023 na Para\u00edba\nGuia Qual \u00e9 a Boa\nShows do S\u00e3o Jo\u00e3o 2023 de Jo\u00e3o Pessoa neste s\u00e1bado (24):\nWalkyria Santos\nForr\u00f3 da Live\nIsraell Muniz\nV\u00eddeos mais assistidos do g1 Para\u00edba  ","protected":false},"excerpt":{"rendered":"<p>        Shows acontecem no Parque Solon de Lucena, a Lagoa, no Centro da capital paraibana. Walkyria Santos se apresenta no S\u00e3o Jo\u00e3o 2023 de Jo\u00e3o Pessoa<br \/>\nM\u00e1rcio Macena\/Divulga\u00e7\u00e3o<br \/>\nO S\u00e3o Jo\u00e3o 2023 de Jo\u00e3o Pessoa tem shows de Walkyria Santos, Forr\u00f3 da Live&#8230;<\/p>\n","protected":false},"author":2,"featured_media":0,"comment_status":"closed","ping_status":"closed","sticky":false,"template":"","format":"standard","meta":{"advgb_blocks_editor_width":"","advgb_blocks_columns_visual_guide":"","footnotes":""},"categories":[34],"tags":[35],"class_list":["post-22261","post","type-post","status-publish","format-standard","hentry","category-g1","tag-g1"],"author_meta":{"display_name":"g1 &gt; Para\u00edba","author_link":"https:\/\/sindaopcpb.org.br\/author\/g1-paraiba\/"},"featured_img":null,"coauthors":[],"tax_additional":{"categories":{"linked":["<a href=\"https:\/\/sindaopcpb.org.br\/g1\/\" class=\"advgb-post-tax-term\">G1<\/a>"],"unlinked":["<span class=\"advgb-post-tax-term\">G1<\/span>"]},"tags":{"linked":["<a href=\"https:\/\/sindaopcpb.org.br\/g1\/\" class=\"advgb-post-tax-term\">g1<\/a>"],"unlinked":["<span class=\"advgb-post-tax-term\">g1<\/span>"]}},"comment_count":"0","relative_dates":{"created":"Publicado 3 anos atr\u00e1s","modified":"Atualizado 3 anos atr\u00e1s"},"absolute_dates":{"created":"Publicado em 24 de junho de 2023","modified":"Atualizado em 24 de junho de 2023"},"absolute_dates_time":{"created":"Publicado em 24 de junho de 2023 08:11","modified":"Atualizado em 24 de junho de 2023 08:11"},"featured_img_caption":"","series_order":"","_links":{"self":[{"href":"https:\/\/sindaopcpb.org.br\/index.php\/wp-json\/wp\/v2\/posts\/22261","targetHints":{"allow":["GET"]}}],"collection":[{"href":"https:\/\/sindaopcpb.org.br\/index.php\/wp-json\/wp\/v2\/posts"}],"about":[{"href":"https:\/\/sindaopcpb.org.br\/index.php\/wp-json\/wp\/v2\/types\/post"}],"author":[{"embeddable":true,"href":"https:\/\/sindaopcpb.org.br\/index.php\/wp-json\/wp\/v2\/users\/2"}],"replies":[{"embeddable":true,"href":"https:\/\/sindaopcpb.org.br\/index.php\/wp-json\/wp\/v2\/comments?post=22261"}],"version-history":[{"count":1,"href":"https:\/\/sindaopcpb.org.br\/index.php\/wp-json\/wp\/v2\/posts\/22261\/revisions"}],"predecessor-version":[{"id":22262,"href":"https:\/\/sindaopcpb.org.br\/index.php\/wp-json\/wp\/v2\/posts\/22261\/revisions\/22262"}],"wp:attachment":[{"href":"https:\/\/sindaopcpb.org.br\/index.php\/wp-json\/wp\/v2\/media?parent=22261"}],"wp:term":[{"taxonomy":"category","embeddable":true,"href":"https:\/\/sindaopcpb.org.br\/index.php\/wp-json\/wp\/v2\/categories?post=22261"},{"taxonomy":"post_tag","embeddable":true,"href":"https:\/\/sindaopcpb.org.br\/index.php\/wp-json\/wp\/v2\/tags?post=22261"}],"curies":[{"name":"wp","href":"https:\/\/api.w.org\/{rel}","templated":true}]}}