{"id":22245,"date":"2023-06-23T19:47:17","date_gmt":"2023-06-23T22:47:17","guid":{"rendered":"https:\/\/www.infomoney.com.br\/?p=2169874"},"modified":"2023-06-23T19:47:17","modified_gmt":"2023-06-23T22:47:17","slug":"russia-acusa-chefe-mercenario-de-motim-depois-ele-afirmar-que-moscou-matou-2-000-de-seus-homens","status":"publish","type":"post","link":"https:\/\/sindaopcpb.org.br\/index.php\/2023\/06\/23\/russia-acusa-chefe-mercenario-de-motim-depois-ele-afirmar-que-moscou-matou-2-000-de-seus-homens\/","title":{"rendered":"R\u00fassia acusa chefe mercen\u00e1rio de motim depois ele afirmar que Moscou matou 2.000 de seus homens"},"content":{"rendered":"<p><img loading=\"lazy\" width=\"300\" height=\"200\" src=\"https:\/\/www.infomoney.com.br\/wp-content\/uploads\/2022\/02\/GettyImages-1368584900.jpg?fit=300%2C200&amp;quality=70&amp;strip=all\" class=\"attachment-medium size-medium wp-post-image\" alt=\"Putin R\u00fassia\" decoding=\"async\" style=\"float:right; margin:0 0 10px 10px;\" srcset=\"https:\/\/www.infomoney.com.br\/wp-content\/uploads\/2022\/02\/GettyImages-1368584900.jpg?w=1024&amp;quality=70&amp;strip=all 1024w, https:\/\/www.infomoney.com.br\/wp-content\/uploads\/2022\/02\/GettyImages-1368584900.jpg?w=300&amp;quality=70&amp;strip=all 300w, https:\/\/www.infomoney.com.br\/wp-content\/uploads\/2022\/02\/GettyImages-1368584900.jpg?w=768&amp;quality=70&amp;strip=all 768w, https:\/\/www.infomoney.com.br\/wp-content\/uploads\/2022\/02\/GettyImages-1368584900.jpg?w=150&amp;quality=70&amp;strip=all 150w\" sizes=\"auto, (max-width: 300px) 100vw, 300px\" data-attachment-id=\"1787679\" data-permalink=\"https:\/\/www.infomoney.com.br\/opening-ceremony-beijing-2022-winter-olympics-day-0\/\" data-orig-file=\"https:\/\/www.infomoney.com.br\/wp-content\/uploads\/2022\/02\/GettyImages-1368584900.jpg?fit=1024%2C683&amp;quality=70&amp;strip=all\" data-orig-size=\"1024,683\" data-comments-opened=\"1\" data-image-meta=\"{&quot;aperture&quot;:&quot;2.8&quot;,&quot;credit&quot;:&quot;Getty Images&quot;,&quot;camera&quot;:&quot;Canon EOS-1D X Mark III&quot;,&quot;caption&quot;:&quot;BEIJING, CHINA - FEBRUARY 04: Vladimir Putin, President of Russia looks on during the Opening Ceremony of the Beijing 2022 Winter Olympics at the Beijing National Stadium on February 04, 2022 in Beijing, China. (Photo by Matthew Stockman\\\/Getty Images)&quot;,&quot;created_timestamp&quot;:&quot;1644007831&quot;,&quot;copyright&quot;:&quot;2022 Getty Images&quot;,&quot;focal_length&quot;:&quot;400&quot;,&quot;iso&quot;:&quot;2000&quot;,&quot;shutter_speed&quot;:&quot;0.003125&quot;,&quot;title&quot;:&quot;Opening Ceremony - Beijing 2022 Winter Olympics Day 0&quot;,&quot;orientation&quot;:&quot;1&quot;}\" data-image-title=\"Putin R\u00fassia\" data-image-description=\"&lt;p&gt;Putin R\u00fassia&lt;\/p&gt;\n\" data-image-caption=\"&lt;p&gt;(Matthew Stockman\/Getty Images)&lt;\/p&gt;\n\" data-medium-file=\"https:\/\/www.infomoney.com.br\/wp-content\/uploads\/2022\/02\/GettyImages-1368584900.jpg?fit=300%2C200&amp;quality=70&amp;strip=all\" data-large-file=\"https:\/\/www.infomoney.com.br\/wp-content\/uploads\/2022\/02\/GettyImages-1368584900.jpg?fit=1024%2C683&amp;quality=70&amp;strip=all\" title=\"\"><\/p>\n<p>Por Andrew Osborn<\/p>\n<p>LONDRES (Reuters) &#8211; A R\u00fassia acusou o chefe mercen\u00e1rio Yevgeny Prigozhin de convocar um motim armado nesta sexta-feira depois de alegar, sem fornecer provas, que a lideran\u00e7a militar matou 2.000 de seus combatentes e prometer parar o que chamou de &#8220;mal&#8221;.<\/p>\n<p>Como um impasse de longa data entre ele e o Minist\u00e9rio da Defesa parecendo chegar a um desenlace, o minist\u00e9rio emitiu um comunicado afirmando que as acusa\u00e7\u00f5es de Prigozhin &#8220;n\u00e3o eram verdadeiras e s\u00e3o uma provoca\u00e7\u00e3o informativa&#8221;.<\/p>\n<p>Prigozhin disse que suas a\u00e7\u00f5es n\u00e3o correspondem a um golpe militar. Mas o servi\u00e7o de seguran\u00e7a da R\u00fassia FSB abriu um processo criminal contra ele por convocar um motim armado, disse a ag\u00eancia de not\u00edcias Tass nesta sexta-feira, citando o Comit\u00ea Nacional Antiterrorismo.<\/p>\n<p>O Kremlin disse que o presidente Vladimir Putin foi informado e que &#8220;as medidas necess\u00e1rias est\u00e3o sendo tomadas&#8221;.<\/p>\n<p>O impasse, cujos detalhes ainda n\u00e3o est\u00e3o claros, parecia ser a maior crise dom\u00e9stica que Putin enfrenta desde que enviou milhares de soldados \u00e0 Ucr\u00e2nia em fevereiro do ano passado, no que chamou de &#8220;uma opera\u00e7\u00e3o militar especial&#8221;.<\/p>\n<p>Prigozhin, cujos frequentes discursos nas redes sociais desmentem seu papel limitado na guerra como chefe da mil\u00edcia privada Wagner, h\u00e1 meses acusa abertamente o ministro da Defesa, Sergei Shoigu, e o principal general da R\u00fassia, Valery Gerasimov, de incompet\u00eancia e de negar muni\u00e7\u00e3o e suporte \u00e0s suas for\u00e7as.<\/p>\n<p>Mas mais cedo nesta sexta ele pareceu cruzar uma nova linha em sua rixa cada vez mais c\u00e1ustica com o Minist\u00e9rio da Defesa, dizendo que a justificativa do Kremlin para invadir a Ucr\u00e2nia se baseava em mentiras inventadas pelos altos escal\u00f5es do Ex\u00e9rcito.<\/p>\n<p>Ent\u00e3o, em uma s\u00e9rie de mensagens de \u00e1udio tarde da noite em seu canal oficial do Telegram, Prigozhin disse:<\/p>\n<p>&#8220;O ministro da Defesa ordenou que 2.000 corpos que est\u00e3o sendo armazenados sejam escondidos para n\u00e3o mostrar as baixas.&#8221;<\/p>\n<p>Ele acrescentou: &#8220;Aqueles que destru\u00edram nossos rapazes, que destru\u00edram a vida de muitas dezenas de milhares de soldados russos, ser\u00e3o punidos. Pe\u00e7o que ningu\u00e9m ofere\u00e7a resist\u00eancia&#8230;<\/p>\n<p>&#8220;Somos 25.000 e vamos descobrir por que o caos est\u00e1 acontecendo no pa\u00eds.&#8221;<\/p>\n<p>Prigozhin disse que suas a\u00e7\u00f5es &#8220;n\u00e3o foram um golpe militar&#8221;, mas acrescentou: &#8220;A maioria dos militares nos ap\u00f3ia fervorosamente&#8221;.<\/p>\n<p>Um v\u00eddeo n\u00e3o verificado postado em um canal do Telegram pr\u00f3ximo do grupo Wagner mostrou uma cena em uma floresta com pequenos inc\u00eandios e \u00e1rvores que pareciam ter sido quebradas \u00e0 for\u00e7a. Parecia haver um corpo, mas nenhuma evid\u00eancia direta de qualquer ataque.<\/p>\n<p>Trazia a legenda: &#8220;Um ataque com m\u00edssil foi lan\u00e7ado nos acampamentos da CMP (Companhia Militar Privada) Wagner. Muitas v\u00edtimas. Segundo testemunhas oculares, o ataque foi desferido pela retaguarda, ou seja, foi desferido pelos militares do Minist\u00e9rio da Defesa Russo.&#8221;<\/p>\n<p>O Comit\u00ea Nacional Antiterrorista de Moscou disse que, ap\u00f3s as declara\u00e7\u00f5es de Prigozhin, o Servi\u00e7o de Seguran\u00e7a Federal (FSB) &#8220;iniciou um processo criminal baseado em apelos a uma rebeli\u00e3o armada&#8221;, informou a ag\u00eancia de not\u00edcias estatal RIA Novosti.<\/p>\n<p>&#8220;Exigimos que as a\u00e7\u00f5es ilegais sejam interrompidas imediatamente&#8221;, acrescentou o comit\u00ea.<\/p>\n<p>O Wagner liderou a captura da cidade ucraniana de Bakhmut pela R\u00fassia no m\u00eas passado, e Prigozhin usou seu sucesso no campo de batalha &#8212; obtido a um enorme custo humano &#8212; para criticar Moscou publicamente com aparente impunidade.<\/p>\n<p>Mas nesta sexta-feira ele descartou pela primeira vez as principais justificativas de Putin para invadir a Ucr\u00e2nia em 24 de fevereiro do ano passado.<\/p>\n<p>&#8220;A guerra era necess\u00e1ria&#8230; para que (o ministro da Defesa Sergei) Shoigu pudesse se tornar um marechal&#8230; para que ele pudesse conseguir uma segunda medalha de &#8216;Her\u00f3i&#8217; (da R\u00fassia)&#8221;, disse Prigozhin em um v\u00eddeo. &#8220;A guerra n\u00e3o era necess\u00e1ria para desmilitarizar ou desnazificar a Ucr\u00e2nia.&#8221;<\/p>\n<p>Marat Gabidullin, um ex-comandante de Wagner que se mudou para a Fran\u00e7a quando a R\u00fassia invadiu a Ucr\u00e2nia, disse \u00e0 Reuters que os combatentes do Wagner provavelmente ficar\u00e3o ao lado de Prigozhin.<\/p>\n<p>&#8220;H\u00e1 muito tempo desprezamos o Ex\u00e9rcito&#8230; \u00c9 claro que eles o apoiam, ele \u00e9 o l\u00edder deles&#8221;, disse Gabidullin.<\/p>\n<p>&#8220;Eles n\u00e3o hesitar\u00e3o (em lutar contra o Ex\u00e9rcito), se algu\u00e9m ficar em seu caminho.&#8221;<\/p>\n<p>(Reportagem da Reuters)<\/p>\n<p>The post <a rel=\"nofollow noopener\" href=\"https:\/\/www.infomoney.com.br\/economia\/russia-acusa-chefe-mercenario-de-motim-depois-ele-afirmar-que-moscou-matou-2-000-de-seus-homens\/\" target=\"_blank\">R\u00fassia acusa chefe mercen\u00e1rio de motim depois ele afirmar que Moscou matou 2.000 de seus homens<\/a> appeared first on <a rel=\"nofollow noopener\" href=\"https:\/\/www.infomoney.com.br\/\" target=\"_blank\">InfoMoney<\/a>.<\/p>\n","protected":false},"excerpt":{"rendered":"<p><img loading=\"lazy\" decoding=\"async\" width=\"300\" height=\"200\" src=\"https:\/\/www.infomoney.com.br\/wp-content\/uploads\/2022\/02\/GettyImages-1368584900.jpg?fit=300%2C200&amp;quality=70&amp;strip=all\" class=\"attachment-medium size-medium wp-post-image\" alt=\"Putin R\u00fassia\" data-attachment-id=\"1787679\" data-permalink=\"https:\/\/www.infomoney.com.br\/opening-ceremony-beijing-2022-winter-olympics-day-0\/\" data-orig-file=\"https:\/\/www.infomoney.com.br\/wp-content\/uploads\/2022\/02\/GettyImages-1368584900.jpg?fit=1024%2C683&amp;quality=70&amp;strip=all\" data-orig-size=\"1024,683\" data-comments-opened=\"1\" data-image-meta='{\"aperture\":\"2.8\",\"credit\":\"Getty Images\",\"camera\":\"Canon EOS-1D X Mark III\",\"caption\":\"BEIJING, CHINA - FEBRUARY 04: Vladimir Putin, President of Russia looks on during the Opening Ceremony of the Beijing 2022 Winter Olympics at the Beijing National Stadium on February 04, 2022 in Beijing, China. (Photo by Matthew Stockman\\\/Getty Images)\",\"created_timestamp\":\"1644007831\",\"copyright\":\"2022 Getty Images\",\"focal_length\":\"400\",\"iso\":\"2000\",\"shutter_speed\":\"0.003125\",\"title\":\"Opening Ceremony - Beijing 2022 Winter Olympics Day 0\",\"orientation\":\"1\"}' data-image-title=\"Putin R\u00fassia\" data-image-description=\"&lt;p&gt;Putin R\u00fassia&lt;\/p&gt;\n\" data-image-caption=\"&lt;p&gt;(Matthew Stockman\/Getty Images)&lt;\/p&gt;\n\" data-medium-file=\"https:\/\/www.infomoney.com.br\/wp-content\/uploads\/2022\/02\/GettyImages-1368584900.jpg?fit=300%2C200&amp;quality=70&amp;strip=all\" data-large-file=\"https:\/\/www.infomoney.com.br\/wp-content\/uploads\/2022\/02\/GettyImages-1368584900.jpg?fit=1024%2C683&amp;quality=70&amp;strip=all\">R\u00fassia acusou o chefe mercen\u00e1rio Yevgeny Prigozhin de convocar um motim depois de alegar, sem provas, que Prigoshin matou 2.000 de seus combatentes<\/p>\n<p>The post <a rel=\"nofollow\" href=\"https:\/\/www.infomoney.com.br\/economia\/russia-acusa-chefe-mercenario-de-motim-depois-ele-afirmar-que-moscou-matou-2-000-de-seus-homens\/\">R\u00fassia acusa chefe mercen\u00e1rio de motim depois ele afirmar que Moscou matou 2.000 de seus homens<\/a> appeared first on <a rel=\"nofollow\" href=\"https:\/\/www.infomoney.com.br\/\">InfoMoney<\/a>.<\/p>\n","protected":false},"author":46,"featured_media":0,"comment_status":"closed","ping_status":"closed","sticky":false,"template":"","format":"standard","meta":{"advgb_blocks_editor_width":"","advgb_blocks_columns_visual_guide":"","footnotes":""},"categories":[69,34,47,434,435],"tags":[35],"class_list":["post-22245","post","type-post","status-publish","format-standard","hentry","category-economia","category-g1","category-politica","category-russia","category-ucrania","tag-g1"],"author_meta":{"display_name":"Reuters","author_link":"https:\/\/sindaopcpb.org.br\/author\/reuters\/"},"featured_img":null,"coauthors":[],"tax_additional":{"categories":{"linked":["<a href=\"https:\/\/sindaopcpb.org.br\/economia\/\" class=\"advgb-post-tax-term\">Economia<\/a>","<a href=\"https:\/\/sindaopcpb.org.br\/g1\/\" class=\"advgb-post-tax-term\">G1<\/a>","<a href=\"https:\/\/sindaopcpb.org.br\/politica\/\" class=\"advgb-post-tax-term\">POLITICA<\/a>","<a href=\"https:\/\/sindaopcpb.org.br\/russia\/\" class=\"advgb-post-tax-term\">R\u00fassia<\/a>","<a href=\"https:\/\/sindaopcpb.org.br\/ucrania\/\" class=\"advgb-post-tax-term\">Ucr\u00e2nia<\/a>"],"unlinked":["<span class=\"advgb-post-tax-term\">Economia<\/span>","<span class=\"advgb-post-tax-term\">G1<\/span>","<span class=\"advgb-post-tax-term\">POLITICA<\/span>","<span class=\"advgb-post-tax-term\">R\u00fassia<\/span>","<span class=\"advgb-post-tax-term\">Ucr\u00e2nia<\/span>"]},"tags":{"linked":["<a href=\"https:\/\/sindaopcpb.org.br\/ucrania\/\" class=\"advgb-post-tax-term\">g1<\/a>"],"unlinked":["<span class=\"advgb-post-tax-term\">g1<\/span>"]}},"comment_count":"0","relative_dates":{"created":"Publicado 3 anos atr\u00e1s","modified":"Atualizado 3 anos atr\u00e1s"},"absolute_dates":{"created":"Publicado em 23 de junho de 2023","modified":"Atualizado em 23 de junho de 2023"},"absolute_dates_time":{"created":"Publicado em 23 de junho de 2023 19:47","modified":"Atualizado em 23 de junho de 2023 19:47"},"featured_img_caption":"","series_order":"","_links":{"self":[{"href":"https:\/\/sindaopcpb.org.br\/index.php\/wp-json\/wp\/v2\/posts\/22245","targetHints":{"allow":["GET"]}}],"collection":[{"href":"https:\/\/sindaopcpb.org.br\/index.php\/wp-json\/wp\/v2\/posts"}],"about":[{"href":"https:\/\/sindaopcpb.org.br\/index.php\/wp-json\/wp\/v2\/types\/post"}],"author":[{"embeddable":true,"href":"https:\/\/sindaopcpb.org.br\/index.php\/wp-json\/wp\/v2\/users\/46"}],"replies":[{"embeddable":true,"href":"https:\/\/sindaopcpb.org.br\/index.php\/wp-json\/wp\/v2\/comments?post=22245"}],"version-history":[{"count":2,"href":"https:\/\/sindaopcpb.org.br\/index.php\/wp-json\/wp\/v2\/posts\/22245\/revisions"}],"predecessor-version":[{"id":22252,"href":"https:\/\/sindaopcpb.org.br\/index.php\/wp-json\/wp\/v2\/posts\/22245\/revisions\/22252"}],"wp:attachment":[{"href":"https:\/\/sindaopcpb.org.br\/index.php\/wp-json\/wp\/v2\/media?parent=22245"}],"wp:term":[{"taxonomy":"category","embeddable":true,"href":"https:\/\/sindaopcpb.org.br\/index.php\/wp-json\/wp\/v2\/categories?post=22245"},{"taxonomy":"post_tag","embeddable":true,"href":"https:\/\/sindaopcpb.org.br\/index.php\/wp-json\/wp\/v2\/tags?post=22245"}],"curies":[{"name":"wp","href":"https:\/\/api.w.org\/{rel}","templated":true}]}}