{"id":22243,"date":"2023-06-23T18:49:41","date_gmt":"2023-06-23T21:49:41","guid":{"rendered":"https:\/\/wpa.wscom.com.br\/?p=907947"},"modified":"2023-06-23T18:49:41","modified_gmt":"2023-06-23T21:49:41","slug":"sem-atuar-ha-38-dias-marcelo-deve-voltar-a-jogar-pelo-fluminense-em-meio-a-questionamentos-internos","status":"publish","type":"post","link":"https:\/\/sindaopcpb.org.br\/index.php\/2023\/06\/23\/sem-atuar-ha-38-dias-marcelo-deve-voltar-a-jogar-pelo-fluminense-em-meio-a-questionamentos-internos\/","title":{"rendered":"Sem atuar h\u00e1 38 dias, Marcelo deve voltar a jogar pelo Fluminense em meio a questionamentos internos"},"content":{"rendered":"<p>Grande contrata\u00e7\u00e3o do Fluminense no ano, Marcelo completa quatro meses de clube neste s\u00e1bado com poucos jogos, les\u00f5es e alguns questionamentos internos. Sem atuar desde 16 de maio, no empate com o Flamengo no primeiro jogo das oitavas da Copa do Brasil, o lateral est\u00e1 fora de combate h\u00e1 38 dias, mas treinou nesta sexta e deve voltar a atuar neste s\u00e1bado, diante do Bahia, pelo Brasileir\u00e3o.<\/p>\n<p>Jogador mais badalado do elenco por toda a carreira na Europa e na Sele\u00e7\u00e3o, Marcelo foi anunciado pelo Fluminense no dia 24 de fevereiro como uma das maiores contrata\u00e7\u00f5es do clube nos \u00faltimos anos.<\/p>\n<p>Desde ent\u00e3o, o jogador foi recebido com grande festa pelos torcedores em apresenta\u00e7\u00e3o no Maracan\u00e3 e foi figura decisiva na final do Carioca, quando abriu o placar na vit\u00f3ria por 4 a 1 e ajudou a conduzir o time ao bicampeonato em cima do Flamengo.<\/p>\n<p>&nbsp;<\/p>\n<div id=\"chunk-cr4gb\">\n<div class=\"row medium-uncollapsed content-media content-photo\" data-block-type=\"backstage-photo\" data-block-id=\"7\">\n<div class=\"mc-column content-media__container\">\n<div class=\"content-media-container glb-skeleton-box\">\n<figure class=\"content-media-figure\"><img decoding=\"async\" class=\"i-amphtml-fill-content i-amphtml-replaced-content\" src=\"https:\/\/s2-ge.glbimg.com\/vZ3PA3RLMCRdpcucV0EPhlhcGKk=\/0x0:2048x1365\/984x0\/smart\/filters:strip_icc()\/i.s3.glbimg.com\/v1\/AUTH_bc8228b6673f488aa253bbcb03c80ec5\/internal_photos\/bs\/2023\/H\/E\/cPo5dTTGGz52avITmL5A\/52995849566-aedd842f2c-k-1-.jpg\" sizes=\"(max-width: 1366px) 648px, 100vw\" srcset=\"https:\/\/s2-ge.glbimg.com\/focAznGfe0hghwiTiGOmxTdAJOI=\/0x0:2048x1365\/1000x0\/smart\/filters:strip_icc()\/i.s3.glbimg.com\/v1\/AUTH_bc8228b6673f488aa253bbcb03c80ec5\/internal_photos\/bs\/2023\/H\/E\/cPo5dTTGGz52avITmL5A\/52995849566-aedd842f2c-k-1-.jpg 1000w, https:\/\/s2-ge.glbimg.com\/vZ3PA3RLMCRdpcucV0EPhlhcGKk=\/0x0:2048x1365\/984x0\/smart\/filters:strip_icc()\/i.s3.glbimg.com\/v1\/AUTH_bc8228b6673f488aa253bbcb03c80ec5\/internal_photos\/bs\/2023\/H\/E\/cPo5dTTGGz52avITmL5A\/52995849566-aedd842f2c-k-1-.jpg 984w, https:\/\/s2-ge.glbimg.com\/_7vXf6ZU-7e1bQxbZJzAsay0mtI=\/0x0:2048x1365\/640x0\/smart\/filters:strip_icc()\/i.s3.glbimg.com\/v1\/AUTH_bc8228b6673f488aa253bbcb03c80ec5\/internal_photos\/bs\/2023\/H\/E\/cPo5dTTGGz52avITmL5A\/52995849566-aedd842f2c-k-1-.jpg 640w, https:\/\/s2-ge.glbimg.com\/XPVSDo2KcuZTsJwoHyODz7XXrWo=\/0x0:2048x1365\/600x0\/smart\/filters:strip_icc()\/i.s3.glbimg.com\/v1\/AUTH_bc8228b6673f488aa253bbcb03c80ec5\/internal_photos\/bs\/2023\/H\/E\/cPo5dTTGGz52avITmL5A\/52995849566-aedd842f2c-k-1-.jpg 600w\" alt=\"Marcelo em treino desta sexta-feira \u2014 Foto: Marcelo Gon\u00e7alves\/Fluminense\" title=\"\"><\/figure>\n<\/div>\n<p class=\"content-media__description \"><span style=\"font-size: 8pt;\"><strong>Marcelo em treino desta sexta-feira (Foto: Marcelo Gon\u00e7alves\/Fluminense)<\/strong><\/span><\/p>\n<\/div>\n<p>&nbsp;<\/p>\n<\/div>\n<\/div>\n<div id=\"chunk-cdue2\">\n<div class=\"mc-column content-text active-extra-styles \" data-block-type=\"unstyled\" data-block-weight=\"51\" data-block-id=\"8\">\n<p class=\"content-text__container \" data-track-category=\"Link no Texto\" data-track-links=\"\">Mas os poucos minutos em campo, 613 desde que foi contratado, e algumas decis\u00f5es tomadas em acordo com a diretoria na \u00e9poca de sua contrata\u00e7\u00e3o v\u00eam incomodando internamente, mas<strong>\u00a0n\u00e3o s\u00e3o o foco principal de problema do time<\/strong>, que tem uma vit\u00f3ria, quatro empates e quatro derrotas nos \u00faltimos nove jogos.<\/p>\n<\/div>\n<\/div>\n<div id=\"chunk-e9vva\">\n<div class=\"mc-column content-text active-extra-styles \" data-block-type=\"unstyled\" data-block-weight=\"30\" data-block-id=\"9\">\n<p class=\"content-text__container \" data-track-category=\"Link no Texto\" data-track-links=\"\">Dificuldades no relacionamento de Marcelo nos bastidores foram abordadas nesta sexta-feira no canal &#8220;Raiz Tricolor&#8221; no YouTube.<\/p>\n<h2>Fisioterapeuta pessoal<\/h2>\n<\/div>\n<\/div>\n<div id=\"chunk-9091v\">\n<div class=\"mc-column content-text active-extra-styles \" data-block-type=\"unstyled\" data-block-weight=\"40\" data-block-id=\"12\">\n<p class=\"content-text__container \" data-track-category=\"Link no Texto\" data-track-links=\"\">Mesmo com o\u00a0Fluminense\u00a0sendo uma das refer\u00eancias no futebol brasileiro quando o assunto \u00e9 fisioterapia, Marcelo desde que chegou ao clube n\u00e3o se trata com profissionais do time. O lateral desembarcou no Rio de Janeiro com um staff pr\u00f3prio.<\/p>\n<\/div>\n<\/div>\n<div id=\"chunk-4og27\">\n<div class=\"mc-column content-text active-extra-styles \" data-block-type=\"unstyled\" data-block-weight=\"23\" data-block-id=\"13\">\n<p class=\"content-text__container \" data-track-category=\"Link no Texto\" data-track-links=\"\">Entre os funcion\u00e1rios, um dos pedidos do jogador, aceito pela diretoria, foi trabalhar com um fisioterapeuta que o acompanha desde a Europa.<\/p>\n<\/div>\n<\/div>\n<div id=\"chunk-b5md5\">\n<div class=\"mc-column content-text active-extra-styles \" data-block-type=\"unstyled\" data-block-weight=\"44\" data-block-id=\"14\">\n<p class=\"content-text__container \" data-track-category=\"Link no Texto\" data-track-links=\"\">Internamente, a escolha por levar um novo profissional ao clube causou desconforto em alguns setores. Marcelo acredita que o melhor \u00e9 tratar com o profissional que j\u00e1 o acompanhava na Europa, enquanto, por outro lado, alguns jogadores enxergam a escolha como uma &#8220;regalia desnecess\u00e1ria&#8221;.<\/p>\n<p data-track-category=\"Link no Texto\" data-track-links=\"\">\n<\/div>\n<\/div>\n<div id=\"chunk-apfqf\">\n<div class=\"row medium-uncollapsed content-media content-photo\" data-block-type=\"backstage-photo\" data-block-id=\"15\">\n<div class=\"mc-column content-media__container\">\n<div class=\"content-media-container glb-skeleton-box\">\n<figure class=\"content-media-figure\"><img decoding=\"async\" class=\"i-amphtml-fill-content i-amphtml-replaced-content\" src=\"https:\/\/s2-ge.glbimg.com\/8WjEqdDcbXMe6a-r-mtxn7EnuFk=\/0x119:721x1280\/984x0\/smart\/filters:strip_icc()\/i.s3.glbimg.com\/v1\/AUTH_bc8228b6673f488aa253bbcb03c80ec5\/internal_photos\/bs\/2023\/B\/N\/bG4eohRq2Dnf2sHwN23w\/whatsapp-image-2023-06-12-at-02.36.38.jpeg\" sizes=\"(max-width: 1366px) 648px, 100vw\" srcset=\"https:\/\/s2-ge.glbimg.com\/1jAVsj56GV4xzzIG8F7NdgI8LiE=\/0x119:721x1280\/1000x0\/smart\/filters:strip_icc()\/i.s3.glbimg.com\/v1\/AUTH_bc8228b6673f488aa253bbcb03c80ec5\/internal_photos\/bs\/2023\/B\/N\/bG4eohRq2Dnf2sHwN23w\/whatsapp-image-2023-06-12-at-02.36.38.jpeg 1000w, https:\/\/s2-ge.glbimg.com\/8WjEqdDcbXMe6a-r-mtxn7EnuFk=\/0x119:721x1280\/984x0\/smart\/filters:strip_icc()\/i.s3.glbimg.com\/v1\/AUTH_bc8228b6673f488aa253bbcb03c80ec5\/internal_photos\/bs\/2023\/B\/N\/bG4eohRq2Dnf2sHwN23w\/whatsapp-image-2023-06-12-at-02.36.38.jpeg 984w, https:\/\/s2-ge.glbimg.com\/jQUKHjbnhp9yFG3PxeT9X8d9FLc=\/0x119:721x1280\/640x0\/smart\/filters:strip_icc()\/i.s3.glbimg.com\/v1\/AUTH_bc8228b6673f488aa253bbcb03c80ec5\/internal_photos\/bs\/2023\/B\/N\/bG4eohRq2Dnf2sHwN23w\/whatsapp-image-2023-06-12-at-02.36.38.jpeg 640w, https:\/\/s2-ge.glbimg.com\/5L6zEMmSKkHnspFzm2zjIrfOisY=\/0x119:721x1280\/600x0\/smart\/filters:strip_icc()\/i.s3.glbimg.com\/v1\/AUTH_bc8228b6673f488aa253bbcb03c80ec5\/internal_photos\/bs\/2023\/B\/N\/bG4eohRq2Dnf2sHwN23w\/whatsapp-image-2023-06-12-at-02.36.38.jpeg 600w\" alt=\"Lateral Marcelo mostra tratamento na panturrilha no Fluminense \u2014 Foto: Reprodu\u00e7\u00e3o \/ Instagram\" title=\"\"><\/figure>\n<\/div>\n<p class=\"content-media__description \"><span style=\"font-size: 8pt;\"><strong>Lateral Marcelo mostra tratamento na panturrilha no Fluminense \u2014 Foto: Reprodu\u00e7\u00e3o \/ Instagram<\/strong><\/span><\/p>\n<\/div>\n<\/div>\n<\/div>\n<p>&nbsp;<\/p>\n<div id=\"chunk-b4dok\">\n<div class=\"mc-column content-text active-extra-styles \" data-block-type=\"unstyled\" data-block-weight=\"31\" data-block-id=\"17\">\n<p class=\"content-text__container \" data-track-category=\"Link no Texto\" data-track-links=\"\">Em abril, o\u00a0Fluminense\u00a0teve uma sa\u00edda no setor de fisioterapia. Felipe Petrone, filho do chefe do departamento, Nilton Petrone, o Fil\u00e9, saiu do clube ap\u00f3s receber proposta financeira superior.<\/p>\n<\/div>\n<\/div>\n<div class=\"mc-column content-text active-extra-styles\" data-block-type=\"raw\" data-block-weight=\"2\" data-block-id=\"18\">\n<p class=\"content-text__container\">\n<div class=\"content-intertitle\">\n<h2>Marcelo &#8220;popstar&#8221;<\/h2>\n<\/div>\n<\/div>\n<div id=\"chunk-c1h25\">\n<div class=\"mc-column content-text active-extra-styles \" data-block-type=\"unstyled\" data-block-weight=\"74\" data-block-id=\"19\">\n<p class=\"content-text__container \" data-track-category=\"Link no Texto\" data-track-links=\"\">O\u00a0ge\u00a0conversou com pessoas que fazem parte do dia a dia do clube em diversos setores para entender como \u00e9 o comportamento do lateral no clube. Pela apura\u00e7\u00e3o,\u00a0Marcelo n\u00e3o tem problemas com funcion\u00e1rios, atletas ou comiss\u00e3o t\u00e9cnica.\u00a0Mas \u00e9 visto como um jogador que prefere ficar na dele, sem interagir tanto principalmente nos eventos realizados pelo elenco fora do clube.\u00a0Diferentes pessoas utilizaram o termo &#8220;popstar&#8221; para se referir ao atleta.<\/p>\n<\/div>\n<\/div>\n<div id=\"chunk-486bj\">\n<div class=\"mc-column content-text active-extra-styles \" data-block-type=\"unstyled\" data-block-weight=\"43\" data-block-id=\"20\">\n<p class=\"content-text__container \" data-track-category=\"Link no Texto\" data-track-links=\"\">Apesar de Marcelo optar por n\u00e3o ser participativo no dia a dia do elenco, os jogadores continuam unidos.\u00a0Na \u00faltima quinta-feira, por exemplo, boa parte dos atletas se reuniu em uma comemora\u00e7\u00e3o &#8220;atrasada&#8221; com familiares pelo Dia dos Namorados. O lateral n\u00e3o compareceu.<\/p>\n<\/div>\n<\/div>\n<p data-track-category=\"Link no Texto\" data-track-links=\"\">\n<div class=\"mc-column content-text active-extra-styles\" data-block-type=\"raw\" data-block-weight=\"3\" data-block-id=\"23\">\n<div class=\"content-intertitle\">\n<h2>Aus\u00eancia em jogos<\/h2>\n<\/div>\n<\/div>\n<div id=\"chunk-faob7\">\n<div class=\"mc-column content-text active-extra-styles \" data-block-type=\"unstyled\" data-block-weight=\"37\" data-block-id=\"24\">\n<p class=\"content-text__container \" data-track-category=\"Link no Texto\" data-track-links=\"\">Marcelo s\u00f3 entrou em campo em 29% dos minutos disputados pelo\u00a0Fluminense\u00a0desde que foi contratado. S\u00e3o 613 minutos, enquanto o time disputou 2.129 minutos de l\u00e1 para c\u00e1. Os n\u00fameros s\u00e3o do\u00a0Espi\u00e3o Estat\u00edstico, do\u00a0<a class=\"\" href=\"https:\/\/ge.globo.com\/?utm_source=barraGCOM\" rel=\"nofollow noopener\" target=\"_blank\">ge<\/a>.<\/p>\n<\/div>\n<\/div>\n<div id=\"chunk-44lcp\">\n<div class=\"mc-column content-text active-extra-styles \" data-block-type=\"unstyled\" data-block-weight=\"39\" data-block-id=\"25\">\n<p class=\"content-text__container \" data-track-category=\"Link no Texto\" data-track-links=\"\">Em alguns setores do clube, existe um entendimento de que\u00a0o jogador foi contratado para disputar as partidas mais importantes. N\u00e3o para estar em campo em todos os jogos, mas para ser bem mais participativo do que atualmente.<\/p>\n<p data-track-category=\"Link no Texto\" data-track-links=\"\">\n<\/div>\n<\/div>\n<div id=\"chunk-1ssir\">\n<div class=\"row medium-uncollapsed content-media content-photo\" data-block-type=\"backstage-photo\" data-block-id=\"26\">\n<div class=\"mc-column content-media__container\">\n<div class=\"content-media-container glb-skeleton-box\">\n<figure class=\"content-media-figure\"><img decoding=\"async\" class=\"i-amphtml-fill-content i-amphtml-replaced-content\" src=\"https:\/\/s2-ge.glbimg.com\/5hNZNJuYYPWbVtPt8e_-BOmlJOs=\/0x0:2047x1152\/984x0\/smart\/filters:strip_icc()\/i.s3.glbimg.com\/v1\/AUTH_bc8228b6673f488aa253bbcb03c80ec5\/internal_photos\/bs\/2023\/a\/c\/MZGHaCRFat7WUuGBAT7g\/52978766526-7503739ae9-k.jpg\" sizes=\"(max-width: 1366px) 648px, 100vw\" srcset=\"https:\/\/s2-ge.glbimg.com\/A_JNLhnzsM7mrMFXqliM10ViLxY=\/0x0:2047x1152\/1000x0\/smart\/filters:strip_icc()\/i.s3.glbimg.com\/v1\/AUTH_bc8228b6673f488aa253bbcb03c80ec5\/internal_photos\/bs\/2023\/a\/c\/MZGHaCRFat7WUuGBAT7g\/52978766526-7503739ae9-k.jpg 1000w, https:\/\/s2-ge.glbimg.com\/5hNZNJuYYPWbVtPt8e_-BOmlJOs=\/0x0:2047x1152\/984x0\/smart\/filters:strip_icc()\/i.s3.glbimg.com\/v1\/AUTH_bc8228b6673f488aa253bbcb03c80ec5\/internal_photos\/bs\/2023\/a\/c\/MZGHaCRFat7WUuGBAT7g\/52978766526-7503739ae9-k.jpg 984w, https:\/\/s2-ge.glbimg.com\/43EuEQqBtOJu_z7Hz9aZ92A5a2M=\/0x0:2047x1152\/640x0\/smart\/filters:strip_icc()\/i.s3.glbimg.com\/v1\/AUTH_bc8228b6673f488aa253bbcb03c80ec5\/internal_photos\/bs\/2023\/a\/c\/MZGHaCRFat7WUuGBAT7g\/52978766526-7503739ae9-k.jpg 640w, https:\/\/s2-ge.glbimg.com\/Z_Nt6eFvEuUz2-seXIzte5BdOeA=\/0x0:2047x1152\/600x0\/smart\/filters:strip_icc()\/i.s3.glbimg.com\/v1\/AUTH_bc8228b6673f488aa253bbcb03c80ec5\/internal_photos\/bs\/2023\/a\/c\/MZGHaCRFat7WUuGBAT7g\/52978766526-7503739ae9-k.jpg 600w\" alt=\"Marcelo em treino no Fluminense \u2014 Foto: Marcelo Gon\u00e7alves\/Fluminense\" title=\"\"><\/figure>\n<\/div>\n<p class=\"content-media__description \"><span style=\"font-size: 8pt;\"><strong>Marcelo em treino no Fluminense \u2014 Foto: Marcelo Gon\u00e7alves\/Fluminense<\/strong><\/span><\/p>\n<p>&nbsp;<\/p>\n<\/div>\n<\/div>\n<\/div>\n<div id=\"chunk-dqv3e\">\n<div class=\"mc-column content-text active-extra-styles \" data-block-type=\"unstyled\" data-block-weight=\"52\" data-block-id=\"27\">\n<p class=\"content-text__container \" data-track-category=\"Link no Texto\" data-track-links=\"\">Por\u00e9m, a comiss\u00e3o t\u00e9cnica optou por utilizar o jogador em partidas consecutivas. O lateral se machucou pela \u00faltima vez durante o Fla-Flu de ida da Copa do Brasil, quando estava disputando seu quinto jogo consecutivo em duas semanas. Antes, havia se machucado uma vez quando atuou em quatro de cinco partidas seguidas.<\/p>\n<p data-track-category=\"Link no Texto\" data-track-links=\"\">\n<\/div>\n<\/div>\n<div id=\"chunk-28lhv\">\n<div class=\"row medium-uncollapsed content-text\" data-block-type=\"table-plugin\" data-block-id=\"29\">\n<div class=\"column medium-centered medium-22 large-20\">\n<div class=\"show-table content-media content-media--normal\">\n<p class=\"mc-column show-table__title\"><strong>Jogos de Marcelo nas \u00faltimas cinco temporadas<\/strong><\/p>\n<div class=\"show-table__centralized\">\n<div class=\"show-table__container\">\n<table class=\"show-table__content\n show-table__content--highlight-top        \"><\/p>\n<tbody>\n<tr>\n<td>Clube<\/td>\n<td>Temporada<\/td>\n<td>Jogos<\/td>\n<\/tr>\n<tr>\n<td>Fluminense<\/td>\n<td>2023<\/td>\n<td>9<\/td>\n<\/tr>\n<tr>\n<td>Olympiacos<\/td>\n<td>2023<\/td>\n<td>2<\/td>\n<\/tr>\n<tr>\n<td>Olympiacos<\/td>\n<td>2022<\/td>\n<td>8<\/td>\n<\/tr>\n<tr>\n<td>Real Madrid<\/td>\n<td>2021\/2022<\/td>\n<td>18<\/td>\n<\/tr>\n<tr>\n<td>Real Madrid<\/td>\n<td>2020\/2021<\/td>\n<td>19<\/td>\n<\/tr>\n<tr>\n<td>Real Madrid<\/td>\n<td>2019\/2020<\/td>\n<td>23<\/td>\n<\/tr>\n<tr>\n<td>Real Madrid<\/td>\n<td>2018\/2019<\/td>\n<td>34<\/td>\n<\/tr>\n<\/tbody>\n<\/table>\n<\/div>\n<div class=\"show-table__footer\">\n<div class=\"show-table__source\"><span style=\"font-size: 8pt;\"><strong>Fonte: ge<\/strong><\/span><\/div>\n<\/div>\n<\/div>\n<\/div>\n<\/div>\n<\/div>\n<\/div>\n<div id=\"chunk-d4fvb\">\n<div class=\"mc-column content-text active-extra-styles \" data-block-type=\"unstyled\" data-block-weight=\"42\" data-block-id=\"30\">\n<p class=\"content-text__container \" data-track-category=\"Link no Texto\" data-track-links=\"\">Marcelo chegou a ser relacionado e viajou para o jogo da \u00faltima quarta-feira, no empate por 1 a 1 com o Atl\u00e9tico-MG, em Volta Redonda. Mas foi cortado horas antes por apresentar gastroenterite viral, de acordo com o comunicado divulgado pelo\u00a0Fluminense.<\/p>\n<\/div>\n<\/div>\n<div class=\"mc-column content-text active-extra-styles\" data-block-type=\"raw\" data-block-weight=\"4\" data-block-id=\"31\">\n<p class=\"content-text__container\">\n<div class=\"content-intertitle\">\n<h2>Refor\u00e7os para o setor<\/h2>\n<\/div>\n<\/div>\n<div id=\"chunk-cmtc3\">\n<div class=\"mc-column content-text active-extra-styles \" data-block-type=\"unstyled\" data-block-weight=\"27\" data-block-id=\"32\">\n<p class=\"content-text__container \" data-track-category=\"Link no Texto\" data-track-links=\"\">Por conta da incerteza de poder contar com Marcelo em sequ\u00eancia, o\u00a0Fluminense\u00a0foi ao mercado e contratou o lateral-esquerdo Diogo Barbosa para refor\u00e7ar o setor.<\/p>\n<\/div>\n<\/div>\n<div id=\"chunk-31ca\">\n<div class=\"mc-column content-text active-extra-styles \" data-block-type=\"unstyled\" data-block-weight=\"44\" data-block-id=\"33\">\n<p class=\"content-text__container \" data-track-category=\"Link no Texto\" data-track-links=\"\">A contrata\u00e7\u00e3o foi uma forma para que o time n\u00e3o fique ref\u00e9m somente das improvisa\u00e7\u00f5es. Alexsander, que tamb\u00e9m atuava no setor improvisado, est\u00e1 lesionado e deve ficar fora por pelo menos tr\u00eas meses. Jorge tamb\u00e9m se recupera de cirurgia no joelho e segue fora.<\/p>\n<\/div>\n<\/div>\n<div id=\"chunk-a3erv\">\n<div class=\"content-ads content-ads--reveal\" data-block-type=\"ads\" data-block-id=\"34\">\n<div id=\"banner_materia__050f2324-4e91-4d28-8169-3f5a2c812bf2\" class=\"tag-manager-publicidade-container mc-has-reveal mc-has-ad-lazyload tag-manager-publicidade-banner_materia__050f2324-4e91-4d28-8169-3f5a2c812bf2 tag-manager-publicidade-container--carregado tag-manager-publicidade-container--visivel\" data-id=\"banner_materia__050f2324-4e91-4d28-8169-3f5a2c812bf2\" data-google-query-id=\"CMfKiLit2v8CFSI3uQYdzX0Otg\"><\/div>\n<\/div>\n<\/div>\n<div class=\"mc-column content-text active-extra-styles\" data-block-type=\"raw\" data-block-weight=\"2\" data-block-id=\"36\">\n<div class=\"content-intertitle\">\n<h2>Desfalques atrapalham<\/h2>\n<\/div>\n<\/div>\n<div id=\"chunk-8tl7i\">\n<div class=\"mc-column content-text active-extra-styles \" data-block-type=\"unstyled\" data-block-weight=\"42\" data-block-id=\"37\">\n<p class=\"content-text__container \" data-track-category=\"Link no Texto\" data-track-links=\"\">Durante a apura\u00e7\u00e3o sobre Marcelo,<strong>\u00a0<\/strong>pessoas consultadas pela reportagem disseram n\u00e3o ver qualquer rela\u00e7\u00e3o entre o comportamento do camisa 12 e a m\u00e1 fase da equipe em campo. Eles lembram que os in\u00fameros desfalques fizeram com que o time ficasse mais vulner\u00e1vel.<\/p>\n<\/div>\n<\/div>\n<div id=\"chunk-e7gah\">\n<div class=\"mc-column content-text active-extra-styles \" data-block-type=\"unstyled\" data-block-weight=\"36\" data-block-id=\"38\">\n<p class=\"content-text__container \" data-track-category=\"Link no Texto\" data-track-links=\"\">Apesar dos resultados, o clima do elenco \u00e9 considerado de uni\u00e3o. Al\u00e9m disso, a comiss\u00e3o t\u00e9cnica tamb\u00e9m continua com apoio da diretoria e dos jogadores, que entendem e aprovam a metodologia de trabalho de Fernando Diniz.<\/p>\n<div id=\"chunk-f4gjh\">\n<div class=\"mc-column content-text active-extra-styles \" data-block-type=\"unstyled\" data-block-weight=\"39\" data-block-id=\"41\">\n<p class=\"content-text__container \" data-track-category=\"Link no Texto\" data-track-links=\"\">Na luta para espantar a m\u00e1 fase, o\u00a0Fluminense\u00a0enfrenta o Bahia no pr\u00f3ximo s\u00e1bado, \u00e0s 18h30 (de Bras\u00edlia), pelo Campeonato Brasileiro. A partida ser\u00e1 no Maracan\u00e3, que passou por melhorias no gramado durante a parada da Data Fifa.<\/p>\n<\/div>\n<\/div>\n<div id=\"chunk-169dp\">\n<div class=\"mc-column content-text active-extra-styles \" data-block-type=\"unstyled\" data-block-weight=\"6\" data-block-id=\"42\"><\/div>\n<\/div>\n<\/div>\n<\/div>\n<div id=\"chunk-628oq\">\n<div class=\"row medium-uncollapsed content-media content-photo\" data-block-type=\"backstage-photo\" data-block-id=\"39\">\n<div class=\"mc-column content-media__container\">\n<div class=\"content-media-container glb-skeleton-box\"><\/div>\n<\/div>\n<\/div>\n<\/div>\n<p>O post <a rel=\"nofollow noopener\" href=\"https:\/\/wscom.com.br\/sem-atuar-ha-38-dias-marcelo-deve-voltar-a-jogar-pelo-fluminense-em-meio-a-questionamentos-internos\/\" target=\"_blank\">Sem atuar h\u00e1 38 dias, Marcelo deve voltar a jogar pelo Fluminense em meio a questionamentos internos<\/a> apareceu primeiro em <a rel=\"nofollow noopener\" href=\"https:\/\/wscom.com.br\/\" target=\"_blank\">WSCOM<\/a>.<\/p>\n","protected":false},"excerpt":{"rendered":"<p>Grande contrata\u00e7\u00e3o do Fluminense no ano, Marcelo completa quatro meses de clube neste s\u00e1bado com poucos jogos, les\u00f5es e alguns questionamentos internos. Sem atuar desde 16 de maio, no empate com o Flamengo no primeiro jogo das oitavas da Copa do Brasil, o lateral est\u00e1 fora de combate h\u00e1 38 dias, mas treinou nesta sexta [\u2026]<\/p>\n<p>O post <a rel=\"nofollow\" href=\"https:\/\/wscom.com.br\/sem-atuar-ha-38-dias-marcelo-deve-voltar-a-jogar-pelo-fluminense-em-meio-a-questionamentos-internos\/\">Sem atuar h\u00e1 38 dias, Marcelo deve voltar a jogar pelo Fluminense em meio a questionamentos internos<\/a> apareceu primeiro em <a rel=\"nofollow\" href=\"https:\/\/wscom.com.br\/\">WSCOM<\/a>.<\/p>\n","protected":false},"author":49,"featured_media":0,"comment_status":"closed","ping_status":"closed","sticky":false,"template":"","format":"standard","meta":{"advgb_blocks_editor_width":"","advgb_blocks_columns_visual_guide":"","footnotes":""},"categories":[207,246,79,34,5257],"tags":[35],"class_list":["post-22243","post","type-post","status-publish","format-standard","hentry","category-esporte","category-fluminense","category-futebol","category-g1","category-marcelo","tag-g1"],"author_meta":{"display_name":"Cristiane Cavalcante","author_link":"https:\/\/sindaopcpb.org.br\/author\/cristiane-cavalcante\/"},"featured_img":null,"coauthors":[],"tax_additional":{"categories":{"linked":["<a href=\"https:\/\/sindaopcpb.org.br\/esporte\/\" class=\"advgb-post-tax-term\">Esporte<\/a>","<a href=\"https:\/\/sindaopcpb.org.br\/fluminense\/\" class=\"advgb-post-tax-term\">fluminense<\/a>","<a href=\"https:\/\/sindaopcpb.org.br\/futebol\/\" class=\"advgb-post-tax-term\">Futebol<\/a>","<a href=\"https:\/\/sindaopcpb.org.br\/g1\/\" class=\"advgb-post-tax-term\">G1<\/a>","<a href=\"https:\/\/sindaopcpb.org.br\/marcelo\/\" class=\"advgb-post-tax-term\">MArcelo<\/a>"],"unlinked":["<span class=\"advgb-post-tax-term\">Esporte<\/span>","<span class=\"advgb-post-tax-term\">fluminense<\/span>","<span class=\"advgb-post-tax-term\">Futebol<\/span>","<span class=\"advgb-post-tax-term\">G1<\/span>","<span class=\"advgb-post-tax-term\">MArcelo<\/span>"]},"tags":{"linked":["<a href=\"https:\/\/sindaopcpb.org.br\/marcelo\/\" class=\"advgb-post-tax-term\">g1<\/a>"],"unlinked":["<span class=\"advgb-post-tax-term\">g1<\/span>"]}},"comment_count":"0","relative_dates":{"created":"Publicado 3 anos atr\u00e1s","modified":"Atualizado 3 anos atr\u00e1s"},"absolute_dates":{"created":"Publicado em 23 de junho de 2023","modified":"Atualizado em 23 de junho de 2023"},"absolute_dates_time":{"created":"Publicado em 23 de junho de 2023 18:49","modified":"Atualizado em 23 de junho de 2023 18:49"},"featured_img_caption":"","series_order":"","_links":{"self":[{"href":"https:\/\/sindaopcpb.org.br\/index.php\/wp-json\/wp\/v2\/posts\/22243","targetHints":{"allow":["GET"]}}],"collection":[{"href":"https:\/\/sindaopcpb.org.br\/index.php\/wp-json\/wp\/v2\/posts"}],"about":[{"href":"https:\/\/sindaopcpb.org.br\/index.php\/wp-json\/wp\/v2\/types\/post"}],"author":[{"embeddable":true,"href":"https:\/\/sindaopcpb.org.br\/index.php\/wp-json\/wp\/v2\/users\/49"}],"replies":[{"embeddable":true,"href":"https:\/\/sindaopcpb.org.br\/index.php\/wp-json\/wp\/v2\/comments?post=22243"}],"version-history":[{"count":1,"href":"https:\/\/sindaopcpb.org.br\/index.php\/wp-json\/wp\/v2\/posts\/22243\/revisions"}],"predecessor-version":[{"id":22244,"href":"https:\/\/sindaopcpb.org.br\/index.php\/wp-json\/wp\/v2\/posts\/22243\/revisions\/22244"}],"wp:attachment":[{"href":"https:\/\/sindaopcpb.org.br\/index.php\/wp-json\/wp\/v2\/media?parent=22243"}],"wp:term":[{"taxonomy":"category","embeddable":true,"href":"https:\/\/sindaopcpb.org.br\/index.php\/wp-json\/wp\/v2\/categories?post=22243"},{"taxonomy":"post_tag","embeddable":true,"href":"https:\/\/sindaopcpb.org.br\/index.php\/wp-json\/wp\/v2\/tags?post=22243"}],"curies":[{"name":"wp","href":"https:\/\/api.w.org\/{rel}","templated":true}]}}