{"id":22227,"date":"2023-06-23T18:20:48","date_gmt":"2023-06-23T21:20:48","guid":{"rendered":"https:\/\/g1.globo.com\/pb\/paraiba\/noticia\/2023\/06\/23\/acusado-de-matar-pizzaiolo-no-acre-em-2018-e-preso-em-joao-pessoa-nesta-quinta-feira-22.ghtml"},"modified":"2023-06-23T18:20:48","modified_gmt":"2023-06-23T21:20:48","slug":"acusado-de-matar-pizzaiolo-no-acre-em-2018-e-preso-em-joao-pessoa-nesta-quinta-feira-22","status":"publish","type":"post","link":"https:\/\/sindaopcpb.org.br\/index.php\/2023\/06\/23\/acusado-de-matar-pizzaiolo-no-acre-em-2018-e-preso-em-joao-pessoa-nesta-quinta-feira-22\/","title":{"rendered":"Acusado de matar pizzaiolo no Acre, em 2018, \u00e9 preso em Jo\u00e3o Pessoa, nesta quinta-feira (22)"},"content":{"rendered":"    Homem de 34 anos tinha mandado de pris\u00e3o em aberto por envolvimento no latroc\u00ednio do pizzaiolo J\u00fanior Cesar Pontes da Silva.  Um fugitivo da Justi\u00e7a do Acre foi preso na tarde desta quinta-feira (22), em Jo\u00e3o Pessoa, pela Pol\u00edcia Rodovi\u00e1ria Federal (PRF). O homem de 34 anos tinha um mandado de pris\u00e3o em aberto por envolvimento na morte do pizzaiolo J\u00fanior Cesar Pontes da Silva, de 19 anos, em 2018. \nA pris\u00e3o aconteceu durante uma fiscaliza\u00e7\u00e3o da PRF, com o Batalh\u00e3o de Tr\u00e2nsito da Pol\u00edcia Militar da Para\u00edba (BPTran), na BR-101, no quil\u00f4metro 88. Ele foi preso e encaminhado para a Delegacia de Pol\u00edcia Judici\u00e1ria onde ficar\u00e1 \u00e0 disposi\u00e7\u00e3o para cumprimento da pena imposta pela Justi\u00e7a.\nRelembre o caso \nO homem preso na Para\u00edba \u00e9 apontado pela Justi\u00e7a como um dos envolvidos na morte de J\u00fanior C\u00e9sar Pontes, no bairro das Placas, em Rio Branco, no dia 15 de janeiro de 2018. Ele chegou a ser condenado a mais de nove anos de pris\u00e3o. \nA v\u00edtima, o pizzaiolo J\u00fanior Cesar Pontes da Silva, voltava do trabalho na madrugada, com um colega, quando foram assaltados por dois homens em uma motocicleta. \nNa \u00e9poca, segundo informou o delegado da Delegacia Especializada de Combate a Roubos e Extors\u00f5es (Decore), S\u00e9rgio Lopes, os dois amigos entregaram os pertences, mas, ainda assim, um dos suspeitos, que estava na garupa, atirou contra as v\u00edtimas e acertou J\u00fanior Cesar. \nV\u00eddeos mais assistidos do g1 Para\u00edba  ","protected":false},"excerpt":{"rendered":"<p>    Homem de 34 anos tinha mandado de pris\u00e3o em aberto por envolvimento no latroc\u00ednio do pizzaiolo J\u00fanior Cesar Pontes da Silva.  Um fugitivo da Justi\u00e7a do Acre foi preso na tarde desta quinta-feira (22), em Jo\u00e3o Pessoa, pela Pol\u00edcia Rodovi\u00e1ria Federal&#8230;<\/p>\n","protected":false},"author":2,"featured_media":0,"comment_status":"closed","ping_status":"closed","sticky":false,"template":"","format":"standard","meta":{"advgb_blocks_editor_width":"","advgb_blocks_columns_visual_guide":"","footnotes":""},"categories":[34],"tags":[35],"class_list":["post-22227","post","type-post","status-publish","format-standard","hentry","category-g1","tag-g1"],"author_meta":{"display_name":"g1 &gt; Para\u00edba","author_link":"https:\/\/sindaopcpb.org.br\/author\/g1-paraiba\/"},"featured_img":null,"coauthors":[],"tax_additional":{"categories":{"linked":["<a href=\"https:\/\/sindaopcpb.org.br\/g1\/\" class=\"advgb-post-tax-term\">G1<\/a>"],"unlinked":["<span class=\"advgb-post-tax-term\">G1<\/span>"]},"tags":{"linked":["<a href=\"https:\/\/sindaopcpb.org.br\/g1\/\" class=\"advgb-post-tax-term\">g1<\/a>"],"unlinked":["<span class=\"advgb-post-tax-term\">g1<\/span>"]}},"comment_count":"0","relative_dates":{"created":"Publicado 3 anos atr\u00e1s","modified":"Atualizado 3 anos atr\u00e1s"},"absolute_dates":{"created":"Publicado em 23 de junho de 2023","modified":"Atualizado em 23 de junho de 2023"},"absolute_dates_time":{"created":"Publicado em 23 de junho de 2023 18:20","modified":"Atualizado em 23 de junho de 2023 18:20"},"featured_img_caption":"","series_order":"","_links":{"self":[{"href":"https:\/\/sindaopcpb.org.br\/index.php\/wp-json\/wp\/v2\/posts\/22227","targetHints":{"allow":["GET"]}}],"collection":[{"href":"https:\/\/sindaopcpb.org.br\/index.php\/wp-json\/wp\/v2\/posts"}],"about":[{"href":"https:\/\/sindaopcpb.org.br\/index.php\/wp-json\/wp\/v2\/types\/post"}],"author":[{"embeddable":true,"href":"https:\/\/sindaopcpb.org.br\/index.php\/wp-json\/wp\/v2\/users\/2"}],"replies":[{"embeddable":true,"href":"https:\/\/sindaopcpb.org.br\/index.php\/wp-json\/wp\/v2\/comments?post=22227"}],"version-history":[{"count":1,"href":"https:\/\/sindaopcpb.org.br\/index.php\/wp-json\/wp\/v2\/posts\/22227\/revisions"}],"predecessor-version":[{"id":22228,"href":"https:\/\/sindaopcpb.org.br\/index.php\/wp-json\/wp\/v2\/posts\/22227\/revisions\/22228"}],"wp:attachment":[{"href":"https:\/\/sindaopcpb.org.br\/index.php\/wp-json\/wp\/v2\/media?parent=22227"}],"wp:term":[{"taxonomy":"category","embeddable":true,"href":"https:\/\/sindaopcpb.org.br\/index.php\/wp-json\/wp\/v2\/categories?post=22227"},{"taxonomy":"post_tag","embeddable":true,"href":"https:\/\/sindaopcpb.org.br\/index.php\/wp-json\/wp\/v2\/tags?post=22227"}],"curies":[{"name":"wp","href":"https:\/\/api.w.org\/{rel}","templated":true}]}}