{"id":22225,"date":"2023-06-23T18:22:00","date_gmt":"2023-06-23T21:22:00","guid":{"rendered":"https:\/\/www.infomoney.com.br\/?p=2169621"},"modified":"2023-06-23T18:22:00","modified_gmt":"2023-06-23T21:22:00","slug":"reforma-tributaria-veja-quais-sao-os-proximos-passos-e-entenda-principais-pontos-em-discussao","status":"publish","type":"post","link":"https:\/\/sindaopcpb.org.br\/index.php\/2023\/06\/23\/reforma-tributaria-veja-quais-sao-os-proximos-passos-e-entenda-principais-pontos-em-discussao\/","title":{"rendered":"Reforma tribut\u00e1ria: veja quais s\u00e3o os pr\u00f3ximos passos e entenda principais pontos em discuss\u00e3o"},"content":{"rendered":"<p><img loading=\"lazy\" width=\"300\" height=\"200\" src=\"https:\/\/www.infomoney.com.br\/wp-content\/uploads\/2020\/07\/2863802.221503.jpg?fit=300%2C200&amp;quality=70&amp;strip=all\" class=\"attachment-medium size-medium wp-post-image\" alt=\"\" decoding=\"async\" style=\"float:right; margin:0 0 10px 10px;\" srcset=\"https:\/\/www.infomoney.com.br\/wp-content\/uploads\/2020\/07\/2863802.221503.jpg?w=2300&amp;quality=70&amp;strip=all 2300w, https:\/\/www.infomoney.com.br\/wp-content\/uploads\/2020\/07\/2863802.221503.jpg?w=300&amp;quality=70&amp;strip=all 300w, https:\/\/www.infomoney.com.br\/wp-content\/uploads\/2020\/07\/2863802.221503.jpg?w=768&amp;quality=70&amp;strip=all 768w, https:\/\/www.infomoney.com.br\/wp-content\/uploads\/2020\/07\/2863802.221503.jpg?w=1280&amp;quality=70&amp;strip=all 1280w, https:\/\/www.infomoney.com.br\/wp-content\/uploads\/2020\/07\/2863802.221503.jpg?w=1536&amp;quality=70&amp;strip=all 1536w, https:\/\/www.infomoney.com.br\/wp-content\/uploads\/2020\/07\/2863802.221503.jpg?w=2048&amp;quality=70&amp;strip=all 2048w, https:\/\/www.infomoney.com.br\/wp-content\/uploads\/2020\/07\/2863802.221503.jpg?w=150&amp;quality=70&amp;strip=all 150w\" sizes=\"auto, (max-width: 300px) 100vw, 300px\" data-attachment-id=\"1488274\" data-permalink=\"https:\/\/www.infomoney.com.br\/politica\/reforma-tributaria-tem-de-ser-a-mais-ampla-possivel-diz-relator\/attachment\/aguinaldo-ribeiro-2\/\" data-orig-file=\"https:\/\/www.infomoney.com.br\/wp-content\/uploads\/2020\/07\/2863802.221503.jpg?fit=2300%2C1533&amp;quality=70&amp;strip=all\" data-orig-size=\"2300,1533\" data-comments-opened=\"1\" data-image-meta=\"{&quot;aperture&quot;:&quot;0&quot;,&quot;credit&quot;:&quot;ESTAD\\u00c3O CONTE\\u00daDO&quot;,&quot;camera&quot;:&quot;&quot;,&quot;caption&quot;:&quot;Brasil, S\\u00e3o Paulo, SP, 29\\\/01\\\/2014. Retrato do ministro das Cidades, Aguinaldo Ribeiro durante  solenidade de an\\u00fancio da publica\\u00e7\\u00e3o do edital da PPP, linha 18 - Bronze, do Metr\\u00f4 de S\\u00e3o paulo, no Pal\\u00e1cio dos Bandeirantes. - Cr\\u00e9dito:CLAYTON DE SOUZA\\\/ESTAD\\u00c3O CONTE\\u00daDO\\\/AE\\\/C\\u00f3digo imagem:202384&quot;,&quot;created_timestamp&quot;:&quot;0&quot;,&quot;copyright&quot;:&quot;&quot;,&quot;focal_length&quot;:&quot;0&quot;,&quot;iso&quot;:&quot;0&quot;,&quot;shutter_speed&quot;:&quot;0&quot;,&quot;title&quot;:&quot;Aguinaldo Ribeiro&quot;,&quot;orientation&quot;:&quot;0&quot;}\" data-image-title=\"Aguinaldo Ribeiro\" data-image-description=\"\" data-image-caption=\"&lt;p&gt;CLAYTON DE SOUZA\/ESTAD\u00c3O CONTE\u00daDO\/AE\/&lt;\/p&gt;\n\" data-medium-file=\"https:\/\/www.infomoney.com.br\/wp-content\/uploads\/2020\/07\/2863802.221503.jpg?fit=300%2C200&amp;quality=70&amp;strip=all\" data-large-file=\"https:\/\/www.infomoney.com.br\/wp-content\/uploads\/2020\/07\/2863802.221503.jpg?fit=1280%2C853&amp;quality=70&amp;strip=all\" title=\"\"><\/p>\n<p>O texto da Proposta de Emenda \u00e0 Constitui\u00e7\u00e3o (PEC) da reforma tribut\u00e1ria foi apresentado pelo seu relator, deputado Aguinaldo Ribeiro (PP-PB), na quinta-feira, 22. Tanto Ribeiro quanto o coordenador do grupo de trabalho que avaliou a mat\u00e9ria na C\u00e2mara, Reginaldo Lopes (PT-MG), afirmam que se trata de uma vers\u00e3o preliminar.<\/p>\n<p>A apresenta\u00e7\u00e3o foi feita ap\u00f3s reuni\u00e3o convocada por Arthur Lira (PP-AL) com governadores para arrematar os \u00faltimos detalhes do texto. As principais novidades em rela\u00e7\u00e3o \u00e0s diretrizes da reforma, divulgadas no in\u00edcio deste m\u00eas, s\u00e3o o detalhamento das al\u00edquotas e das compensa\u00e7\u00f5es. Conhe\u00e7a os pr\u00f3ximos passos da reforma e entenda os principais pontos em discuss\u00e3o.<\/p>\n<h2><b>Pr\u00f3ximos passos<\/b><\/h2>\n<p>Uma vez que o texto for finalizado -ele ainda pode sofrer altera\u00e7\u00f5es -, Ribeiro o entregar\u00e1 o documento para a Mesa Diretora da C\u00e2mara, e o presidente da Casa, Arthur Lira, poder\u00e1 pautar o projeto &#8211; ele quer votar a reforma tribut\u00e1ria no plen\u00e1rio da C\u00e2mara at\u00e9 7 de julho.<\/p>\n<p>A PEC ser\u00e1 discutida e votada em dois turnos, e ser\u00e1 aprovada se obtiver tr\u00eas quintos dos votos dos deputados (308). Depois, \u00e9 a vez de ser encaminhada para aprecia\u00e7\u00e3o no Senado no mesmo processo, e deve ser aprovada por tr\u00eas quintos dos membros da Casa em duas vota\u00e7\u00f5es.<\/p>\n<p>Se o texto for aprovado nas duas Casas sem altera\u00e7\u00f5es, ser\u00e1 promulgada uma emenda constitucional. Por\u00e9m, caso haja uma modifica\u00e7\u00e3o substancial no Senado, a proposta retorna \u00e0 C\u00e2mara.<\/p>\n<p>A expectativa do governo \u00e9 votar a reforma na C\u00e2mara neste semestre para &#8220;poder trabalhar no segundo semestre no Senado&#8221;, afirmou Lira. Na sua avalia\u00e7\u00e3o, o prazo de 15 dias para que o texto possa ser criticado e negociado \u00e9 suficiente at\u00e9 a vota\u00e7\u00e3o.<\/p>\n<h2><b>Principais pontos da reforma tribut\u00e1ria<\/b><\/h2>\n<p><b>1. Tributos extintos<\/b><\/p>\n<p>IPI (federal), PIS (federal), Cofins (federal), ICMS (estadual) e ISS (municipal)<\/p>\n<p><b>2. IVA (Imposto sobre Valor Agregado) dual<\/b><\/p>\n<p>Ser\u00e3o criados dois IVAs: o Imposto sobre Bens e Servi\u00e7os (IBS), que substituir\u00e1 o ICMS dos Estados e o ISS dos munic\u00edpios; e a Contribui\u00e7\u00e3o sobre Bens e Servi\u00e7os (CBS), que vai unificar os tributos federais: PIS, Cofins e IPI, com base ampla e n\u00e3o cumulatividade plena na cadeia de produ\u00e7\u00e3o &#8211; ou seja, sem tributa\u00e7\u00e3o em cascata.<\/p>\n<p>O imposto ser\u00e1 cobrado no destino (local do consumo do bem ou servi\u00e7o), e n\u00e3o na origem, como \u00e9 hoje. Haver\u00e1 desonera\u00e7\u00e3o de exporta\u00e7\u00f5es e investimentos.<\/p>\n<p><b>3. Imposto Seletivo<\/b><\/p>\n<p>Incidir\u00e1 sobre a produ\u00e7\u00e3o, comercializa\u00e7\u00e3o ou importa\u00e7\u00e3o de bens e servi\u00e7os prejudiciais \u00e0 sa\u00fade ou ao meio ambiente, como cigarro e bebidas alco\u00f3licas, desonerando as exporta\u00e7\u00f5es. Ser\u00e1 usado para substitui\u00e7\u00e3o do IPI e usado para manter a Zona Franca de Manaus.<\/p>\n<p><b>4. Al\u00edquotas<\/b><\/p>\n<p>Haver\u00e1 a al\u00edquota \u00fanica, como regra geral, e a al\u00edquota reduzida. Oito grupos de produtos e servi\u00e7os ter\u00e3o al\u00edquota reduzida em 50%. S\u00e3o eles:<\/p>\n<p>Servi\u00e7os de transporte p\u00fablico coletivo urbano, semiurbano ou metropolitano;<\/p>\n<p>Medicamentos;<\/p>\n<p>Dispositivos m\u00e9dicos;<\/p>\n<p>Servi\u00e7os de sa\u00fade;<\/p>\n<p>Servi\u00e7os de educa\u00e7\u00e3o;<\/p>\n<p>Produtos agropecu\u00e1rios, pesqueiros, florestais e extrativistas vegetais in natura;<\/p>\n<p>Insumos agropecu\u00e1rios, alimentos destinados ao consumo humano e produtos de higiene pessoal;<\/p>\n<p>Atividades art\u00edsticas e culturais nacionais.<\/p>\n<p><b>5. Medicamentos e Prouni<\/b><\/p>\n<p>Isen\u00e7\u00e3o para medicamentos e redu\u00e7\u00e3o em 100% da al\u00edquota da CBS incidente sobre servi\u00e7os de educa\u00e7\u00e3o de ensino superior (Prouni).<\/p>\n<p><b>6. Cashback<\/b><\/p>\n<p>Cria\u00e7\u00e3o da possibilidade de devolu\u00e7\u00e3o do IBS e da CBS a pessoas f\u00edsicas de forma ampla, a ser definida em lei complementar.<\/p>\n<p><b>7. Fundo Nacional de Desenvolvimento Regional (FDR)<\/b><\/p>\n<p>Cria o fundo com o objetivo de reduzir as desigualdades regionais e sociais. Os recursos ter\u00e3o de ser aplicados em: realiza\u00e7\u00e3o de estudos, projetos e obras de infraestrutura; fomento a atividades produtivas com elevado potencial de gera\u00e7\u00e3o de emprego e renda, incluindo a concess\u00e3o de subven\u00e7\u00f5es; a\u00e7\u00f5es para o desenvolvimento cient\u00edfico e tecnol\u00f3gico e \u00e0 inova\u00e7\u00e3o.<\/p>\n<p><b>8. Regimes tribut\u00e1rios espec\u00edficos<\/b><\/p>\n<p>Combust\u00edveis e lubrificantes: Cobran\u00e7a monof\u00e1sica (cobrado numa \u00fanica fase da cadeia), al\u00edquotas uniformes e possibilidade de concess\u00e3o de cr\u00e9dito para contribuinte do imposto<\/p>\n<p>Servi\u00e7os financeiros, opera\u00e7\u00f5es com bens im\u00f3veis, planos de assist\u00eancia \u00e0 sa\u00fade e apostas (concursos de progn\u00f3sticos): altera\u00e7\u00f5es nas al\u00edquotas, nas regras de creditamento e na base de c\u00e1lculo; e tributa\u00e7\u00e3o com base na receita ou no faturamento<\/p>\n<p>Compras governamentais: N\u00e3o incid\u00eancia de IBS e CBS, admitida a manuten\u00e7\u00e3o dos cr\u00e9ditos relativos \u00e0s opera\u00e7\u00f5es anteriores; destina\u00e7\u00e3o integral do produto da arrecada\u00e7\u00e3o do IBS e da CBS recolhida ao ente federativo contratante (Uni\u00e3o, Estado ou munic\u00edpio)<\/p>\n<p><b>9. IPTU<\/b><\/p>\n<p>Autoriza que o Poder Executivo atualize a base de c\u00e1lculo do imposto por meio de decreto a partir de crit\u00e9rios gerais previstos em lei municipal. Atende a um pleito das prefeituras.<\/p>\n<p><b>10. Desonera\u00e7\u00e3o da folha<\/b><\/p>\n<p>O aumento da arrecada\u00e7\u00e3o obtida com ela deve ser utilizado para reduzir a tributa\u00e7\u00e3o incidente sobre a folha de pagamentos e sobre o consumo de bens e servi\u00e7os.\/Colaboraram Adriana Fernandes, Mariana Carneiro, Fernanda Trisotto e Iander Porcella<\/p>\n<p>The post <a rel=\"nofollow noopener\" href=\"https:\/\/www.infomoney.com.br\/politica\/reforma-tributaria-veja-quais-sao-os-proximos-passos-e-entenda-principais-pontos-em-discussao\/\" target=\"_blank\">Reforma tribut\u00e1ria: veja quais s\u00e3o os pr\u00f3ximos passos e entenda principais pontos em discuss\u00e3o<\/a> appeared first on <a rel=\"nofollow noopener\" href=\"https:\/\/www.infomoney.com.br\/\" target=\"_blank\">InfoMoney<\/a>.<\/p>\n","protected":false},"excerpt":{"rendered":"<p><img loading=\"lazy\" decoding=\"async\" width=\"300\" height=\"200\" src=\"https:\/\/www.infomoney.com.br\/wp-content\/uploads\/2020\/07\/2863802.221503.jpg?fit=300%2C200&amp;quality=70&amp;strip=all\" class=\"attachment-medium size-medium wp-post-image\" alt=\"\" data-attachment-id=\"1488274\" data-permalink=\"https:\/\/www.infomoney.com.br\/politica\/reforma-tributaria-tem-de-ser-a-mais-ampla-possivel-diz-relator\/attachment\/aguinaldo-ribeiro-2\/\" data-orig-file=\"https:\/\/www.infomoney.com.br\/wp-content\/uploads\/2020\/07\/2863802.221503.jpg?fit=2300%2C1533&amp;quality=70&amp;strip=all\" data-orig-size=\"2300,1533\" data-comments-opened=\"1\" data-image-meta='{\"aperture\":\"0\",\"credit\":\"ESTAD\\u00c3O CONTE\\u00daDO\",\"camera\":\"\",\"caption\":\"Brasil, S\\u00e3o Paulo, SP, 29\\\/01\\\/2014. Retrato do ministro das Cidades, Aguinaldo Ribeiro durante  solenidade de an\\u00fancio da publica\\u00e7\\u00e3o do edital da PPP, linha 18 - Bronze, do Metr\\u00f4 de S\\u00e3o paulo, no Pal\\u00e1cio dos Bandeirantes. - Cr\\u00e9dito:CLAYTON DE SOUZA\\\/ESTAD\\u00c3O CONTE\\u00daDO\\\/AE\\\/C\\u00f3digo imagem:202384\",\"created_timestamp\":\"0\",\"copyright\":\"\",\"focal_length\":\"0\",\"iso\":\"0\",\"shutter_speed\":\"0\",\"title\":\"Aguinaldo Ribeiro\",\"orientation\":\"0\"}' data-image-title=\"Aguinaldo Ribeiro\" data-image-description=\"\" data-image-caption=\"&lt;p&gt;CLAYTON DE SOUZA\/ESTAD\u00c3O CONTE\u00daDO\/AE\/&lt;\/p&gt;\n\" data-medium-file=\"https:\/\/www.infomoney.com.br\/wp-content\/uploads\/2020\/07\/2863802.221503.jpg?fit=300%2C200&amp;quality=70&amp;strip=all\" data-large-file=\"https:\/\/www.infomoney.com.br\/wp-content\/uploads\/2020\/07\/2863802.221503.jpg?fit=1280%2C853&amp;quality=70&amp;strip=all\">Projeto deve ser votado no plen\u00e1rio da C\u00e2mara na primeira semana de julho<\/p>\n<p>The post <a rel=\"nofollow\" href=\"https:\/\/www.infomoney.com.br\/politica\/reforma-tributaria-veja-quais-sao-os-proximos-passos-e-entenda-principais-pontos-em-discussao\/\">Reforma tribut\u00e1ria: veja quais s\u00e3o os pr\u00f3ximos passos e entenda principais pontos em discuss\u00e3o<\/a> appeared first on <a rel=\"nofollow\" href=\"https:\/\/www.infomoney.com.br\/\">InfoMoney<\/a>.<\/p>\n","protected":false},"author":43,"featured_media":0,"comment_status":"closed","ping_status":"closed","sticky":false,"template":"","format":"standard","meta":{"advgb_blocks_editor_width":"","advgb_blocks_columns_visual_guide":"","footnotes":""},"categories":[276,34,556,47,4310,191],"tags":[35],"class_list":["post-22225","post","type-post","status-publish","format-standard","hentry","category-camara-dos-deputados","category-g1","category-impostos","category-politica","category-proposta-de-emenda-a-constituicao","category-reforma-tributaria","tag-g1"],"author_meta":{"display_name":"Estad\u00e3o Conte\u00fado","author_link":"https:\/\/sindaopcpb.org.br\/author\/estadao-conteudo\/"},"featured_img":null,"coauthors":[],"tax_additional":{"categories":{"linked":["<a href=\"https:\/\/sindaopcpb.org.br\/camara-dos-deputados\/\" class=\"advgb-post-tax-term\">C\u00e2mara dos Deputados<\/a>","<a href=\"https:\/\/sindaopcpb.org.br\/g1\/\" class=\"advgb-post-tax-term\">G1<\/a>","<a href=\"https:\/\/sindaopcpb.org.br\/impostos\/\" class=\"advgb-post-tax-term\">Impostos<\/a>","<a href=\"https:\/\/sindaopcpb.org.br\/politica\/\" class=\"advgb-post-tax-term\">POLITICA<\/a>","<a href=\"https:\/\/sindaopcpb.org.br\/proposta-de-emenda-a-constituicao\/\" class=\"advgb-post-tax-term\">Proposta de Emenda \u00e0 Constitui\u00e7\u00e3o<\/a>","<a href=\"https:\/\/sindaopcpb.org.br\/reforma-tributaria\/\" class=\"advgb-post-tax-term\">reforma tribut\u00e1ria<\/a>"],"unlinked":["<span class=\"advgb-post-tax-term\">C\u00e2mara dos Deputados<\/span>","<span class=\"advgb-post-tax-term\">G1<\/span>","<span class=\"advgb-post-tax-term\">Impostos<\/span>","<span class=\"advgb-post-tax-term\">POLITICA<\/span>","<span class=\"advgb-post-tax-term\">Proposta de Emenda \u00e0 Constitui\u00e7\u00e3o<\/span>","<span class=\"advgb-post-tax-term\">reforma tribut\u00e1ria<\/span>"]},"tags":{"linked":["<a href=\"https:\/\/sindaopcpb.org.br\/reforma-tributaria\/\" class=\"advgb-post-tax-term\">g1<\/a>"],"unlinked":["<span class=\"advgb-post-tax-term\">g1<\/span>"]}},"comment_count":"0","relative_dates":{"created":"Publicado 3 anos atr\u00e1s","modified":"Atualizado 3 anos atr\u00e1s"},"absolute_dates":{"created":"Publicado em 23 de junho de 2023","modified":"Atualizado em 23 de junho de 2023"},"absolute_dates_time":{"created":"Publicado em 23 de junho de 2023 18:22","modified":"Atualizado em 23 de junho de 2023 18:22"},"featured_img_caption":"","series_order":"","_links":{"self":[{"href":"https:\/\/sindaopcpb.org.br\/index.php\/wp-json\/wp\/v2\/posts\/22225","targetHints":{"allow":["GET"]}}],"collection":[{"href":"https:\/\/sindaopcpb.org.br\/index.php\/wp-json\/wp\/v2\/posts"}],"about":[{"href":"https:\/\/sindaopcpb.org.br\/index.php\/wp-json\/wp\/v2\/types\/post"}],"author":[{"embeddable":true,"href":"https:\/\/sindaopcpb.org.br\/index.php\/wp-json\/wp\/v2\/users\/43"}],"replies":[{"embeddable":true,"href":"https:\/\/sindaopcpb.org.br\/index.php\/wp-json\/wp\/v2\/comments?post=22225"}],"version-history":[{"count":1,"href":"https:\/\/sindaopcpb.org.br\/index.php\/wp-json\/wp\/v2\/posts\/22225\/revisions"}],"predecessor-version":[{"id":22226,"href":"https:\/\/sindaopcpb.org.br\/index.php\/wp-json\/wp\/v2\/posts\/22225\/revisions\/22226"}],"wp:attachment":[{"href":"https:\/\/sindaopcpb.org.br\/index.php\/wp-json\/wp\/v2\/media?parent=22225"}],"wp:term":[{"taxonomy":"category","embeddable":true,"href":"https:\/\/sindaopcpb.org.br\/index.php\/wp-json\/wp\/v2\/categories?post=22225"},{"taxonomy":"post_tag","embeddable":true,"href":"https:\/\/sindaopcpb.org.br\/index.php\/wp-json\/wp\/v2\/tags?post=22225"}],"curies":[{"name":"wp","href":"https:\/\/api.w.org\/{rel}","templated":true}]}}