{"id":22201,"date":"2023-06-23T15:51:51","date_gmt":"2023-06-23T18:51:51","guid":{"rendered":"https:\/\/www.infomoney.com.br\/?p=2169593"},"modified":"2023-06-23T15:51:51","modified_gmt":"2023-06-23T18:51:51","slug":"lider-do-governo-no-congresso-quer-convocar-campos-neto-para-dar-explicacoes-sobre-selic-em-comissao-do-senado","status":"publish","type":"post","link":"https:\/\/sindaopcpb.org.br\/index.php\/2023\/06\/23\/lider-do-governo-no-congresso-quer-convocar-campos-neto-para-dar-explicacoes-sobre-selic-em-comissao-do-senado\/","title":{"rendered":"L\u00edder do governo no Congresso quer convocar Campos Neto para dar explica\u00e7\u00f5es sobre Selic em comiss\u00e3o do Senado"},"content":{"rendered":"<p><img loading=\"lazy\" width=\"300\" height=\"200\" src=\"https:\/\/www.infomoney.com.br\/wp-content\/uploads\/2022\/06\/52166511659_f68c4de844_c.jpg?fit=300%2C200&amp;quality=70&amp;strip=all\" class=\"attachment-medium size-medium wp-post-image\" alt=\"\" decoding=\"async\" style=\"float:right; margin:0 0 10px 10px;\" srcset=\"https:\/\/www.infomoney.com.br\/wp-content\/uploads\/2022\/06\/52166511659_f68c4de844_c.jpg?w=799&amp;quality=70&amp;strip=all 799w, https:\/\/www.infomoney.com.br\/wp-content\/uploads\/2022\/06\/52166511659_f68c4de844_c.jpg?w=300&amp;quality=70&amp;strip=all 300w, https:\/\/www.infomoney.com.br\/wp-content\/uploads\/2022\/06\/52166511659_f68c4de844_c.jpg?w=768&amp;quality=70&amp;strip=all 768w, https:\/\/www.infomoney.com.br\/wp-content\/uploads\/2022\/06\/52166511659_f68c4de844_c.jpg?w=150&amp;quality=70&amp;strip=all 150w\" sizes=\"auto, (max-width: 300px) 100vw, 300px\" data-attachment-id=\"1877554\" data-permalink=\"https:\/\/www.infomoney.com.br\/politica\/cpi-do-mec-ja-tem-as-27-assinaturas-para-ser-instalada-no-senado-diz-lider-da-oposicao\/attachment\/52166511659_f68c4de844_c\/\" data-orig-file=\"https:\/\/www.infomoney.com.br\/wp-content\/uploads\/2022\/06\/52166511659_f68c4de844_c.jpg?fit=799%2C533&amp;quality=70&amp;strip=all\" data-orig-size=\"799,533\" data-comments-opened=\"1\" data-image-meta=\"{&quot;aperture&quot;:&quot;0&quot;,&quot;credit&quot;:&quot;Roque de S\\u00e1\\\/Ag\\u00eancia Senado&quot;,&quot;camera&quot;:&quot;&quot;,&quot;caption&quot;:&quot;&quot;,&quot;created_timestamp&quot;:&quot;0&quot;,&quot;copyright&quot;:&quot;Senado Federal do Brasil&quot;,&quot;focal_length&quot;:&quot;0&quot;,&quot;iso&quot;:&quot;0&quot;,&quot;shutter_speed&quot;:&quot;0&quot;,&quot;title&quot;:&quot;&quot;,&quot;orientation&quot;:&quot;0&quot;}\" data-image-title=\"Senador Randolfe Rodrigues (Rede-AP)\" data-image-description=\"\" data-image-caption=\"&lt;p&gt;O senador Randolfe Rodrigues (Rede-AP) durante sess\u00e3o no plen\u00e1rio (Foto: Roque de S\u00e1\/Ag\u00eancia Senado)&lt;\/p&gt;\n\" data-medium-file=\"https:\/\/www.infomoney.com.br\/wp-content\/uploads\/2022\/06\/52166511659_f68c4de844_c.jpg?fit=300%2C200&amp;quality=70&amp;strip=all\" data-large-file=\"https:\/\/www.infomoney.com.br\/wp-content\/uploads\/2022\/06\/52166511659_f68c4de844_c.jpg?fit=799%2C533&amp;quality=70&amp;strip=all\" title=\"\"><\/p>\n<p>O l\u00edder do governo no Congresso Nacional, senador <strong>Randolfe Rodrigues<\/strong> (sem partido-AP), defendeu, nesta sexta-feira (23), a convoca\u00e7\u00e3o do presidente do Banco Central, Roberto Campos Neto, para que ele preste esclarecimentos \u00e0 Comiss\u00e3o de Assuntos Econ\u00f4micos (CAE) do Senado Federal sobre as recentes decis\u00f5es de pol\u00edtica monet\u00e1ria adotadas pela autarquia.<\/p>\n<p>O movimento ocorre ap\u00f3s o Comit\u00ea de Pol\u00edtica Monet\u00e1ria (Copom) decidir manter, pela s\u00e9tima vez consecutiva, a taxa b\u00e1sica de juros (Selic) a 13,75% ao ano \u2012 reacendendo cr\u00edticas do presidente Luiz In\u00e1cio Lula da Silva (PT) e de outros integrantes do governo.<\/p>\n<p>Em viagem \u00e0 Europa, Lula afirmou que \u00e9 &#8220;irracional&#8221; manter a Selic no atual patamar com uma infla\u00e7\u00e3o a 5%. O mandat\u00e1rio tamb\u00e9m disse que Campos Neto (a quem se referiu mais uma vez como &#8220;esse cidad\u00e3o&#8221;) &#8220;joga contra a economia brasileira&#8221;.<\/p>\n<p>Tom cr\u00edtico tamb\u00e9m foi adotado pelo ministro da Fazenda, Fernando Haddad (PT), que acompanha Lula na agenda oficial no exterior. Na avalia\u00e7\u00e3o do chefe da equipe econ\u00f4mica, h\u00e1 um &#8220;descompasso&#8221; entre a a vis\u00e3o da autoridade monet\u00e1ria sobre a economia brasileira e o que de fato est\u00e1 acontecendo no pa\u00eds. Ele disse, ainda, que, com a decis\u00e3o desta semana, o BC &#8220;est\u00e1 contratando um problema futuro&#8221;, com mais infla\u00e7\u00e3o e possivelmente aumento de carga tribut\u00e1ria.<\/p>\n<p>Desde o in\u00edcio do terceiro mandato de Lula, integrantes do governo veem com desconfian\u00e7a a postura adotada por Roberto Campos Neto \u2012 indicado para o comando do Banco Central ainda durante o governo Bolsonaro. Alguns operadores do Pal\u00e1cio do Planalto chamam aten\u00e7\u00e3o para o risco que uma pol\u00edtica monet\u00e1ria pode representar para uma retomada mais vigorosa da economia pretendida por Lula.<\/p>\n<p>J\u00e1 o BC alega que \u00e9 preciso mais tempo para avaliar o comportamento da infla\u00e7\u00e3o e que as decis\u00f5es de pol\u00edtica s\u00e3o tomadas com base em crit\u00e9rios t\u00e9cnicos, seguindo a observ\u00e2ncia da necessidade de ancoragem de expectativas de agentes econ\u00f4micos.<\/p>\n<p>No comunicado sobre a \u00faltima reuni\u00e3o, o comit\u00ea pontuou que a conjuntura atual demanda &#8220;cautela e parcim\u00f4nia&#8221; na condu\u00e7\u00e3o da pol\u00edtica monet\u00e1ria, a despeito de sinais de desinfla\u00e7\u00e3o no horizonte. E n\u00e3o deu indica\u00e7\u00f5es claras de que os juros poder\u00e3o come\u00e7ar a cair no pr\u00f3ximo encontro, marcado para agosto \u2012 momento em que o consenso do mercado espera o in\u00edcio do afrouxamento.<\/p>\n<p>A possibilidade de convoca\u00e7\u00e3o de Roberto Campos Neto a prestar esclarecimentos junto a CAE do Senado seria mais um instrumento de press\u00e3o pol\u00edtica do governo sobre a atual gest\u00e3o do Banco Central, que tamb\u00e9m tem sofrido cr\u00edticas no setor produtivo e at\u00e9 entre alguns agentes do mercado financeiro.<\/p>\n<p>Em entrevista concedida ao canal GloboNews nesta sexta-feira (23), Randolfe Rodrigues disse que Campos Neto est\u00e1 &#8220;sabotando&#8221; o pa\u00eds e &#8220;atrasando&#8221; a economia no que considera o &#8220;melhor momento&#8221; da atividade dos \u00faltimos anos.<\/p>\n<p>&#8220;O presidente do Banco Central tem que prestar explica\u00e7\u00f5es sobre por que est\u00e1 atuando contra o Brasil e contra a realidade&#8221;, afirmou.<\/p>\n<p>&#8220;Talvez eu nem entrasse no m\u00e9rito da manuten\u00e7\u00e3o da taxa. Agora, todo o mercado estava esperando uma proje\u00e7\u00e3o de redu\u00e7\u00e3o <em>[da taxa]<\/em> a partir de agosto. O que o senhor do Banco Central est\u00e1 dizendo para n\u00f3s \u00e9 que talvez a proje\u00e7\u00e3o de redu\u00e7\u00e3o \u00e9 para 2024. Est\u00e1 ficando doido? T\u00e1 ficando maluco?&#8221;, prosseguiu.<\/p>\n<p>Integrantes do governo t\u00eam chamado a aten\u00e7\u00e3o para o fato de a manuten\u00e7\u00e3o da Selic em patamares elevados prejudica n\u00e3o apenas a atividade econ\u00f4mica como a arrecada\u00e7\u00e3o da Uni\u00e3o e dos entes subnacionais, podendo comprometer o pr\u00f3prio equil\u00edbrio fiscal.<\/p>\n<p>&#8220;N\u00e3o \u00e9 aceit\u00e1vel a economia e os dados caminharem em uma dire\u00e7\u00e3o e ter um freio a que o Brasil decole. A a\u00e7\u00e3o da parte do presidente do Banco Central n\u00e3o \u00e9 s\u00f3 de sabotagem, mas est\u00e1 freando que o Brasil decole&#8221;, disse Randolfe.<\/p>\n<p>A expectativa \u00e9 que o requerimento de convoca\u00e7\u00e3o de Campos Neto na Comiss\u00e3o de Assuntos Econ\u00f4micos do Senado Federal seja protocolado pelo parlamentar ainda na tarde desta sexta-feira (23).<\/p>\n<p>Na pr\u00f3xima semana, as aten\u00e7\u00f5es do mercado dever\u00e3o se dirigir \u00e0 reuni\u00e3o do Conselho Monet\u00e1rio Nacional (CMN), que colocar\u00e1 Campos Neto frente a frente com Haddad e a ministra do Planejamento e Or\u00e7amento, Simone Tebet (MDB), depois da nova decis\u00e3o do Copom.<\/p>\n<p>The post <a rel=\"nofollow noopener\" href=\"https:\/\/www.infomoney.com.br\/politica\/lider-do-governo-no-congresso-quer-convocar-campos-neto-para-dar-explicacoes-sobre-selic-em-comissao-do-senado\/\" target=\"_blank\">L\u00edder do governo no Congresso quer convocar Campos Neto para dar explica\u00e7\u00f5es sobre Selic em comiss\u00e3o do Senado<\/a> appeared first on <a rel=\"nofollow noopener\" href=\"https:\/\/www.infomoney.com.br\/\" target=\"_blank\">InfoMoney<\/a>.<\/p>\n","protected":false},"excerpt":{"rendered":"<p><img loading=\"lazy\" decoding=\"async\" width=\"300\" height=\"200\" src=\"https:\/\/www.infomoney.com.br\/wp-content\/uploads\/2022\/06\/52166511659_f68c4de844_c.jpg?fit=300%2C200&amp;quality=70&amp;strip=all\" class=\"attachment-medium size-medium wp-post-image\" alt=\"\" data-attachment-id=\"1877554\" data-permalink=\"https:\/\/www.infomoney.com.br\/politica\/cpi-do-mec-ja-tem-as-27-assinaturas-para-ser-instalada-no-senado-diz-lider-da-oposicao\/attachment\/52166511659_f68c4de844_c\/\" data-orig-file=\"https:\/\/www.infomoney.com.br\/wp-content\/uploads\/2022\/06\/52166511659_f68c4de844_c.jpg?fit=799%2C533&amp;quality=70&amp;strip=all\" data-orig-size=\"799,533\" data-comments-opened=\"1\" data-image-meta='{\"aperture\":\"0\",\"credit\":\"Roque de S\\u00e1\\\/Ag\\u00eancia Senado\",\"camera\":\"\",\"caption\":\"\",\"created_timestamp\":\"0\",\"copyright\":\"Senado Federal do Brasil\",\"focal_length\":\"0\",\"iso\":\"0\",\"shutter_speed\":\"0\",\"title\":\"\",\"orientation\":\"0\"}' data-image-title=\"Senador Randolfe Rodrigues (Rede-AP)\" data-image-description=\"\" data-image-caption=\"&lt;p&gt;O senador Randolfe Rodrigues (Rede-AP) durante sess\u00e3o no plen\u00e1rio (Foto: Roque de S\u00e1\/Ag\u00eancia Senado)&lt;\/p&gt;\n\" data-medium-file=\"https:\/\/www.infomoney.com.br\/wp-content\/uploads\/2022\/06\/52166511659_f68c4de844_c.jpg?fit=300%2C200&amp;quality=70&amp;strip=all\" data-large-file=\"https:\/\/www.infomoney.com.br\/wp-content\/uploads\/2022\/06\/52166511659_f68c4de844_c.jpg?fit=799%2C533&amp;quality=70&amp;strip=all\">Movimento ocorre ap\u00f3s o Comit\u00ea de Pol\u00edtica Monet\u00e1ria do BC decidir manter Selic a 13,75% pela s\u00e9tima reuni\u00e3o consecutiva, sob cr\u00edticas de Lula e Haddad<\/p>\n<p>The post <a rel=\"nofollow\" href=\"https:\/\/www.infomoney.com.br\/politica\/lider-do-governo-no-congresso-quer-convocar-campos-neto-para-dar-explicacoes-sobre-selic-em-comissao-do-senado\/\">L\u00edder do governo no Congresso quer convocar Campos Neto para dar explica\u00e7\u00f5es sobre Selic em comiss\u00e3o do Senado<\/a> appeared first on <a rel=\"nofollow\" href=\"https:\/\/www.infomoney.com.br\/\">InfoMoney<\/a>.<\/p>\n","protected":false},"author":52,"featured_media":0,"comment_status":"closed","ping_status":"closed","sticky":false,"template":"","format":"standard","meta":{"advgb_blocks_editor_width":"","advgb_blocks_columns_visual_guide":"","footnotes":""},"categories":[279,359,1626,34,260,129,47,368,402,403],"tags":[35],"class_list":["post-22201","post","type-post","status-publish","format-standard","hentry","category-banco-central","category-congresso-nacional","category-copom","category-g1","category-governo","category-luiz-inacio-lula-da-silva","category-politica","category-randolfe-rodrigues","category-roberto-campos-neto","category-senado","tag-g1"],"author_meta":{"display_name":"Marcos Mortari","author_link":"https:\/\/sindaopcpb.org.br\/author\/marcos-mortari\/"},"featured_img":null,"coauthors":[],"tax_additional":{"categories":{"linked":["<a href=\"https:\/\/sindaopcpb.org.br\/banco-central\/\" class=\"advgb-post-tax-term\">Banco Central<\/a>","<a href=\"https:\/\/sindaopcpb.org.br\/congresso-nacional\/\" class=\"advgb-post-tax-term\">Congresso Nacional<\/a>","<a href=\"https:\/\/sindaopcpb.org.br\/copom\/\" class=\"advgb-post-tax-term\">Copom<\/a>","<a href=\"https:\/\/sindaopcpb.org.br\/g1\/\" class=\"advgb-post-tax-term\">G1<\/a>","<a href=\"https:\/\/sindaopcpb.org.br\/governo\/\" class=\"advgb-post-tax-term\">Governo<\/a>","<a href=\"https:\/\/sindaopcpb.org.br\/luiz-inacio-lula-da-silva\/\" class=\"advgb-post-tax-term\">Luiz In\u00e1cio Lula da Silva<\/a>","<a href=\"https:\/\/sindaopcpb.org.br\/politica\/\" class=\"advgb-post-tax-term\">POLITICA<\/a>","<a href=\"https:\/\/sindaopcpb.org.br\/randolfe-rodrigues\/\" class=\"advgb-post-tax-term\">Randolfe Rodrigues<\/a>","<a href=\"https:\/\/sindaopcpb.org.br\/roberto-campos-neto\/\" class=\"advgb-post-tax-term\">Roberto Campos Neto<\/a>","<a href=\"https:\/\/sindaopcpb.org.br\/senado\/\" class=\"advgb-post-tax-term\">Senado<\/a>"],"unlinked":["<span class=\"advgb-post-tax-term\">Banco Central<\/span>","<span class=\"advgb-post-tax-term\">Congresso Nacional<\/span>","<span class=\"advgb-post-tax-term\">Copom<\/span>","<span class=\"advgb-post-tax-term\">G1<\/span>","<span class=\"advgb-post-tax-term\">Governo<\/span>","<span class=\"advgb-post-tax-term\">Luiz In\u00e1cio Lula da Silva<\/span>","<span class=\"advgb-post-tax-term\">POLITICA<\/span>","<span class=\"advgb-post-tax-term\">Randolfe Rodrigues<\/span>","<span class=\"advgb-post-tax-term\">Roberto Campos Neto<\/span>","<span class=\"advgb-post-tax-term\">Senado<\/span>"]},"tags":{"linked":["<a href=\"https:\/\/sindaopcpb.org.br\/senado\/\" class=\"advgb-post-tax-term\">g1<\/a>"],"unlinked":["<span class=\"advgb-post-tax-term\">g1<\/span>"]}},"comment_count":"0","relative_dates":{"created":"Publicado 3 anos atr\u00e1s","modified":"Atualizado 3 anos atr\u00e1s"},"absolute_dates":{"created":"Publicado em 23 de junho de 2023","modified":"Atualizado em 23 de junho de 2023"},"absolute_dates_time":{"created":"Publicado em 23 de junho de 2023 15:51","modified":"Atualizado em 23 de junho de 2023 15:51"},"featured_img_caption":"","series_order":"","_links":{"self":[{"href":"https:\/\/sindaopcpb.org.br\/index.php\/wp-json\/wp\/v2\/posts\/22201","targetHints":{"allow":["GET"]}}],"collection":[{"href":"https:\/\/sindaopcpb.org.br\/index.php\/wp-json\/wp\/v2\/posts"}],"about":[{"href":"https:\/\/sindaopcpb.org.br\/index.php\/wp-json\/wp\/v2\/types\/post"}],"author":[{"embeddable":true,"href":"https:\/\/sindaopcpb.org.br\/index.php\/wp-json\/wp\/v2\/users\/52"}],"replies":[{"embeddable":true,"href":"https:\/\/sindaopcpb.org.br\/index.php\/wp-json\/wp\/v2\/comments?post=22201"}],"version-history":[{"count":2,"href":"https:\/\/sindaopcpb.org.br\/index.php\/wp-json\/wp\/v2\/posts\/22201\/revisions"}],"predecessor-version":[{"id":22249,"href":"https:\/\/sindaopcpb.org.br\/index.php\/wp-json\/wp\/v2\/posts\/22201\/revisions\/22249"}],"wp:attachment":[{"href":"https:\/\/sindaopcpb.org.br\/index.php\/wp-json\/wp\/v2\/media?parent=22201"}],"wp:term":[{"taxonomy":"category","embeddable":true,"href":"https:\/\/sindaopcpb.org.br\/index.php\/wp-json\/wp\/v2\/categories?post=22201"},{"taxonomy":"post_tag","embeddable":true,"href":"https:\/\/sindaopcpb.org.br\/index.php\/wp-json\/wp\/v2\/tags?post=22201"}],"curies":[{"name":"wp","href":"https:\/\/api.w.org\/{rel}","templated":true}]}}