{"id":22188,"date":"2023-06-23T14:51:46","date_gmt":"2023-06-23T17:51:46","guid":{"rendered":"https:\/\/www.infomoney.com.br\/?p=2169413"},"modified":"2023-06-23T14:51:46","modified_gmt":"2023-06-23T17:51:46","slug":"cpmi-do-8-de-janeiro-ouve-o-ex-chefe-da-pm-do-distrito-federal-na-segunda-feira","status":"publish","type":"post","link":"https:\/\/sindaopcpb.org.br\/index.php\/2023\/06\/23\/cpmi-do-8-de-janeiro-ouve-o-ex-chefe-da-pm-do-distrito-federal-na-segunda-feira\/","title":{"rendered":"CPMI do 8 de Janeiro ouve o ex-chefe da PM do Distrito Federal na segunda-feira"},"content":{"rendered":"<p><img loading=\"lazy\" width=\"300\" height=\"200\" src=\"https:\/\/www.infomoney.com.br\/wp-content\/uploads\/2023\/01\/manifestacao1_mcamgo_abr_080120231818.jpg?fit=300%2C200&amp;quality=70&amp;strip=all\" class=\"attachment-medium size-medium wp-post-image\" alt=\"\" decoding=\"async\" style=\"float:right; margin:0 0 10px 10px;\" srcset=\"https:\/\/www.infomoney.com.br\/wp-content\/uploads\/2023\/01\/manifestacao1_mcamgo_abr_080120231818.jpg?w=2048&amp;quality=70&amp;strip=all 2048w, https:\/\/www.infomoney.com.br\/wp-content\/uploads\/2023\/01\/manifestacao1_mcamgo_abr_080120231818.jpg?w=300&amp;quality=70&amp;strip=all 300w, https:\/\/www.infomoney.com.br\/wp-content\/uploads\/2023\/01\/manifestacao1_mcamgo_abr_080120231818.jpg?w=768&amp;quality=70&amp;strip=all 768w, https:\/\/www.infomoney.com.br\/wp-content\/uploads\/2023\/01\/manifestacao1_mcamgo_abr_080120231818.jpg?w=1280&amp;quality=70&amp;strip=all 1280w, https:\/\/www.infomoney.com.br\/wp-content\/uploads\/2023\/01\/manifestacao1_mcamgo_abr_080120231818.jpg?w=1536&amp;quality=70&amp;strip=all 1536w, https:\/\/www.infomoney.com.br\/wp-content\/uploads\/2023\/01\/manifestacao1_mcamgo_abr_080120231818.jpg?w=150&amp;quality=70&amp;strip=all 150w\" sizes=\"auto, (max-width: 300px) 100vw, 300px\" data-attachment-id=\"2025484\" data-permalink=\"https:\/\/www.infomoney.com.br\/manifestantes-invadem-congresso-stf-e-palacio-do-planalto-3\/\" data-orig-file=\"https:\/\/www.infomoney.com.br\/wp-content\/uploads\/2023\/01\/manifestacao1_mcamgo_abr_080120231818.jpg?fit=2048%2C1365&amp;quality=70&amp;strip=all\" data-orig-size=\"2048,1365\" data-comments-opened=\"0\" data-image-meta=\"{&quot;aperture&quot;:&quot;2.8&quot;,&quot;credit&quot;:&quot;Marcelo Camargo\\\/Ag\\u00eancia Brasil&quot;,&quot;camera&quot;:&quot;Canon EOS-1D X&quot;,&quot;caption&quot;:&quot;Manifestantes invadem Congresso, STF e Pal\\u00e1cio do Planalto.&quot;,&quot;created_timestamp&quot;:&quot;1673136000&quot;,&quot;copyright&quot;:&quot;Ag\\u00eancia Brasil\\\/EBC&quot;,&quot;focal_length&quot;:&quot;200&quot;,&quot;iso&quot;:&quot;250&quot;,&quot;shutter_speed&quot;:&quot;0.0003125&quot;,&quot;title&quot;:&quot;Manifestantes invadem Congresso, STF e Pal\\u00e1cio do Planalto.&quot;,&quot;orientation&quot;:&quot;1&quot;}\" data-image-title=\"Manifestantes invadem Congresso, STF e Pal\u00e1cio do Planalto.\" data-image-description=\"\" data-image-caption=\"&lt;p&gt;Manifestantes invadem Congresso, STF e Pal\u00e1cio do Planalto (Foto: Marcelo Camargo\/Ag\u00eancia Brasil)&lt;\/p&gt;\n\" data-medium-file=\"https:\/\/www.infomoney.com.br\/wp-content\/uploads\/2023\/01\/manifestacao1_mcamgo_abr_080120231818.jpg?fit=300%2C200&amp;quality=70&amp;strip=all\" data-large-file=\"https:\/\/www.infomoney.com.br\/wp-content\/uploads\/2023\/01\/manifestacao1_mcamgo_abr_080120231818.jpg?fit=1280%2C853&amp;quality=70&amp;strip=all\" title=\"\"><\/p>\n<p>A Comiss\u00e3o Parlamentar Mista de Inqu\u00e9rito (CPMI) do 8 de Janeiro realiza duas audi\u00eancias p\u00fablicas na pr\u00f3xima semana. Na segunda-feira (26), \u00e0s 14 horas, os parlamentares ouvir\u00e3o o ex-chefe do Departamento Operacional da Pol\u00edcia Militar do Distrito Federal Jorge Eduardo Naime sobre a tentativa de invas\u00e3o da sede da Pol\u00edcia Federal, em Bras\u00edlia, no dia 12 de dezembro \u2013 data da diploma\u00e7\u00e3o do presidente eleito Luiz In\u00e1cio Lula da Silva.<\/p>\n<p>Naime ser\u00e1 ouvido como testemunha, a pedido da relatora, senadora Eliziane Gama (PSD-MA).\u00a0&#8220;Pensa-se que o senhor Jorge trar\u00e1 informa\u00e7\u00f5es de enorme valia para a condu\u00e7\u00e3o dos nossos futuros trabalhos na presente comiss\u00e3o&#8221;, acredita Eliziane.<\/p>\n<h2><strong>Agenda<\/strong><\/h2>\n<p>Na ter\u00e7a (27), \u00e0s 9 horas, ser\u00e1 a vez do ex-subchefe do Estado Maior do Ex\u00e9rcito Jean Lawand J\u00fanior falar \u00e0 comiss\u00e3o. Ele teve reveladas conversas com o ex-ajudante de ordens do presidente Jair Bolsonaro, tenente-coronel Mauro Cid.<\/p>\n<p>&#8220;A oitiva do militar, subchefe do Estado-Maior do Ex\u00e9rcito no governo anterior e atual adjunto do adido do Ex\u00e9rcito junto \u00e0 Representa\u00e7\u00e3o Diplom\u00e1tica do Brasil nos Estados Unidos, nos parece fundamental&#8221;, disse a relatora.<\/p>\n<p>As duas oitivas ser\u00e3o realizadas no plen\u00e1rio 2, da ala Nilo Coelho, no Senado.<\/p>\n<h2><strong>Depoimentos j\u00e1 realizados<\/strong><\/h2>\n<p>Nesta semana a CPMI ouviu o empres\u00e1rio George Washington Sousa \u2013 que est\u00e1 preso acusado de ter colocado uma bomba em um caminh\u00e3o pr\u00f3ximo ao Aeroporto JK, em Bras\u00edlia, em 24 de dezembro do ano passado \u2013; o diretor do Departamento de Combate \u00e0 Corrup\u00e7\u00e3o e ao Crime Organizado da Pol\u00edcia Civil do DF, Leonardo de Castro; e os\u00a0peritos da Pol\u00edcia Civil do DF Renato Carrijo e Valdir Pires Filho, que fizeram exames nas proximidades do aeroporto e no caminh\u00e3o.<\/p>\n<p>The post <a rel=\"nofollow noopener\" href=\"https:\/\/www.infomoney.com.br\/politica\/cpmi-do-8-de-janeiro-ouve-o-ex-chefe-da-pm-do-distrito-federal-na-segunda-feira\/\" target=\"_blank\">CPMI do 8 de Janeiro ouve o ex-chefe da PM do Distrito Federal na segunda-feira<\/a> appeared first on <a rel=\"nofollow noopener\" href=\"https:\/\/www.infomoney.com.br\/\" target=\"_blank\">InfoMoney<\/a>.<\/p>\n","protected":false},"excerpt":{"rendered":"<p><img loading=\"lazy\" decoding=\"async\" width=\"300\" height=\"200\" src=\"https:\/\/www.infomoney.com.br\/wp-content\/uploads\/2023\/01\/manifestacao1_mcamgo_abr_080120231818.jpg?fit=300%2C200&amp;quality=70&amp;strip=all\" class=\"attachment-medium size-medium wp-post-image\" alt=\"\" data-attachment-id=\"2025484\" data-permalink=\"https:\/\/www.infomoney.com.br\/manifestantes-invadem-congresso-stf-e-palacio-do-planalto-3\/\" data-orig-file=\"https:\/\/www.infomoney.com.br\/wp-content\/uploads\/2023\/01\/manifestacao1_mcamgo_abr_080120231818.jpg?fit=2048%2C1365&amp;quality=70&amp;strip=all\" data-orig-size=\"2048,1365\" data-comments-opened=\"0\" data-image-meta='{\"aperture\":\"2.8\",\"credit\":\"Marcelo Camargo\\\/Ag\\u00eancia Brasil\",\"camera\":\"Canon EOS-1D X\",\"caption\":\"Manifestantes invadem Congresso, STF e Pal\\u00e1cio do Planalto.\",\"created_timestamp\":\"1673136000\",\"copyright\":\"Ag\\u00eancia Brasil\\\/EBC\",\"focal_length\":\"200\",\"iso\":\"250\",\"shutter_speed\":\"0.0003125\",\"title\":\"Manifestantes invadem Congresso, STF e Pal\\u00e1cio do Planalto.\",\"orientation\":\"1\"}' data-image-title=\"Manifestantes invadem Congresso, STF e Pal\u00e1cio do Planalto.\" data-image-description=\"\" data-image-caption=\"&lt;p&gt;Manifestantes invadem Congresso, STF e Pal\u00e1cio do Planalto (Foto: Marcelo Camargo\/Ag\u00eancia Brasil)&lt;\/p&gt;\n\" data-medium-file=\"https:\/\/www.infomoney.com.br\/wp-content\/uploads\/2023\/01\/manifestacao1_mcamgo_abr_080120231818.jpg?fit=300%2C200&amp;quality=70&amp;strip=all\" data-large-file=\"https:\/\/www.infomoney.com.br\/wp-content\/uploads\/2023\/01\/manifestacao1_mcamgo_abr_080120231818.jpg?fit=1280%2C853&amp;quality=70&amp;strip=all\">Na ter\u00e7a, a comiss\u00e3o vai ouvir o militar Lawand J\u00fanior, que teve conversas reveladas com o ex-ajudante de ordens Mauro Cid<\/p>\n<p>The post <a rel=\"nofollow\" href=\"https:\/\/www.infomoney.com.br\/politica\/cpmi-do-8-de-janeiro-ouve-o-ex-chefe-da-pm-do-distrito-federal-na-segunda-feira\/\">CPMI do 8 de Janeiro ouve o ex-chefe da PM do Distrito Federal na segunda-feira<\/a> appeared first on <a rel=\"nofollow\" href=\"https:\/\/www.infomoney.com.br\/\">InfoMoney<\/a>.<\/p>\n","protected":false},"author":47,"featured_media":0,"comment_status":"closed","ping_status":"closed","sticky":false,"template":"","format":"standard","meta":{"advgb_blocks_editor_width":"","advgb_blocks_columns_visual_guide":"","footnotes":""},"categories":[358,359,752,34,47],"tags":[35],"class_list":["post-22188","post","type-post","status-publish","format-standard","hentry","category-ataque-em-brasilia","category-congresso-nacional","category-cpi","category-g1","category-politica","tag-g1"],"author_meta":{"display_name":"luispereira","author_link":"https:\/\/sindaopcpb.org.br\/author\/luispereira\/"},"featured_img":null,"coauthors":[],"tax_additional":{"categories":{"linked":["<a href=\"https:\/\/sindaopcpb.org.br\/ataque-em-brasilia\/\" class=\"advgb-post-tax-term\">Ataque em Bras\u00edlia<\/a>","<a href=\"https:\/\/sindaopcpb.org.br\/congresso-nacional\/\" class=\"advgb-post-tax-term\">Congresso Nacional<\/a>","<a href=\"https:\/\/sindaopcpb.org.br\/cpi\/\" class=\"advgb-post-tax-term\">CPI<\/a>","<a href=\"https:\/\/sindaopcpb.org.br\/g1\/\" class=\"advgb-post-tax-term\">G1<\/a>","<a href=\"https:\/\/sindaopcpb.org.br\/politica\/\" class=\"advgb-post-tax-term\">POLITICA<\/a>"],"unlinked":["<span class=\"advgb-post-tax-term\">Ataque em Bras\u00edlia<\/span>","<span class=\"advgb-post-tax-term\">Congresso Nacional<\/span>","<span class=\"advgb-post-tax-term\">CPI<\/span>","<span class=\"advgb-post-tax-term\">G1<\/span>","<span class=\"advgb-post-tax-term\">POLITICA<\/span>"]},"tags":{"linked":["<a href=\"https:\/\/sindaopcpb.org.br\/politica\/\" class=\"advgb-post-tax-term\">g1<\/a>"],"unlinked":["<span class=\"advgb-post-tax-term\">g1<\/span>"]}},"comment_count":"0","relative_dates":{"created":"Publicado 3 anos atr\u00e1s","modified":"Atualizado 3 anos atr\u00e1s"},"absolute_dates":{"created":"Publicado em 23 de junho de 2023","modified":"Atualizado em 23 de junho de 2023"},"absolute_dates_time":{"created":"Publicado em 23 de junho de 2023 14:51","modified":"Atualizado em 23 de junho de 2023 14:51"},"featured_img_caption":"","series_order":"","_links":{"self":[{"href":"https:\/\/sindaopcpb.org.br\/index.php\/wp-json\/wp\/v2\/posts\/22188","targetHints":{"allow":["GET"]}}],"collection":[{"href":"https:\/\/sindaopcpb.org.br\/index.php\/wp-json\/wp\/v2\/posts"}],"about":[{"href":"https:\/\/sindaopcpb.org.br\/index.php\/wp-json\/wp\/v2\/types\/post"}],"author":[{"embeddable":true,"href":"https:\/\/sindaopcpb.org.br\/index.php\/wp-json\/wp\/v2\/users\/47"}],"replies":[{"embeddable":true,"href":"https:\/\/sindaopcpb.org.br\/index.php\/wp-json\/wp\/v2\/comments?post=22188"}],"version-history":[{"count":1,"href":"https:\/\/sindaopcpb.org.br\/index.php\/wp-json\/wp\/v2\/posts\/22188\/revisions"}],"predecessor-version":[{"id":22189,"href":"https:\/\/sindaopcpb.org.br\/index.php\/wp-json\/wp\/v2\/posts\/22188\/revisions\/22189"}],"wp:attachment":[{"href":"https:\/\/sindaopcpb.org.br\/index.php\/wp-json\/wp\/v2\/media?parent=22188"}],"wp:term":[{"taxonomy":"category","embeddable":true,"href":"https:\/\/sindaopcpb.org.br\/index.php\/wp-json\/wp\/v2\/categories?post=22188"},{"taxonomy":"post_tag","embeddable":true,"href":"https:\/\/sindaopcpb.org.br\/index.php\/wp-json\/wp\/v2\/tags?post=22188"}],"curies":[{"name":"wp","href":"https:\/\/api.w.org\/{rel}","templated":true}]}}