{"id":22184,"date":"2023-06-23T14:16:32","date_gmt":"2023-06-23T17:16:32","guid":{"rendered":"https:\/\/g1.globo.com\/pb\/paraiba\/noticia\/2023\/06\/23\/sinto-falta-de-falar-com-ele-diz-mae-de-pescador-desaparecido-ha-uma-semana-em-naufragio.ghtml"},"modified":"2023-06-23T14:16:32","modified_gmt":"2023-06-23T17:16:32","slug":"sinto-falta-de-falar-com-ele-diz-mae-de-pescador-desaparecido-ha-uma-semana-em-naufragio","status":"publish","type":"post","link":"https:\/\/sindaopcpb.org.br\/index.php\/2023\/06\/23\/sinto-falta-de-falar-com-ele-diz-mae-de-pescador-desaparecido-ha-uma-semana-em-naufragio\/","title":{"rendered":"&#8216;Sinto falta de falar com ele&#8217;, diz m\u00e3e de pescador desaparecido h\u00e1 uma semana em naufr\u00e1gio"},"content":{"rendered":"   <img src=\"https:\/\/s2.glbimg.com\/9TpN07OFsYbP6LRpBawSdR8IGzA=\/i.s3.glbimg.com\/v1\/AUTH_59edd422c0c84a879bd37670ae4f538a\/internal_photos\/bs\/2023\/7\/5\/ByMWmmSTa2m37nKh9LOg\/alisson-pescador-desaparecido.jpg\" \/><br \/>     Alisson da Silva Santos \u00e9 um dos desaparecidos ap\u00f3s o naufr\u00e1gio do barco 'BP Safadi Seif', em Santa Catarina.  Alisson da Silva Santos \u00e9 um dos pescadores desaparecidos ap\u00f3s naufr\u00e1gio de barco em Santa Catarina\nReprodu\u00e7\u00e3o\/g1\nA m\u00e3e do pescador paraibano que desapareceu ap\u00f3s o naufr\u00e1gio do barco 'BP Safadi Seif', em Santa Catarina, disse que est\u00e1 sentido falta de falar com ele. O desaparecimento de Alisson da Silva Santos, de 37 anos, completa sete dias nesta sexta-feira (23). \n\"Meu cora\u00e7\u00e3o t\u00e1 todo do\u00eddo, todo machucado, sinto falta do meu filho, falta da voz dele, sinto falta de falar com ele\", disse Antonia Costa da Silva, a m\u00e3e de Alisson. \nCompartilhe esta not\u00edcia no WhatsApp \nCompartilhe esta not\u00edcia no Telegram \nCompartilhar Antonia relatou que a nora dela, a esposa de Alisson, \u00e9 quem est\u00e1 em contato com as equipes de busca. No entanto, at\u00e9 o momento, o paraibano n\u00e3o foi encontrado. \"N\u00e3o tenho resposta de nada, realmente\". \nO barco pesqueiro havia sido encontrado na segunda-feira (19), mas desapareceu novamente nesta quinta-feira (22). Al\u00e9m de Alisson, segue desaparecido Diego Silva de Brito. \nPescador mandou v\u00eddeo de tempestade \nNa quinta-feira (15), v\u00e9spera do desaparecimento, Ant\u00f4nia falou com Alisson por uma chamada de v\u00eddeo. No dia seguinte, o pescador chegou a enviar \u00e0 fam\u00edlia um v\u00eddeo em que mostra o barco durante uma tempestade.\nAs imagens foram feitas no \u00faltimo contato de Alisson com a fam\u00edlia, na Para\u00edba, no dia do naufr\u00e1gio. As buscas por Alisson e pelo outro pescador desaparecido retornaram na segunda-feira (19).\n\u201cEle estava dentro do barco, disse que a embarca\u00e7\u00e3o n\u00e3o estava muito bem, mas relatou que iriam consertar e que iam para o mar na sexta-feira, \u00e0s 17h. Dei a b\u00ean\u00e7\u00e3o e pedi prote\u00e7\u00e3o para ele e para todos. S\u00f3 depois que tivemos not\u00edcia dessa trag\u00e9dia\u201d, disse Antonia.\nAlisson \u00e9 natural de Lucena, na Regi\u00e3o Metropolitana de Jo\u00e3o Pessoa, e trabalha como pescador, em Santa Catarina, h\u00e1 cerca de seis anos. De acordo com a m\u00e3e dele, a \u00faltima vez que ele veio \u00e0 Para\u00edba foi h\u00e1 dois anos. \u201cEle j\u00e1 era acostumado com a pesca em alto mar, mas sempre dizia que era muito perigoso\u201d, contou.\nV\u00eddeos mais assistidos do g1 Para\u00edba  ","protected":false},"excerpt":{"rendered":"<p>        Alisson da Silva Santos \u00e9 um dos desaparecidos ap\u00f3s o naufr\u00e1gio do barco &#8216;BP Safadi Seif&#8217;, em Santa Catarina.  Alisson da Silva Santos \u00e9 um dos pescadores desaparecidos ap\u00f3s naufr\u00e1gio de barco em Santa Catarina<br \/>\nReprodu\u00e7\u00e3o\/g1<br \/>\nA m\u00e3e do pescador p&#8230;<\/p>\n","protected":false},"author":2,"featured_media":0,"comment_status":"closed","ping_status":"closed","sticky":false,"template":"","format":"standard","meta":{"advgb_blocks_editor_width":"","advgb_blocks_columns_visual_guide":"","footnotes":""},"categories":[34],"tags":[35],"class_list":["post-22184","post","type-post","status-publish","format-standard","hentry","category-g1","tag-g1"],"author_meta":{"display_name":"g1 &gt; Para\u00edba","author_link":"https:\/\/sindaopcpb.org.br\/author\/g1-paraiba\/"},"featured_img":null,"coauthors":[],"tax_additional":{"categories":{"linked":["<a href=\"https:\/\/sindaopcpb.org.br\/g1\/\" class=\"advgb-post-tax-term\">G1<\/a>"],"unlinked":["<span class=\"advgb-post-tax-term\">G1<\/span>"]},"tags":{"linked":["<a href=\"https:\/\/sindaopcpb.org.br\/g1\/\" class=\"advgb-post-tax-term\">g1<\/a>"],"unlinked":["<span class=\"advgb-post-tax-term\">g1<\/span>"]}},"comment_count":"0","relative_dates":{"created":"Publicado 3 anos atr\u00e1s","modified":"Atualizado 3 anos atr\u00e1s"},"absolute_dates":{"created":"Publicado em 23 de junho de 2023","modified":"Atualizado em 23 de junho de 2023"},"absolute_dates_time":{"created":"Publicado em 23 de junho de 2023 14:16","modified":"Atualizado em 23 de junho de 2023 14:16"},"featured_img_caption":"","series_order":"","_links":{"self":[{"href":"https:\/\/sindaopcpb.org.br\/index.php\/wp-json\/wp\/v2\/posts\/22184","targetHints":{"allow":["GET"]}}],"collection":[{"href":"https:\/\/sindaopcpb.org.br\/index.php\/wp-json\/wp\/v2\/posts"}],"about":[{"href":"https:\/\/sindaopcpb.org.br\/index.php\/wp-json\/wp\/v2\/types\/post"}],"author":[{"embeddable":true,"href":"https:\/\/sindaopcpb.org.br\/index.php\/wp-json\/wp\/v2\/users\/2"}],"replies":[{"embeddable":true,"href":"https:\/\/sindaopcpb.org.br\/index.php\/wp-json\/wp\/v2\/comments?post=22184"}],"version-history":[{"count":1,"href":"https:\/\/sindaopcpb.org.br\/index.php\/wp-json\/wp\/v2\/posts\/22184\/revisions"}],"predecessor-version":[{"id":22185,"href":"https:\/\/sindaopcpb.org.br\/index.php\/wp-json\/wp\/v2\/posts\/22184\/revisions\/22185"}],"wp:attachment":[{"href":"https:\/\/sindaopcpb.org.br\/index.php\/wp-json\/wp\/v2\/media?parent=22184"}],"wp:term":[{"taxonomy":"category","embeddable":true,"href":"https:\/\/sindaopcpb.org.br\/index.php\/wp-json\/wp\/v2\/categories?post=22184"},{"taxonomy":"post_tag","embeddable":true,"href":"https:\/\/sindaopcpb.org.br\/index.php\/wp-json\/wp\/v2\/tags?post=22184"}],"curies":[{"name":"wp","href":"https:\/\/api.w.org\/{rel}","templated":true}]}}