{"id":22165,"date":"2023-06-23T13:16:45","date_gmt":"2023-06-23T16:16:45","guid":{"rendered":"https:\/\/wpa.wscom.com.br\/?p=907884"},"modified":"2023-06-23T13:16:45","modified_gmt":"2023-06-23T16:16:45","slug":"ruy-alerta-populacao-sobre-importunacao-sexual-nas-festas-juninas-e-relembra-projeto-de-protecao-as-mulheres","status":"publish","type":"post","link":"https:\/\/sindaopcpb.org.br\/index.php\/2023\/06\/23\/ruy-alerta-populacao-sobre-importunacao-sexual-nas-festas-juninas-e-relembra-projeto-de-protecao-as-mulheres\/","title":{"rendered":"Ruy alerta popula\u00e7\u00e3o sobre importuna\u00e7\u00e3o sexual nas festas juninas e relembra projeto de prote\u00e7\u00e3o \u00e0s mulheres"},"content":{"rendered":"<p>O combate ao ass\u00e9dio e a importuna\u00e7\u00e3o sexual durante as festividades juninas foi destacado pelo deputado federal Ruy Carneiro. \u201cQualquer atitude que ultrapasse os limites do consentimento precisa ser amplamente combatida e os respons\u00e1veis penalizados com os rigores da lei\u201d, defendeu.<\/p>\n<p>Ruy ressaltou a import\u00e2ncia das campanhas educativas, mas afirmou que o alerta da popula\u00e7\u00e3o \u00e9 fundamental. \u201cAlgumas pessoas buscam se aproveitar dos ambientes festivos e com muitas gente para tentar ultrapassar o limites, principalmente com as mulheres. \u00c9 fundamental que todos estejam alerta a qualquer aproxima\u00e7\u00e3o indevida. Em caso de excessos, chamem aten\u00e7\u00e3o de quem est\u00e1 por perto e acionem imediatamente a autoridade mais pr\u00f3xima\u201d, acrescentou.<\/p>\n<p>O parlamentar tamb\u00e9m lembrou que \u00e9 autor do projeto de lei que acolhe mulheres v\u00edtimas de viol\u00eancia em bares, restaurantes e casas de eventos. \u201cO objetivo \u00e9 ampliar a prote\u00e7\u00e3o \u00e0s mulheres nesses ambientes, onde os casos de ass\u00e9dio e importuna\u00e7\u00e3o acontecem com mais frequ\u00eancia. A medida determina que estabelecimentos capacitem funcion\u00e1rios para auxiliar v\u00edtimas, conduzam essas pessoas de forma segura at\u00e9 as autoridades competentes, preservem imagens de circuito de seguran\u00e7a, entre outros protocolos\u201d, revelou.<\/p>\n<p>O regime de urg\u00eancia do PL 1329\/2023 foi aprovado pela C\u00e2mara Federal na \u00faltima ter\u00e7a-feira (20). A mat\u00e9ria deve ser votada no Plen\u00e1rio nos pr\u00f3ximos dias.<\/p>\n<p>O post <a rel=\"nofollow noopener\" href=\"https:\/\/wscom.com.br\/ruy-alerta-populacao-sobre-importunacao-sexual-nas-festas-juninas-e-relembra-projeto-de-protecao-as-mulheres\/\" target=\"_blank\">Ruy alerta popula\u00e7\u00e3o sobre importuna\u00e7\u00e3o sexual nas festas juninas e relembra projeto de prote\u00e7\u00e3o \u00e0s mulheres<\/a> apareceu primeiro em <a rel=\"nofollow noopener\" href=\"https:\/\/wscom.com.br\/\" target=\"_blank\">WSCOM<\/a>.<\/p>\n","protected":false},"excerpt":{"rendered":"<p>O combate ao ass\u00e9dio e a importuna\u00e7\u00e3o sexual durante as festividades juninas foi destacado pelo deputado federal Ruy Carneiro. \u201cQualquer atitude que ultrapasse os limites do consentimento precisa ser amplamente combatida e os respons\u00e1veis penalizados com os rigores da lei\u201d, defendeu. Ruy ressaltou a import\u00e2ncia das campanhas educativas, mas afirmou que o alerta da popula\u00e7\u00e3o [\u2026]<\/p>\n<p>O post <a rel=\"nofollow\" href=\"https:\/\/wscom.com.br\/ruy-alerta-populacao-sobre-importunacao-sexual-nas-festas-juninas-e-relembra-projeto-de-protecao-as-mulheres\/\">Ruy alerta popula\u00e7\u00e3o sobre importuna\u00e7\u00e3o sexual nas festas juninas e relembra projeto de prote\u00e7\u00e3o \u00e0s mulheres<\/a> apareceu primeiro em <a rel=\"nofollow\" href=\"https:\/\/wscom.com.br\/\">WSCOM<\/a>.<\/p>\n","protected":false},"author":49,"featured_media":0,"comment_status":"closed","ping_status":"closed","sticky":false,"template":"","format":"standard","meta":{"advgb_blocks_editor_width":"","advgb_blocks_columns_visual_guide":"","footnotes":""},"categories":[5216,4301,34,1481,47,5217,764],"tags":[35],"class_list":["post-22165","post","type-post","status-publish","format-standard","hentry","category-combate-ao-assedio","category-festas-juninas","category-g1","category-importunacao-sexual","category-politica","category-protecao-as-mulheres","category-ruy-carneiro","tag-g1"],"author_meta":{"display_name":"Cristiane Cavalcante","author_link":"https:\/\/sindaopcpb.org.br\/author\/cristiane-cavalcante\/"},"featured_img":null,"coauthors":[],"tax_additional":{"categories":{"linked":["<a href=\"https:\/\/sindaopcpb.org.br\/combate-ao-assedio\/\" class=\"advgb-post-tax-term\">combate ao ass\u00e9dio<\/a>","<a href=\"https:\/\/sindaopcpb.org.br\/festas-juninas\/\" class=\"advgb-post-tax-term\">festas juninas<\/a>","<a href=\"https:\/\/sindaopcpb.org.br\/g1\/\" class=\"advgb-post-tax-term\">G1<\/a>","<a href=\"https:\/\/sindaopcpb.org.br\/importunacao-sexual\/\" class=\"advgb-post-tax-term\">importuna\u00e7\u00e3o sexual<\/a>","<a href=\"https:\/\/sindaopcpb.org.br\/politica\/\" class=\"advgb-post-tax-term\">POLITICA<\/a>","<a href=\"https:\/\/sindaopcpb.org.br\/protecao-as-mulheres\/\" class=\"advgb-post-tax-term\">Prote\u00e7\u00e3o \u00e0s mulheres<\/a>","<a href=\"https:\/\/sindaopcpb.org.br\/ruy-carneiro\/\" class=\"advgb-post-tax-term\">ruy carneiro<\/a>"],"unlinked":["<span class=\"advgb-post-tax-term\">combate ao ass\u00e9dio<\/span>","<span class=\"advgb-post-tax-term\">festas juninas<\/span>","<span class=\"advgb-post-tax-term\">G1<\/span>","<span class=\"advgb-post-tax-term\">importuna\u00e7\u00e3o sexual<\/span>","<span class=\"advgb-post-tax-term\">POLITICA<\/span>","<span class=\"advgb-post-tax-term\">Prote\u00e7\u00e3o \u00e0s mulheres<\/span>","<span class=\"advgb-post-tax-term\">ruy carneiro<\/span>"]},"tags":{"linked":["<a href=\"https:\/\/sindaopcpb.org.br\/ruy-carneiro\/\" class=\"advgb-post-tax-term\">g1<\/a>"],"unlinked":["<span class=\"advgb-post-tax-term\">g1<\/span>"]}},"comment_count":"0","relative_dates":{"created":"Publicado 3 anos atr\u00e1s","modified":"Atualizado 3 anos atr\u00e1s"},"absolute_dates":{"created":"Publicado em 23 de junho de 2023","modified":"Atualizado em 23 de junho de 2023"},"absolute_dates_time":{"created":"Publicado em 23 de junho de 2023 13:16","modified":"Atualizado em 23 de junho de 2023 13:16"},"featured_img_caption":"","series_order":"","_links":{"self":[{"href":"https:\/\/sindaopcpb.org.br\/index.php\/wp-json\/wp\/v2\/posts\/22165","targetHints":{"allow":["GET"]}}],"collection":[{"href":"https:\/\/sindaopcpb.org.br\/index.php\/wp-json\/wp\/v2\/posts"}],"about":[{"href":"https:\/\/sindaopcpb.org.br\/index.php\/wp-json\/wp\/v2\/types\/post"}],"author":[{"embeddable":true,"href":"https:\/\/sindaopcpb.org.br\/index.php\/wp-json\/wp\/v2\/users\/49"}],"replies":[{"embeddable":true,"href":"https:\/\/sindaopcpb.org.br\/index.php\/wp-json\/wp\/v2\/comments?post=22165"}],"version-history":[{"count":2,"href":"https:\/\/sindaopcpb.org.br\/index.php\/wp-json\/wp\/v2\/posts\/22165\/revisions"}],"predecessor-version":[{"id":22198,"href":"https:\/\/sindaopcpb.org.br\/index.php\/wp-json\/wp\/v2\/posts\/22165\/revisions\/22198"}],"wp:attachment":[{"href":"https:\/\/sindaopcpb.org.br\/index.php\/wp-json\/wp\/v2\/media?parent=22165"}],"wp:term":[{"taxonomy":"category","embeddable":true,"href":"https:\/\/sindaopcpb.org.br\/index.php\/wp-json\/wp\/v2\/categories?post=22165"},{"taxonomy":"post_tag","embeddable":true,"href":"https:\/\/sindaopcpb.org.br\/index.php\/wp-json\/wp\/v2\/tags?post=22165"}],"curies":[{"name":"wp","href":"https:\/\/api.w.org\/{rel}","templated":true}]}}