{"id":22151,"date":"2023-06-23T10:35:31","date_gmt":"2023-06-23T13:35:31","guid":{"rendered":"https:\/\/www.infomoney.com.br\/?p=2169234"},"modified":"2023-06-23T10:35:31","modified_gmt":"2023-06-23T13:35:31","slug":"cpmi-delegado-aponta-elo-entre-atentado-a-bomba-e-ataque-a-sede-da-pf","status":"publish","type":"post","link":"https:\/\/sindaopcpb.org.br\/index.php\/2023\/06\/23\/cpmi-delegado-aponta-elo-entre-atentado-a-bomba-e-ataque-a-sede-da-pf\/","title":{"rendered":"CPMI: delegado aponta elo entre atentado a bomba e ataque \u00e0 sede da PF"},"content":{"rendered":"<p><img loading=\"lazy\" width=\"300\" height=\"225\" src=\"https:\/\/www.infomoney.com.br\/wp-content\/uploads\/2023\/06\/lula8208-34_0.jpg?fit=300%2C225&amp;quality=70&amp;strip=all\" class=\"attachment-medium size-medium wp-post-image\" alt=\"\" decoding=\"async\" style=\"float:right; margin:0 0 10px 10px;\" srcset=\"https:\/\/www.infomoney.com.br\/wp-content\/uploads\/2023\/06\/lula8208-34_0.jpg?w=1024&amp;quality=70&amp;strip=all 1024w, https:\/\/www.infomoney.com.br\/wp-content\/uploads\/2023\/06\/lula8208-34_0.jpg?w=300&amp;quality=70&amp;strip=all 300w, https:\/\/www.infomoney.com.br\/wp-content\/uploads\/2023\/06\/lula8208-34_0.jpg?w=768&amp;quality=70&amp;strip=all 768w, https:\/\/www.infomoney.com.br\/wp-content\/uploads\/2023\/06\/lula8208-34_0.jpg?w=150&amp;quality=70&amp;strip=all 150w\" sizes=\"auto, (max-width: 300px) 100vw, 300px\" data-attachment-id=\"2169265\" data-permalink=\"https:\/\/www.infomoney.com.br\/politica\/cpmi-delegado-aponta-elo-entre-atentado-a-bomba-e-ataque-a-sede-da-pf\/attachment\/lula8208-34_0\/\" data-orig-file=\"https:\/\/www.infomoney.com.br\/wp-content\/uploads\/2023\/06\/lula8208-34_0.jpg?fit=1024%2C768&amp;quality=70&amp;strip=all\" data-orig-size=\"1024,768\" data-comments-opened=\"0\" data-image-meta=\"{&quot;aperture&quot;:&quot;4&quot;,&quot;credit&quot;:&quot;Lula Marques\\\/ Ag\\u00eancia Brasil&quot;,&quot;camera&quot;:&quot;Canon EOS-1D X Mark II&quot;,&quot;caption&quot;:&quot;Bras\\u00edlia (DF) 22\\\/06\\\/ 2023 George Washington de oliveira souza, depondo na CPMI do golpe que colocou uma bomba no aeroporto de Bras\\u00edlia. Foto Lula Marques\\\/ Ag\\u00eancia Brasil.&quot;,&quot;created_timestamp&quot;:&quot;1687451242&quot;,&quot;copyright&quot;:&quot;Ag\\u00eancia Brasil\\\/EBC&quot;,&quot;focal_length&quot;:&quot;120&quot;,&quot;iso&quot;:&quot;2500&quot;,&quot;shutter_speed&quot;:&quot;0.005&quot;,&quot;title&quot;:&quot;&quot;,&quot;orientation&quot;:&quot;0&quot;}\" data-image-title=\"lula8208-34_0\" data-image-description=\"\" data-image-caption=\"&lt;p&gt;Bras\u00edlia (DF) 22\/06\/ 2023 George Washington de oliveira souza, depondo na CPMI do golpe que colocou uma bomba no aeroporto de Bras\u00edlia. Foto Lula Marques\/ Ag\u00eancia Brasil.&lt;\/p&gt;\n\" data-medium-file=\"https:\/\/www.infomoney.com.br\/wp-content\/uploads\/2023\/06\/lula8208-34_0.jpg?fit=300%2C225&amp;quality=70&amp;strip=all\" data-large-file=\"https:\/\/www.infomoney.com.br\/wp-content\/uploads\/2023\/06\/lula8208-34_0.jpg?fit=1024%2C768&amp;quality=70&amp;strip=all\" title=\"\"><\/p>\n<p>Em depoimento \u00e0 CPMI do 8 de Janeiro, o delegado da Pol\u00edcia Civil do Distrito Federal Leonardo de Castro afirmou que os condenados por participar do malsucedido atentado a bomba pr\u00f3ximo ao Aeroporto Internacional de Bras\u00edlia, em 24 de dezembro de 2022, tamb\u00e9m estavam envolvidos na tentativa de invas\u00e3o da sede da Pol\u00edcia Federal, em Bras\u00edlia, em 12 de dezembro. O diretor de Combate \u00e0 Corrup\u00e7\u00e3o e Crime Organizado e os peritos da Pol\u00edcia Civil respons\u00e1veis pela elabora\u00e7\u00e3o do laudo sobre o atentado na v\u00e9spera do Natal prestaram depoimento nesta quinta-feira (22) antes de George Washington de Oliveira Sousa, condenado por planejar a explos\u00e3o de um caminh\u00e3o-tanque. O delegado confirmou tamb\u00e9m a motiva\u00e7\u00e3o pol\u00edtica do atentado, a partir dos depoimentos dos envolvidos.<\/p>\n<p>&#8220;De acordo com o que ele informou, ele veio para Bras\u00edlia em novembro \u2014 se eu n\u00e3o me engano, no dia 12 de novembro \u2014, segundo as suas coloca\u00e7\u00f5es, para participar da manifesta\u00e7\u00e3o contra o resultado das elei\u00e7\u00f5es&#8221;, afirmou Leonardo de Castro.<\/p>\n<p>Diante dos depoimentos, a senadora Eliziane Gama (PSD-MA) observou que o ataque \u00e0 PF no dia da diploma\u00e7\u00e3o do presidente da Rep\u00fablica, Luiz In\u00e1cio Lula da Silva, e o atentado de dezembro de 2022 junto ao aeroporto de Bras\u00edlia fizeram parte de uma sequencia de a\u00e7\u00f5es com objetivo de levar o pa\u00eds a uma situa\u00e7\u00e3o de caos.<\/p>\n<p>&#8220;Esta CPI cumprir\u00e1 o seu dever com a sociedade brasileira para revelar a verdade sobre os fatos graves ocorridos [&#8230;]. No fundo dessas a\u00e7\u00f5es desastradas, mas [&#8230;] tamb\u00e9m terroristas, h\u00e1 a ideia de gerar caos social e pol\u00edtico generalizado, na expectativa de que algu\u00e9m de plant\u00e3o pudesse recorrer a medidas excepcionais, como o estado de s\u00edtio ou a garantia da lei e da ordem (GLO), com agress\u00f5es diretas a institui\u00e7\u00f5es e aos Poderes da Rep\u00fablica, notadamente da Justi\u00e7a&#8221;, disse Eliziane.<\/p>\n<p>O presidente da CPMI, deputado Arthur Maia (Uni\u00e3o-BA), em entrevista \u00e0 TV Senado (v\u00eddeo abaixo), chamou George Washington de &#8220;terrorista incompetente&#8221; e se disse chocado ao imaginar que, por motivo pol\u00edtico, pelo fato de o candidato \u00e0 Presid\u00eancia da Rep\u00fablica, recorrer a uma bomba que pudesse causar a morte de muitas pessoas a cerca de 10 quil\u00f4metros do Congresso Nacional.<\/p>\n<h2><strong>Pris\u00e3o<\/strong><\/h2>\n<p>O delegado Leonardo de Castro assumiu as investiga\u00e7\u00f5es a partir do dia 26 de dezembro de 2022. Segundo ele, George Washington de Oliveira, respons\u00e1vel por planejar o atentado e montar o artefato foi preso em fragrante ainda no dia 24. A partir do depoimento prestado e de provas materiais, foi poss\u00edvel identificar os demais envolvidos no crime: Alan Diego, que foi condenado e preso, e Wellington Macedo, ainda foragido e procurado pela Interpol.<\/p>\n<p>&#8220;A conex\u00e3o que existe [&#8230;] \u00e9 o fato de que os tr\u00eas indiv\u00edduos envolvidos no dia 24 [dezembro] tamb\u00e9m estavam no dia 12 [dezembro]&#8221;, disse o delegado, ao responder \u00e0 relatora.<\/p>\n<p>J\u00e1 os peritos Renato Carrijo e Valdir Pires Filho, respons\u00e1veis pelos laudos dos explosivos, confirmaram que o artefato poderia ter causado uma explos\u00e3o com tr\u00e1gicas consequ\u00eancia letais num raio de at\u00e9 300 metros de onde estava localizado o caminh\u00e3o-tanque com mais de 60 mil litros de combust\u00edvel em uma via de acesso do Aeroporto Internacional de Bras\u00edlia. Segundo eles, o material explosivo foi acionado, mas n\u00e3o chegou a disparar em raz\u00e3o de uma falha no dispositivo de acionamento \u00e0 dist\u00e2ncia.<\/p>\n<h2><strong>Explosivos<\/strong><\/h2>\n<p>Ainda de acordo com os peritos, os elementos encontrados no material s\u00e3o os mesmos identificados em explosivos industriais utilizados normalmente em pedreiras para rompimento de rochas na constru\u00e7\u00e3o civil e abertura de t\u00faneis. Eles informaram que esse tipo de explosivo \u00e9 de uso restrito, sob controle e fiscaliza\u00e7\u00e3o do Ex\u00e9rcito e que no material encontrado n\u00e3o havia as identifica\u00e7\u00f5es de s\u00e9rie. Fabricantes e importadores desse tipo de explosivo devem marcar unitariamente os explosivos com Identifica\u00e7\u00e3o Individual Seriada (IIS).<\/p>\n<p>&#8220;Os produtos como as emuls\u00f5es utilizadas em pedreiras ela s\u00e3o controladas pelo Ex\u00e9rcito e s\u00e3o distribu\u00eddas apenas, se eu n\u00e3o tiver muito enganado, para CNPJs. Ent\u00e3o para empresas que trabalham diretamente com o fim do uso de explosivos. N\u00e3o \u00e9 um indiv\u00edduo qualquer que pode chegar num local e adquiri esse tipo de explosivo&#8221;, disse Renato Carrijo.<\/p>\n<p>Ainda conforme os depoimentos, no dia 25 foram encontrados cerca de 30 quilos de explosivos na cidade do Gama, localidade pr\u00f3xima a Bras\u00edlia. Mas de acordo com per\u00edcia, s\u00f3 que s\u00f3 que \u201ca caracter\u00edstica desses explosivos que estavam l\u00e1 n\u00e3o batiam muito com os explosivos\u201d encontrados nas imedia\u00e7\u00f5es do aeroporto.<\/p>\n<h2><strong>Financiadores\u00a0<\/strong><\/h2>\n<p>Um dos questionamentos levantados pela relatora e por integrantes da base governista foi em rela\u00e7\u00e3o ao arsenal b\u00e9lico encontrado no apartamento em que George Washington foi preso, na unidade administrativa do Sudoeste, que fica pr\u00f3ximo \u00e0 Esplanada dos Minist\u00e9rios e ao Quartel General do Ex\u00e9rcito no Setor Militar Urbano (SMU).<\/p>\n<p>Ele, que \u00e9 morador do Par\u00e1, foi preso em flagrante, pela Pol\u00edcia Civil, com armamentos e muni\u00e7\u00f5es avaliados em cerca de R$ 160 mil. Al\u00e9m disso, foi apreendida uma camionete com outros materiais explosivos. Para a relatora, o valor referente aos materiais encontrados em poder de George Washington n\u00e3o est\u00e1 correspondente a renda do gerente de posto de combust\u00edvel. Ele defendeu a quebra dos sigilos banc\u00e1rios e fiscais do condenado para que sejam identificados os eventuais financiadores.<\/p>\n<p>&#8220;Digo isso em rela\u00e7\u00e3o a um ponto espec\u00edfico: o volume financeiro, ou seja, o que ele recebia de investimento mensal, do fruto do seu trabalho, chego a dizer que era algo em torno de R$ 5 mil, mas o armamento dele era algo em torno de quase R$ 200 mil. Ent\u00e3o, parece-me que n\u00e3o h\u00e1 uma compatibilidade entre a renda dele e a aquisi\u00e7\u00e3o desse volume, de fato, de armamento&#8221;, disse.<\/p>\n<p>Leonardo de Castro explicou que foi aberto um novo inqu\u00e9rito para investigar os poss\u00edveis atores que possam estar ligados ao financiamento e eventual colabora\u00e7\u00e3o da tentativa de explos\u00e3o \u00e0 bomba, como na colabora\u00e7\u00e3o para a aquisi\u00e7\u00e3o dos explosivos. No entanto, informou que n\u00e3o poderia passar mais detalhes j\u00e1 que o processo est\u00e1 em curso e em segredo de justi\u00e7a.<\/p>\n<p>&#8220;N\u00f3s chegamos a alguns suspeitos com base na an\u00e1lise dos aparelhos de celular do George Washington, por\u00e9m eu n\u00e3o posso dar mais detalhes porque esse inqu\u00e9rito est\u00e1 em sigilo judicial, e eu n\u00e3o tenho a possibilidade de passar essas informa\u00e7\u00f5es. Quanto \u00e0 quest\u00e3o do sigilo banc\u00e1rio, isso est\u00e1 sendo investigado nesse inqu\u00e9rito. Ainda n\u00e3o foi solicitada a quebra de sigilo banc\u00e1rio, foram detectadas algumas movimenta\u00e7\u00f5es financeiras atrav\u00e9s de informa\u00e7\u00f5es coletadas no aparelho celular do George Washington&#8221;, detalhou o delegado.<\/p>\n<h2><strong>QG do Ex\u00e9rcito<\/strong><\/h2>\n<p>Em v\u00e1rios momentos da inquiri\u00e7\u00e3o, integrantes da base governista recorreram ao depoimento de George Washington, que consta nos autos do inqu\u00e9rito, para questionar o delegado sobre uma poss\u00edvel conex\u00e3o entre a sequ\u00eancia de ataques no final de 2022, o acampamento em frente ao QG do Ex\u00e9rcito e o ataque aos Pal\u00e1cios dos Tr\u00eas Poderes no dia 8 de Janeiro.<\/p>\n<p>No entanto, apesar de confirmar que depoimentos e provas certificam que George Washington, Alan Diego e Wellington Macedo tenham frequentado o acampamento bolsonarista \u00e0 frente do QG, o delegado disse que n\u00e3o teria como afirmar que o planejamento tenha se dado a partir de reuni\u00f5es naquele local.<\/p>\n<h2><strong>Arsenal<\/strong><\/h2>\n<p>Como Colecionador, Atirador e Ca\u00e7ador (CAC), George Washington tinha registros de todos os armamentos. No entanto, n\u00e3o tinha permiss\u00e3o para transport\u00e1-los at\u00e9 Bras\u00edlia. Ainda segundo Leonardo de Castro, trocas de mensagens e o pr\u00f3prio depoimento de George Washington indicavam que ele buscava instru\u00e7\u00e3o para a utiliza\u00e7\u00e3o daquelas armas com um instrutor de tiro. No entanto, n\u00e3o houve comprova\u00e7\u00e3o de que essa instru\u00e7\u00e3o tenha acontecido.<\/p>\n<p>Com base no relato, a relatora quis saber se alguma mensagem indicava o envolvimento de alguma integrante das For\u00e7as Armadas. Mas o delegado negou qualquer liga\u00e7\u00e3o.<\/p>\n<p>&#8220;At\u00e9 o momento n\u00e3o chegamos a nenhum militar&#8221;, respondeu o delegado.<\/p>\n<h2><strong>V\u00eddeo<\/strong><\/h2>\n<p>Logo ap\u00f3s a apresenta\u00e7\u00e3o inicial dos depoentes, o deputado Rog\u00e9rio Correia (PT-MG) veiculou um v\u00eddeo com reportagem pela qual George Washington e Alan Diego chegaram a participar de audi\u00eancia p\u00fablica no Senado, no dia 30 de novembro de 2022. Requerida pelo senador Eduardo Gir\u00e3o (Novo-CE), a audi\u00eancia questionava a seguran\u00e7a das urnas eletr\u00f4nicas e a lisura do processo eleitoral. As imagens exibidas tamb\u00e9m mostraram os envolvidos durante a audi\u00eancia em alguns momentos ao lado do senador Magno Malta (PL-ES).\u00a0Al\u00e9m disso, o v\u00eddeo mencionou que Wellington Macedo trabalhou como assessor da ent\u00e3o ministra dos Direitos Humanos e hoje senadora Damares Alves (Republicanos-DF).<\/p>\n<p>Gir\u00e3o e Magno Malta criticaram a tentativa de lig\u00e1-los aos envolvidos e pediram a quebra dos sigilos banc\u00e1rio e fiscal dos condenados, para que sejam identificados os eventuais financiadores.<\/p>\n<p>&#8220;N\u00e3o nego foto a ningu\u00e9m, mas eu acabo de assinar o pedido que esta CPI pode, embora o outro esteja sob sigilo, o da investiga\u00e7\u00e3o da pol\u00edcia, o sigilo do senhor Alan, o sigilo telef\u00f4nico, telem\u00e1tico, assinado por mim, e do senhor George Washington, para n\u00f3s sabermos com quem essa gente falou, quem essa gente conhece, quem orientou. Porque, da minha parte, na reuni\u00e3o, o senador Gir\u00e3o tem os convidados que se assentaram \u00e0 mesa e tirei foto com todo mundo que estava aqui. Assim como acontece quando saio da reuni\u00e3o com os transeuntes que est\u00e3o nos corredores. [&#8230;] Pe\u00e7o a quebra do sigilo deles para saber com quem eles falaram, quem os orientou, quem deu dinheiro para eles, para que n\u00e3o fique essa narrativa&#8221;, pediu Magno Malta, igualmente defendendo a senadora Damares Alves.<\/p>\n<p>Damares, por sua vez, elogiou o trabalho da Pol\u00edcia Civil do Distrito Federal \u2014 &#8220;a melhor do Brasil e do mundo&#8221; \u2014 e disse ter sido, em 2018, alvo de um suposto atentado, em Brazil\u00e2ndia, no Entorno do DF.<\/p>\n<p>&#8220;No epis\u00f3dio da bomba de 2018, aquele artefato que foi encontrado em Brazl\u00e2ndia, n\u00e3o era s\u00f3 Bolsonaro o alvo. Era Damares tamb\u00e9m. A imprensa divulgou muito isso. No dia 29 de dezembro, senhores, eu fui tirada da minha casa e fui trancada em um hotel em Bras\u00edlia por muito tempo. Se voc\u00eas pegarem a imagem da minha posse como ministra, a primeira ministra da Fam\u00edlia do Brasil, a minha filha n\u00e3o estava na minha posse. A minha filha foi tirada de Bras\u00edlia, porque havia uma amea\u00e7a concreta contra a minha vida, a vida do presidente Bolsonaro&#8221;, disse a senadora.<\/p>\n<p>Os senadores Marcos Rog\u00e9rio (PL-RO) e Jorge Seif (PL-SC) questionaram os depoentes se durante os inqu\u00e9ritos e, nos autos, houve qualquer ind\u00edcio ou prova materializada ligando os condenados pelo atentado ao ex-presidente Jair Bolsonaro.\u00a0Segundo Leonardo de Castro, as investiga\u00e7\u00f5es n\u00e3o identificaram nenhum elo dos envolvidos com o ex-presidente.<\/p>\n<p>The post <a rel=\"nofollow noopener\" href=\"https:\/\/www.infomoney.com.br\/politica\/cpmi-delegado-aponta-elo-entre-atentado-a-bomba-e-ataque-a-sede-da-pf\/\" target=\"_blank\">CPMI: delegado aponta elo entre atentado a bomba e ataque \u00e0 sede da PF<\/a> appeared first on <a rel=\"nofollow noopener\" href=\"https:\/\/www.infomoney.com.br\/\" target=\"_blank\">InfoMoney<\/a>.<\/p>\n","protected":false},"excerpt":{"rendered":"<p><img loading=\"lazy\" decoding=\"async\" width=\"300\" height=\"225\" src=\"https:\/\/www.infomoney.com.br\/wp-content\/uploads\/2023\/06\/lula8208-34_0.jpg?fit=300%2C225&amp;quality=70&amp;strip=all\" class=\"attachment-medium size-medium wp-post-image\" alt=\"\" data-attachment-id=\"2169265\" data-permalink=\"https:\/\/www.infomoney.com.br\/politica\/cpmi-delegado-aponta-elo-entre-atentado-a-bomba-e-ataque-a-sede-da-pf\/attachment\/lula8208-34_0\/\" data-orig-file=\"https:\/\/www.infomoney.com.br\/wp-content\/uploads\/2023\/06\/lula8208-34_0.jpg?fit=1024%2C768&amp;quality=70&amp;strip=all\" data-orig-size=\"1024,768\" data-comments-opened=\"0\" data-image-meta='{\"aperture\":\"4\",\"credit\":\"Lula Marques\\\/ Ag\\u00eancia Brasil\",\"camera\":\"Canon EOS-1D X Mark II\",\"caption\":\"Bras\\u00edlia (DF) 22\\\/06\\\/ 2023 George Washington de oliveira souza, depondo na CPMI do golpe que colocou uma bomba no aeroporto de Bras\\u00edlia. Foto Lula Marques\\\/ Ag\\u00eancia Brasil.\",\"created_timestamp\":\"1687451242\",\"copyright\":\"Ag\\u00eancia Brasil\\\/EBC\",\"focal_length\":\"120\",\"iso\":\"2500\",\"shutter_speed\":\"0.005\",\"title\":\"\",\"orientation\":\"0\"}' data-image-title=\"lula8208-34_0\" data-image-description=\"\" data-image-caption=\"&lt;p&gt;Bras\u00edlia (DF) 22\/06\/ 2023 George Washington de oliveira souza, depondo na CPMI do golpe que colocou uma bomba no aeroporto de Bras\u00edlia. Foto Lula Marques\/ Ag\u00eancia Brasil.&lt;\/p&gt;\n\" data-medium-file=\"https:\/\/www.infomoney.com.br\/wp-content\/uploads\/2023\/06\/lula8208-34_0.jpg?fit=300%2C225&amp;quality=70&amp;strip=all\" data-large-file=\"https:\/\/www.infomoney.com.br\/wp-content\/uploads\/2023\/06\/lula8208-34_0.jpg?fit=1024%2C768&amp;quality=70&amp;strip=all\">Diretor de Combate \u00e0 Corrup\u00e7\u00e3o e Crime Organizado e os peritos da Pol\u00edcia Civil prestaram depoimento no Congresso<\/p>\n<p>The post <a rel=\"nofollow\" href=\"https:\/\/www.infomoney.com.br\/politica\/cpmi-delegado-aponta-elo-entre-atentado-a-bomba-e-ataque-a-sede-da-pf\/\">CPMI: delegado aponta elo entre atentado a bomba e ataque \u00e0 sede da PF<\/a> appeared first on <a rel=\"nofollow\" href=\"https:\/\/www.infomoney.com.br\/\">InfoMoney<\/a>.<\/p>\n","protected":false},"author":47,"featured_media":0,"comment_status":"closed","ping_status":"closed","sticky":false,"template":"","format":"standard","meta":{"advgb_blocks_editor_width":"","advgb_blocks_columns_visual_guide":"","footnotes":""},"categories":[358,1306,34,523,47],"tags":[35],"class_list":["post-22151","post","type-post","status-publish","format-standard","hentry","category-ataque-em-brasilia","category-cpmi","category-g1","category-invasao-em-brasilia","category-politica","tag-g1"],"author_meta":{"display_name":"luispereira","author_link":"https:\/\/sindaopcpb.org.br\/author\/luispereira\/"},"featured_img":null,"coauthors":[],"tax_additional":{"categories":{"linked":["<a href=\"https:\/\/sindaopcpb.org.br\/ataque-em-brasilia\/\" class=\"advgb-post-tax-term\">Ataque em Bras\u00edlia<\/a>","<a href=\"https:\/\/sindaopcpb.org.br\/cpmi\/\" class=\"advgb-post-tax-term\">CPMI<\/a>","<a href=\"https:\/\/sindaopcpb.org.br\/g1\/\" class=\"advgb-post-tax-term\">G1<\/a>","<a href=\"https:\/\/sindaopcpb.org.br\/invasao-em-brasilia\/\" class=\"advgb-post-tax-term\">Invas\u00e3o em Bras\u00edlia<\/a>","<a href=\"https:\/\/sindaopcpb.org.br\/politica\/\" class=\"advgb-post-tax-term\">POLITICA<\/a>"],"unlinked":["<span class=\"advgb-post-tax-term\">Ataque em Bras\u00edlia<\/span>","<span class=\"advgb-post-tax-term\">CPMI<\/span>","<span class=\"advgb-post-tax-term\">G1<\/span>","<span class=\"advgb-post-tax-term\">Invas\u00e3o em Bras\u00edlia<\/span>","<span class=\"advgb-post-tax-term\">POLITICA<\/span>"]},"tags":{"linked":["<a href=\"https:\/\/sindaopcpb.org.br\/politica\/\" class=\"advgb-post-tax-term\">g1<\/a>"],"unlinked":["<span class=\"advgb-post-tax-term\">g1<\/span>"]}},"comment_count":"0","relative_dates":{"created":"Publicado 3 anos atr\u00e1s","modified":"Atualizado 3 anos atr\u00e1s"},"absolute_dates":{"created":"Publicado em 23 de junho de 2023","modified":"Atualizado em 23 de junho de 2023"},"absolute_dates_time":{"created":"Publicado em 23 de junho de 2023 10:35","modified":"Atualizado em 23 de junho de 2023 10:35"},"featured_img_caption":"","series_order":"","_links":{"self":[{"href":"https:\/\/sindaopcpb.org.br\/index.php\/wp-json\/wp\/v2\/posts\/22151","targetHints":{"allow":["GET"]}}],"collection":[{"href":"https:\/\/sindaopcpb.org.br\/index.php\/wp-json\/wp\/v2\/posts"}],"about":[{"href":"https:\/\/sindaopcpb.org.br\/index.php\/wp-json\/wp\/v2\/types\/post"}],"author":[{"embeddable":true,"href":"https:\/\/sindaopcpb.org.br\/index.php\/wp-json\/wp\/v2\/users\/47"}],"replies":[{"embeddable":true,"href":"https:\/\/sindaopcpb.org.br\/index.php\/wp-json\/wp\/v2\/comments?post=22151"}],"version-history":[{"count":1,"href":"https:\/\/sindaopcpb.org.br\/index.php\/wp-json\/wp\/v2\/posts\/22151\/revisions"}],"predecessor-version":[{"id":22152,"href":"https:\/\/sindaopcpb.org.br\/index.php\/wp-json\/wp\/v2\/posts\/22151\/revisions\/22152"}],"wp:attachment":[{"href":"https:\/\/sindaopcpb.org.br\/index.php\/wp-json\/wp\/v2\/media?parent=22151"}],"wp:term":[{"taxonomy":"category","embeddable":true,"href":"https:\/\/sindaopcpb.org.br\/index.php\/wp-json\/wp\/v2\/categories?post=22151"},{"taxonomy":"post_tag","embeddable":true,"href":"https:\/\/sindaopcpb.org.br\/index.php\/wp-json\/wp\/v2\/tags?post=22151"}],"curies":[{"name":"wp","href":"https:\/\/api.w.org\/{rel}","templated":true}]}}