{"id":22147,"date":"2023-06-23T10:51:19","date_gmt":"2023-06-23T13:51:19","guid":{"rendered":"https:\/\/www.infomoney.com.br\/?p=2169295"},"modified":"2023-06-23T10:51:19","modified_gmt":"2023-06-23T13:51:19","slug":"alckmin-impacto-fiscal-da-taxa-de-juros-e-de-r-190-bilhoes","status":"publish","type":"post","link":"https:\/\/sindaopcpb.org.br\/index.php\/2023\/06\/23\/alckmin-impacto-fiscal-da-taxa-de-juros-e-de-r-190-bilhoes\/","title":{"rendered":"Alckmin: impacto fiscal da taxa de juros \u00e9 de R$ 190 bilh\u00f5es"},"content":{"rendered":"<p><img loading=\"lazy\" width=\"300\" height=\"225\" src=\"https:\/\/www.infomoney.com.br\/wp-content\/uploads\/2022\/11\/6.-10112022-pzzb2201.jpg?fit=300%2C225&amp;quality=70&amp;strip=all\" class=\"attachment-medium size-medium wp-post-image\" alt=\"\" decoding=\"async\" style=\"float:right; margin:0 0 10px 10px;\" srcset=\"https:\/\/www.infomoney.com.br\/wp-content\/uploads\/2022\/11\/6.-10112022-pzzb2201.jpg?w=1024&amp;quality=70&amp;strip=all 1024w, https:\/\/www.infomoney.com.br\/wp-content\/uploads\/2022\/11\/6.-10112022-pzzb2201.jpg?w=300&amp;quality=70&amp;strip=all 300w, https:\/\/www.infomoney.com.br\/wp-content\/uploads\/2022\/11\/6.-10112022-pzzb2201.jpg?w=768&amp;quality=70&amp;strip=all 768w, https:\/\/www.infomoney.com.br\/wp-content\/uploads\/2022\/11\/6.-10112022-pzzb2201.jpg?w=150&amp;quality=70&amp;strip=all 150w\" sizes=\"auto, (max-width: 300px) 100vw, 300px\" data-attachment-id=\"1987729\" data-permalink=\"https:\/\/www.infomoney.com.br\/politica\/alckmin-governo-lula-vai-fechar-contas-no-azul-e-reduzir-divida-mas-nao-em-24h\/attachment\/6-10112022-pzzb2201\/\" data-orig-file=\"https:\/\/www.infomoney.com.br\/wp-content\/uploads\/2022\/11\/6.-10112022-pzzb2201.jpg?fit=1024%2C768&amp;quality=70&amp;strip=all\" data-orig-size=\"1024,768\" data-comments-opened=\"0\" data-image-meta=\"{&quot;aperture&quot;:&quot;2.8&quot;,&quot;credit&quot;:&quot;Fabio Rodrigues-Pozzebom\\\/ Ag\\u00eancia Brasil&quot;,&quot;camera&quot;:&quot;Canon EOS 7D Mark II&quot;,&quot;caption&quot;:&quot;O vice-presidente eleito e coordenador da Transi\\u00e7\\u00e3o, Geraldo Alckmin apresentou em coletiva os novos nomes que compor\\u00e3o os grupos t\\u00e9cnicos da transi\\u00e7\\u00e3o&quot;,&quot;created_timestamp&quot;:&quot;1668095030&quot;,&quot;copyright&quot;:&quot;Ag\\u00eancia Brasil\\\/EBC&quot;,&quot;focal_length&quot;:&quot;95&quot;,&quot;iso&quot;:&quot;800&quot;,&quot;shutter_speed&quot;:&quot;0.00625&quot;,&quot;title&quot;:&quot;&quot;,&quot;orientation&quot;:&quot;0&quot;}\" data-image-title=\"6. 10112022-pzzb2201\" data-image-description=\"\" data-image-caption=\"&lt;p&gt;O vice-presidente eleito, Geraldo Alckmin (PSB), com a deputada federal Gleisi Hoffmann, presidente nacional do PT, no CCBB, em Bras\u00edlia (Foto: Fabio Rodrigues-Pozzebom\/ Ag\u00eancia Brasil)&lt;\/p&gt;\n\" data-medium-file=\"https:\/\/www.infomoney.com.br\/wp-content\/uploads\/2022\/11\/6.-10112022-pzzb2201.jpg?fit=300%2C225&amp;quality=70&amp;strip=all\" data-large-file=\"https:\/\/www.infomoney.com.br\/wp-content\/uploads\/2022\/11\/6.-10112022-pzzb2201.jpg?fit=1024%2C768&amp;quality=70&amp;strip=all\" title=\"\"><\/p>\n<p>O presidente em exerc\u00edcio e ministro do Desenvolvimento, Ind\u00fastria e Com\u00e9rcio (MDIC), Geraldo Alckmin, criticou, nesta quinta-feira (22), a decis\u00e3o do Banco Central de manter os juros b\u00e1sicos da economia (taxa Selic) em 13,75% ao ano, mesmo com infla\u00e7\u00e3o em queda.<\/p>\n<p>Segundo Alckmin, al\u00e9m de causar danos \u00e0 atividade econ\u00f4mica, inibindo investimentos e prejudicando o com\u00e9rcio e a ind\u00fastria, esse patamar de juros tem impacto forte na situa\u00e7\u00e3o fiscal do pa\u00eds, j\u00e1 que grande parte da d\u00edvida est\u00e1 indexada \u00e0 taxa Selic.<\/p>\n<p>\u201cQuase metade da d\u00edvida p\u00fablica brasileira \u00e9 selicada [indexada \u00e0 Selic]. Ent\u00e3o, cada 1% da taxa Selic custa R$ 38 bilh\u00f5es [de pagamento do servi\u00e7o da d\u00edvida p\u00fablica]. N\u00e3o h\u00e1 nada pior para a quest\u00e3o fiscal do que uma Selic desnecessariamente elevada. Ent\u00e3o, R$ 38 bilh\u00f5es a cada 1%, se voc\u00ea tem uma taxa 5% acima do que deveria estar, isso custa praticamente 190 bilh\u00f5es\u201d, criticou.<\/p>\n<p>\u201cVoc\u00ea fica fazendo economia de um bilh\u00e3o, meio bilh\u00e3o, e acaba gastando a\u00ed quase R$ 200 bilh\u00f5es em raz\u00e3o de ter uma taxa Selic nessa altura\u201d, acrescentou. Alckmin est\u00e1 no exerc\u00edcio da Presid\u00eancia da Rep\u00fablica esta semana, durante viagem do presidente Luiz In\u00e1cio Lula da Silva na Europa.<\/p>\n<p>Alckmin avaliou ser \u201cdif\u00edcil entender\u201d a decis\u00e3o do Comit\u00ea de Pol\u00edtica Monet\u00e1ria (Copom) do Banco Central diante do cen\u00e1rio de infla\u00e7\u00e3o em queda e juros internacionais negativos.<\/p>\n<p>\u201cO mundo hoje tem juros negativos, a infla\u00e7\u00e3o est\u00e1 em queda, h\u00e1 uma defla\u00e7\u00e3o no IGP [\u00cdndice Geral de Pre\u00e7os], em 12 meses, de mais de 6%. Os juros futuros em queda e essa taxa Selic acaba tendo um impacto fiscal. Se a preocupa\u00e7\u00e3o \u00e9 d\u00edvida, n\u00e3o h\u00e1 nada pior do que isso\u201d, acrescentou.<\/p>\n<p>Depois de subir no in\u00edcio do ano, as expectativas de infla\u00e7\u00e3o t\u00eam ca\u00eddo. Segundo o \u00faltimo boletim Focus, a estimativa de infla\u00e7\u00e3o para 2023 passou de 5,42% para 5,12%.<\/p>\n<p>Em maio, puxado pela queda nos pre\u00e7os dos combust\u00edveis e de artigos de resid\u00eancia, o IPCA caiu para 0,23%, de acordo com o Instituto Brasileiro de Geografia e Estat\u00edstica (IBGE). Com o resultado, o indicador acumulou alta de 2,95% no ano e de 3,94% nos \u00faltimos 12 meses, percentual mais baixo do que os 4,18% acumulados at\u00e9 o m\u00eas anterior.<\/p>\n<p>Alckmin tamb\u00e9m observou que, mesmo sob a gest\u00e3o de Roberto Campos Neto \u00e0 frente do Banco Central, a taxa Selic chegou a ser reduzida para 2% ao ano, n\u00edvel mais baixo da s\u00e9rie hist\u00f3rica, e com uma infla\u00e7\u00e3o maior do que a atual. Por causa da contra\u00e7\u00e3o econ\u00f4mica gerada pela pandemia de covid-19, o Banco Central tinha derrubado a taxa para estimular a produ\u00e7\u00e3o e o consumo. A taxa ficou no menor patamar da hist\u00f3ria de agosto de 2020 a mar\u00e7o de 2021.<\/p>\n<h2><strong>Taxa Selic<\/strong><\/h2>\n<p>A taxa b\u00e1sica de juros \u00e9 usada nas negocia\u00e7\u00f5es de t\u00edtulos p\u00fablicos emitidos pelo Tesouro Nacional no Sistema Especial de Liquida\u00e7\u00e3o e Cust\u00f3dia (Selic) e serve de refer\u00eancia para as demais taxas da economia. Ela \u00e9 o principal instrumento do Banco Central para manter a infla\u00e7\u00e3o sob controle. O BC atua diariamente por meio de opera\u00e7\u00f5es de mercado aberto \u2013 comprando e vendendo t\u00edtulos p\u00fablicos federais \u2013 para manter a taxa de juros pr\u00f3xima do valor definido na reuni\u00e3o.<\/p>\n<p>Quando o Copom aumenta a taxa b\u00e1sica de juros, a finalidade \u00e9 conter a demanda aquecida, e isso causa reflexos nos pre\u00e7os porque os juros mais altos encarecem o cr\u00e9dito e estimulam a poupan\u00e7a. Desse modo, taxas mais altas tamb\u00e9m podem dificultar a expans\u00e3o da economia. Mas, al\u00e9m da Selic, os bancos consideram outros fatores na hora de definir os juros cobrados dos consumidores, como risco de inadimpl\u00eancia, lucro e despesas administrativas.<\/p>\n<p>Ao reduzir a Selic, a tend\u00eancia \u00e9 de que o cr\u00e9dito fique mais barato, com incentivo \u00e0 produ\u00e7\u00e3o e ao consumo, reduzindo o controle da infla\u00e7\u00e3o e estimulando a atividade econ\u00f4mica.<\/p>\n<p>The post <a rel=\"nofollow noopener\" href=\"https:\/\/www.infomoney.com.br\/politica\/alckmin-impacto-fiscal-da-taxa-de-juros-e-de-r-190-bilhoes\/\" target=\"_blank\">Alckmin: impacto fiscal da taxa de juros \u00e9 de R$ 190 bilh\u00f5es<\/a> appeared first on <a rel=\"nofollow noopener\" href=\"https:\/\/www.infomoney.com.br\/\" target=\"_blank\">InfoMoney<\/a>.<\/p>\n","protected":false},"excerpt":{"rendered":"<p><img loading=\"lazy\" decoding=\"async\" width=\"300\" height=\"225\" src=\"https:\/\/www.infomoney.com.br\/wp-content\/uploads\/2022\/11\/6.-10112022-pzzb2201.jpg?fit=300%2C225&amp;quality=70&amp;strip=all\" class=\"attachment-medium size-medium wp-post-image\" alt=\"\" data-attachment-id=\"1987729\" data-permalink=\"https:\/\/www.infomoney.com.br\/politica\/alckmin-governo-lula-vai-fechar-contas-no-azul-e-reduzir-divida-mas-nao-em-24h\/attachment\/6-10112022-pzzb2201\/\" data-orig-file=\"https:\/\/www.infomoney.com.br\/wp-content\/uploads\/2022\/11\/6.-10112022-pzzb2201.jpg?fit=1024%2C768&amp;quality=70&amp;strip=all\" data-orig-size=\"1024,768\" data-comments-opened=\"0\" data-image-meta='{\"aperture\":\"2.8\",\"credit\":\"Fabio Rodrigues-Pozzebom\\\/ Ag\\u00eancia Brasil\",\"camera\":\"Canon EOS 7D Mark II\",\"caption\":\"O vice-presidente eleito e coordenador da Transi\\u00e7\\u00e3o, Geraldo Alckmin apresentou em coletiva os novos nomes que compor\\u00e3o os grupos t\\u00e9cnicos da transi\\u00e7\\u00e3o\",\"created_timestamp\":\"1668095030\",\"copyright\":\"Ag\\u00eancia Brasil\\\/EBC\",\"focal_length\":\"95\",\"iso\":\"800\",\"shutter_speed\":\"0.00625\",\"title\":\"\",\"orientation\":\"0\"}' data-image-title=\"6. 10112022-pzzb2201\" data-image-description=\"\" data-image-caption=\"&lt;p&gt;O vice-presidente eleito, Geraldo Alckmin (PSB), com a deputada federal Gleisi Hoffmann, presidente nacional do PT, no CCBB, em Bras\u00edlia (Foto: Fabio Rodrigues-Pozzebom\/ Ag\u00eancia Brasil)&lt;\/p&gt;\n\" data-medium-file=\"https:\/\/www.infomoney.com.br\/wp-content\/uploads\/2022\/11\/6.-10112022-pzzb2201.jpg?fit=300%2C225&amp;quality=70&amp;strip=all\" data-large-file=\"https:\/\/www.infomoney.com.br\/wp-content\/uploads\/2022\/11\/6.-10112022-pzzb2201.jpg?fit=1024%2C768&amp;quality=70&amp;strip=all\">Presidente em exerc\u00edcio criticou manuten\u00e7\u00e3o da Selic em 13,75%<\/p>\n<p>The post <a rel=\"nofollow\" href=\"https:\/\/www.infomoney.com.br\/politica\/alckmin-impacto-fiscal-da-taxa-de-juros-e-de-r-190-bilhoes\/\">Alckmin: impacto fiscal da taxa de juros \u00e9 de R$ 190 bilh\u00f5es<\/a> appeared first on <a rel=\"nofollow\" href=\"https:\/\/www.infomoney.com.br\/\">InfoMoney<\/a>.<\/p>\n","protected":false},"author":44,"featured_media":0,"comment_status":"closed","ping_status":"closed","sticky":false,"template":"","format":"standard","meta":{"advgb_blocks_editor_width":"","advgb_blocks_columns_visual_guide":"","footnotes":""},"categories":[1626,807,34,340,47,1110,282],"tags":[35],"class_list":["post-22147","post","type-post","status-publish","format-standard","hentry","category-copom","category-divida-publica","category-g1","category-geraldo-alckmin","category-politica","category-selic","category-taxa-de-juros","tag-g1"],"author_meta":{"display_name":"Ag\u00eancia Brasil","author_link":"https:\/\/sindaopcpb.org.br\/author\/agencia-brasil\/"},"featured_img":null,"coauthors":[],"tax_additional":{"categories":{"linked":["<a href=\"https:\/\/sindaopcpb.org.br\/copom\/\" class=\"advgb-post-tax-term\">Copom<\/a>","<a href=\"https:\/\/sindaopcpb.org.br\/divida-publica\/\" class=\"advgb-post-tax-term\">D\u00edvida P\u00fablica<\/a>","<a href=\"https:\/\/sindaopcpb.org.br\/g1\/\" class=\"advgb-post-tax-term\">G1<\/a>","<a href=\"https:\/\/sindaopcpb.org.br\/geraldo-alckmin\/\" class=\"advgb-post-tax-term\">Geraldo Alckmin<\/a>","<a href=\"https:\/\/sindaopcpb.org.br\/politica\/\" class=\"advgb-post-tax-term\">POLITICA<\/a>","<a href=\"https:\/\/sindaopcpb.org.br\/selic\/\" class=\"advgb-post-tax-term\">Selic<\/a>","<a href=\"https:\/\/sindaopcpb.org.br\/taxa-de-juros\/\" class=\"advgb-post-tax-term\">Taxa de Juros<\/a>"],"unlinked":["<span class=\"advgb-post-tax-term\">Copom<\/span>","<span class=\"advgb-post-tax-term\">D\u00edvida P\u00fablica<\/span>","<span class=\"advgb-post-tax-term\">G1<\/span>","<span class=\"advgb-post-tax-term\">Geraldo Alckmin<\/span>","<span class=\"advgb-post-tax-term\">POLITICA<\/span>","<span class=\"advgb-post-tax-term\">Selic<\/span>","<span class=\"advgb-post-tax-term\">Taxa de Juros<\/span>"]},"tags":{"linked":["<a href=\"https:\/\/sindaopcpb.org.br\/taxa-de-juros\/\" class=\"advgb-post-tax-term\">g1<\/a>"],"unlinked":["<span class=\"advgb-post-tax-term\">g1<\/span>"]}},"comment_count":"0","relative_dates":{"created":"Publicado 3 anos atr\u00e1s","modified":"Atualizado 3 anos atr\u00e1s"},"absolute_dates":{"created":"Publicado em 23 de junho de 2023","modified":"Atualizado em 23 de junho de 2023"},"absolute_dates_time":{"created":"Publicado em 23 de junho de 2023 10:51","modified":"Atualizado em 23 de junho de 2023 10:51"},"featured_img_caption":"","series_order":"","_links":{"self":[{"href":"https:\/\/sindaopcpb.org.br\/index.php\/wp-json\/wp\/v2\/posts\/22147","targetHints":{"allow":["GET"]}}],"collection":[{"href":"https:\/\/sindaopcpb.org.br\/index.php\/wp-json\/wp\/v2\/posts"}],"about":[{"href":"https:\/\/sindaopcpb.org.br\/index.php\/wp-json\/wp\/v2\/types\/post"}],"author":[{"embeddable":true,"href":"https:\/\/sindaopcpb.org.br\/index.php\/wp-json\/wp\/v2\/users\/44"}],"replies":[{"embeddable":true,"href":"https:\/\/sindaopcpb.org.br\/index.php\/wp-json\/wp\/v2\/comments?post=22147"}],"version-history":[{"count":1,"href":"https:\/\/sindaopcpb.org.br\/index.php\/wp-json\/wp\/v2\/posts\/22147\/revisions"}],"predecessor-version":[{"id":22148,"href":"https:\/\/sindaopcpb.org.br\/index.php\/wp-json\/wp\/v2\/posts\/22147\/revisions\/22148"}],"wp:attachment":[{"href":"https:\/\/sindaopcpb.org.br\/index.php\/wp-json\/wp\/v2\/media?parent=22147"}],"wp:term":[{"taxonomy":"category","embeddable":true,"href":"https:\/\/sindaopcpb.org.br\/index.php\/wp-json\/wp\/v2\/categories?post=22147"},{"taxonomy":"post_tag","embeddable":true,"href":"https:\/\/sindaopcpb.org.br\/index.php\/wp-json\/wp\/v2\/tags?post=22147"}],"curies":[{"name":"wp","href":"https:\/\/api.w.org\/{rel}","templated":true}]}}