{"id":22144,"date":"2023-06-23T09:59:23","date_gmt":"2023-06-23T12:59:23","guid":{"rendered":"https:\/\/wpa.wscom.com.br\/?p=907812"},"modified":"2023-06-23T09:59:23","modified_gmt":"2023-06-23T12:59:23","slug":"em-relatorio-a-moraes-pf-liga-mauro-cid-ex-ajudante-de-ordens-de-bolsonaro-ao-8-de-janeiro","status":"publish","type":"post","link":"https:\/\/sindaopcpb.org.br\/index.php\/2023\/06\/23\/em-relatorio-a-moraes-pf-liga-mauro-cid-ex-ajudante-de-ordens-de-bolsonaro-ao-8-de-janeiro\/","title":{"rendered":"Em relat\u00f3rio a Moraes, PF liga Mauro Cid, ex-ajudante de ordens de Bolsonaro, ao 8 de janeiro"},"content":{"rendered":"<p>Em relat\u00f3rio sigiloso encaminhado ao ministro do Supremo Tribunal Federal (STF) Alexandre de Moraes, a Pol\u00edcia Federal afirma que o ex-ajudante de ordens de Jair Bolsonaro (PL), o tenente-coronel do Ex\u00e9rcito Mauro Cid, e sua esposa, Gabriela Cid, tiveram participa\u00e7\u00e3o no 8 de janeiro. Naquele dia, terroristas bolsonaristas invadiram e depredaram as sedes dos Tr\u00eas Poderes em Bras\u00edlia, em uma tentativa de golpe de estado contra o presidente Lula (PT).<\/p>\n<p>No documento enviado ao ministro, de acordo com a revista Veja, &#8220;os elementos de prova&#8221; confirmam a hip\u00f3tese criminal sobre a participa\u00e7\u00e3o de Cid e sua esposa na tentativa de golpe, seja \u201cpor meio de induzimento e instiga\u00e7\u00e3o de parcela da popula\u00e7\u00e3o\u201d, seja por meio de \u201catos preparat\u00f3rios propriamente ditos\u201d.<\/p>\n<p>&#8220;A atua\u00e7\u00e3o dos investigados, possivelmente, foi um dos elementos que contribuiu para os atos criminosos ocorridos no dia 8 de janeiro de 2023, materializando os objetivos il\u00edcitos da organiza\u00e7\u00e3o criminosa investigada\u201d, diz a PF.<\/p>\n<p>A corpora\u00e7\u00e3o ainda informa que localizou com Cid \u201cgrande quantidade de dados\u201d, extra\u00eddos de diferentes meios eletr\u00f4nicos. O material ser\u00e1 periciado.<\/p>\n<p>O post <a rel=\"nofollow noopener\" href=\"https:\/\/wscom.com.br\/em-relatorio-a-moraes-pf-liga-mauro-cid-ex-ajudante\/\" target=\"_blank\">Em relat\u00f3rio a Moraes, PF liga Mauro Cid, ex-ajudante de ordens de Bolsonaro, ao 8 de janeiro<\/a> apareceu primeiro em <a rel=\"nofollow noopener\" href=\"https:\/\/wscom.com.br\/\" target=\"_blank\">WSCOM<\/a>.<\/p>\n","protected":false},"excerpt":{"rendered":"<p>Em relat\u00f3rio sigiloso encaminhado ao ministro do Supremo Tribunal Federal (STF) Alexandre de Moraes, a Pol\u00edcia Federal afirma que o ex-ajudante de ordens de Jair Bolsonaro (PL), o tenente-coronel do Ex\u00e9rcito Mauro Cid, e sua esposa, Gabriela Cid, tiveram participa\u00e7\u00e3o no 8 de janeiro. Naquele dia, terroristas bolsonaristas invadiram e depredaram as sedes dos Tr\u00eas [\u2026]<\/p>\n<p>O post <a rel=\"nofollow\" href=\"https:\/\/wscom.com.br\/em-relatorio-a-moraes-pf-liga-mauro-cid-ex-ajudante\/\">Em relat\u00f3rio a Moraes, PF liga Mauro Cid, ex-ajudante de ordens de Bolsonaro, ao 8 de janeiro<\/a> apareceu primeiro em <a rel=\"nofollow\" href=\"https:\/\/wscom.com.br\/\">WSCOM<\/a>.<\/p>\n","protected":false},"author":50,"featured_media":0,"comment_status":"closed","ping_status":"closed","sticky":false,"template":"","format":"standard","meta":{"advgb_blocks_editor_width":"","advgb_blocks_columns_visual_guide":"","footnotes":""},"categories":[115,34,2144,518],"tags":[35],"class_list":["post-22144","post","type-post","status-publish","format-standard","hentry","category-brasil","category-g1","category-mauro-cid","category-pf","tag-g1"],"author_meta":{"display_name":"Wallyson","author_link":"https:\/\/sindaopcpb.org.br\/author\/wallyson\/"},"featured_img":null,"coauthors":[],"tax_additional":{"categories":{"linked":["<a href=\"https:\/\/sindaopcpb.org.br\/brasil\/\" class=\"advgb-post-tax-term\">Brasil<\/a>","<a href=\"https:\/\/sindaopcpb.org.br\/g1\/\" class=\"advgb-post-tax-term\">G1<\/a>","<a href=\"https:\/\/sindaopcpb.org.br\/mauro-cid\/\" class=\"advgb-post-tax-term\">Mauro Cid<\/a>","<a href=\"https:\/\/sindaopcpb.org.br\/pf\/\" class=\"advgb-post-tax-term\">pf<\/a>"],"unlinked":["<span class=\"advgb-post-tax-term\">Brasil<\/span>","<span class=\"advgb-post-tax-term\">G1<\/span>","<span class=\"advgb-post-tax-term\">Mauro Cid<\/span>","<span class=\"advgb-post-tax-term\">pf<\/span>"]},"tags":{"linked":["<a href=\"https:\/\/sindaopcpb.org.br\/pf\/\" class=\"advgb-post-tax-term\">g1<\/a>"],"unlinked":["<span class=\"advgb-post-tax-term\">g1<\/span>"]}},"comment_count":"0","relative_dates":{"created":"Publicado 3 anos atr\u00e1s","modified":"Atualizado 3 anos atr\u00e1s"},"absolute_dates":{"created":"Publicado em 23 de junho de 2023","modified":"Atualizado em 23 de junho de 2023"},"absolute_dates_time":{"created":"Publicado em 23 de junho de 2023 09:59","modified":"Atualizado em 23 de junho de 2023 09:59"},"featured_img_caption":"","series_order":"","_links":{"self":[{"href":"https:\/\/sindaopcpb.org.br\/index.php\/wp-json\/wp\/v2\/posts\/22144","targetHints":{"allow":["GET"]}}],"collection":[{"href":"https:\/\/sindaopcpb.org.br\/index.php\/wp-json\/wp\/v2\/posts"}],"about":[{"href":"https:\/\/sindaopcpb.org.br\/index.php\/wp-json\/wp\/v2\/types\/post"}],"author":[{"embeddable":true,"href":"https:\/\/sindaopcpb.org.br\/index.php\/wp-json\/wp\/v2\/users\/50"}],"replies":[{"embeddable":true,"href":"https:\/\/sindaopcpb.org.br\/index.php\/wp-json\/wp\/v2\/comments?post=22144"}],"version-history":[{"count":1,"href":"https:\/\/sindaopcpb.org.br\/index.php\/wp-json\/wp\/v2\/posts\/22144\/revisions"}],"predecessor-version":[{"id":22145,"href":"https:\/\/sindaopcpb.org.br\/index.php\/wp-json\/wp\/v2\/posts\/22144\/revisions\/22145"}],"wp:attachment":[{"href":"https:\/\/sindaopcpb.org.br\/index.php\/wp-json\/wp\/v2\/media?parent=22144"}],"wp:term":[{"taxonomy":"category","embeddable":true,"href":"https:\/\/sindaopcpb.org.br\/index.php\/wp-json\/wp\/v2\/categories?post=22144"},{"taxonomy":"post_tag","embeddable":true,"href":"https:\/\/sindaopcpb.org.br\/index.php\/wp-json\/wp\/v2\/tags?post=22144"}],"curies":[{"name":"wp","href":"https:\/\/api.w.org\/{rel}","templated":true}]}}