{"id":22142,"date":"2023-06-23T10:01:06","date_gmt":"2023-06-23T13:01:06","guid":{"rendered":"https:\/\/wpa.wscom.com.br\/?p=907813"},"modified":"2023-06-23T10:01:06","modified_gmt":"2023-06-23T13:01:06","slug":"moraes-consegue-acordo-com-ministros-no-tse-para-impedir-adiamento-de-julgamento-de-bolsonaro","status":"publish","type":"post","link":"https:\/\/sindaopcpb.org.br\/index.php\/2023\/06\/23\/moraes-consegue-acordo-com-ministros-no-tse-para-impedir-adiamento-de-julgamento-de-bolsonaro\/","title":{"rendered":"Moraes consegue acordo com ministros no TSE para impedir adiamento de julgamento de Bolsonaro"},"content":{"rendered":"<p><b>\u00a0<\/b>Presidente do Tribunal Superior Eleitoral (TSE), o ministro Alexandre de Moraes negociou internamente para evitar pedidos de vista e o consequente adiamento do\u00a0<a href=\"https:\/\/www.brasil247.com\/poder\/mp-eleitoral-e-relator-abrem-caminho-para-inelegibilidade-de-bolsonaro-na-semana-que-vem#:~:text=247%20-%20Em%20julgamento%20sobre%20a,para%20a%20condena%C3%A7%C3%A3o%20de%20Bolsonaro.\" rel=\"noopener nofollow\" target=\"_blank\">julgamento que poder\u00e1 tornar Jair Bolsonaro (PL) ineleg\u00edvel<\/a>\u00a0por oito anos.<\/p>\n<p>Segundo Malu Gaspar, do jornal\u00a0<a href=\"https:\/\/oglobo.globo.com\/blogs\/malu-gaspar\/post\/2023\/06\/a-tatica-de-alexandre-de-moraes-para-enquadrar-colegas-e-encerrar-julgamento-de-bolsonaro.ghtml\" rel=\"noopener nofollow\" target=\"_blank\">O Globo<\/a>, Moraes conversou pessoalmente com os dois ministros mais alinhados a Bolsonarona Corte Eleitoral: Kassio Nunes Marques e Raul Ara\u00fajo. &#8220;Nessas conversas, Moraes argumentou que seria ruim para o pa\u00eds e para o TSE que o processo se arrastasse por muito tempo, e insistiu que o tribunal precisa encerrar essa fase da discuss\u00e3o sobre as elei\u00e7\u00f5es de 2022&#8221;, relata a jornalista.<\/p>\n<p>A estrat\u00e9gia de Moraes teria dado certo, segundo Malu Gaspar: tanto Nunes Marques quanto Raul Ara\u00fajo prometeram proferir seus votos de imediato, sem pedido de vista. &#8220;O acordo vem sendo mantido no mais absoluto segredo para evitar o acirramento da press\u00e3o que os bolsonaristas t\u00eam feito, em p\u00fablico e nos bastidores, para que Nunes Marques ou Ara\u00fajo pe\u00e7am vista do processo&#8221;, complementa.<\/p>\n<p>De acordo com Lauro Jardim, do jornal\u00a0<a href=\"https:\/\/oglobo.globo.com\/blogs\/lauro-jardim\/post\/2023\/06\/bolsonaristas-so-aceitam-uma-atitude-de-nunes-marques-no-julgamento-do-tse-um-pedido-de-vista.ghtml\" rel=\"noopener nofollow\" target=\"_blank\">O Globo<\/a>, Bolsonaro e seus aliados depositam suas \u00faltimas esperan\u00e7as em Nunes Marques e em um adiamento: &#8220;apostamos em adiar por tr\u00eas meses na esperan\u00e7a que, neste per\u00edodo, algum fato novo surja que possa mudar o resultado final\u201d, resume um interlocutor de Bolsonaro.<\/p>\n<p>O post <a rel=\"nofollow noopener\" href=\"https:\/\/wscom.com.br\/moraes-consegue-acordo-com-ministros-no-tse-para-impedir-adiamento-de-julgamento-de-bolsonaro\/\" target=\"_blank\">Moraes consegue acordo com ministros no TSE para impedir adiamento de julgamento de Bolsonaro<\/a> apareceu primeiro em <a rel=\"nofollow noopener\" href=\"https:\/\/wscom.com.br\/\" target=\"_blank\">WSCOM<\/a>.<\/p>\n","protected":false},"excerpt":{"rendered":"<p>\u00a0Presidente do Tribunal Superior Eleitoral (TSE), o ministro Alexandre de Moraes negociou internamente para evitar pedidos de vista e o consequente adiamento do\u00a0julgamento que poder\u00e1 tornar Jair Bolsonaro (PL) ineleg\u00edvel\u00a0por oito anos. Segundo Malu Gaspar, do jornal\u00a0O Globo, Moraes conversou pessoalmente com os dois ministros mais alinhados a Bolsonarona Corte Eleitoral: Kassio Nunes Marques e [\u2026]<\/p>\n<p>O post <a rel=\"nofollow\" href=\"https:\/\/wscom.com.br\/moraes-consegue-acordo-com-ministros-no-tse-para-impedir-adiamento-de-julgamento-de-bolsonaro\/\">Moraes consegue acordo com ministros no TSE para impedir adiamento de julgamento de Bolsonaro<\/a> apareceu primeiro em <a rel=\"nofollow\" href=\"https:\/\/wscom.com.br\/\">WSCOM<\/a>.<\/p>\n","protected":false},"author":50,"featured_media":0,"comment_status":"closed","ping_status":"closed","sticky":false,"template":"","format":"standard","meta":{"advgb_blocks_editor_width":"","advgb_blocks_columns_visual_guide":"","footnotes":""},"categories":[509,34,1576,1289,47,464],"tags":[35],"class_list":["post-22142","post","type-post","status-publish","format-standard","hentry","category-bolsonaro","category-g1","category-julgamento","category-moraes","category-politica","category-tse","tag-g1"],"author_meta":{"display_name":"Wallyson","author_link":"https:\/\/sindaopcpb.org.br\/author\/wallyson\/"},"featured_img":null,"coauthors":[],"tax_additional":{"categories":{"linked":["<a href=\"https:\/\/sindaopcpb.org.br\/bolsonaro\/\" class=\"advgb-post-tax-term\">bolsonaro<\/a>","<a href=\"https:\/\/sindaopcpb.org.br\/g1\/\" class=\"advgb-post-tax-term\">G1<\/a>","<a href=\"https:\/\/sindaopcpb.org.br\/julgamento\/\" class=\"advgb-post-tax-term\">julgamento<\/a>","<a href=\"https:\/\/sindaopcpb.org.br\/moraes\/\" class=\"advgb-post-tax-term\">moraes<\/a>","<a href=\"https:\/\/sindaopcpb.org.br\/politica\/\" class=\"advgb-post-tax-term\">POLITICA<\/a>","<a href=\"https:\/\/sindaopcpb.org.br\/tse\/\" class=\"advgb-post-tax-term\">TSE<\/a>"],"unlinked":["<span class=\"advgb-post-tax-term\">bolsonaro<\/span>","<span class=\"advgb-post-tax-term\">G1<\/span>","<span class=\"advgb-post-tax-term\">julgamento<\/span>","<span class=\"advgb-post-tax-term\">moraes<\/span>","<span class=\"advgb-post-tax-term\">POLITICA<\/span>","<span class=\"advgb-post-tax-term\">TSE<\/span>"]},"tags":{"linked":["<a href=\"https:\/\/sindaopcpb.org.br\/tse\/\" class=\"advgb-post-tax-term\">g1<\/a>"],"unlinked":["<span class=\"advgb-post-tax-term\">g1<\/span>"]}},"comment_count":"0","relative_dates":{"created":"Publicado 3 anos atr\u00e1s","modified":"Atualizado 3 anos atr\u00e1s"},"absolute_dates":{"created":"Publicado em 23 de junho de 2023","modified":"Atualizado em 23 de junho de 2023"},"absolute_dates_time":{"created":"Publicado em 23 de junho de 2023 10:01","modified":"Atualizado em 23 de junho de 2023 10:01"},"featured_img_caption":"","series_order":"","_links":{"self":[{"href":"https:\/\/sindaopcpb.org.br\/index.php\/wp-json\/wp\/v2\/posts\/22142","targetHints":{"allow":["GET"]}}],"collection":[{"href":"https:\/\/sindaopcpb.org.br\/index.php\/wp-json\/wp\/v2\/posts"}],"about":[{"href":"https:\/\/sindaopcpb.org.br\/index.php\/wp-json\/wp\/v2\/types\/post"}],"author":[{"embeddable":true,"href":"https:\/\/sindaopcpb.org.br\/index.php\/wp-json\/wp\/v2\/users\/50"}],"replies":[{"embeddable":true,"href":"https:\/\/sindaopcpb.org.br\/index.php\/wp-json\/wp\/v2\/comments?post=22142"}],"version-history":[{"count":1,"href":"https:\/\/sindaopcpb.org.br\/index.php\/wp-json\/wp\/v2\/posts\/22142\/revisions"}],"predecessor-version":[{"id":22143,"href":"https:\/\/sindaopcpb.org.br\/index.php\/wp-json\/wp\/v2\/posts\/22142\/revisions\/22143"}],"wp:attachment":[{"href":"https:\/\/sindaopcpb.org.br\/index.php\/wp-json\/wp\/v2\/media?parent=22142"}],"wp:term":[{"taxonomy":"category","embeddable":true,"href":"https:\/\/sindaopcpb.org.br\/index.php\/wp-json\/wp\/v2\/categories?post=22142"},{"taxonomy":"post_tag","embeddable":true,"href":"https:\/\/sindaopcpb.org.br\/index.php\/wp-json\/wp\/v2\/tags?post=22142"}],"curies":[{"name":"wp","href":"https:\/\/api.w.org\/{rel}","templated":true}]}}