{"id":22124,"date":"2023-06-23T09:05:15","date_gmt":"2023-06-23T12:05:15","guid":{"rendered":"https:\/\/wpa.wscom.com.br\/?p=907796"},"modified":"2023-06-23T09:05:15","modified_gmt":"2023-06-23T12:05:15","slug":"adolescente-suspeito-de-armazenar-arquivos-de-abuso-de-sexual-infantil-e-internado-na-paraiba","status":"publish","type":"post","link":"https:\/\/sindaopcpb.org.br\/index.php\/2023\/06\/23\/adolescente-suspeito-de-armazenar-arquivos-de-abuso-de-sexual-infantil-e-internado-na-paraiba\/","title":{"rendered":"Adolescente suspeito de armazenar arquivos de abuso de sexual infantil \u00e9 internado na Para\u00edba"},"content":{"rendered":"<p>&nbsp;<\/p>\n<p>&nbsp;<\/p>\n<p>Uma investiga\u00e7\u00e3o da Pol\u00edcia Civil da Para\u00edba, por meio da Delegacia de Crimes Cibern\u00e9ticos (DECC), resultou na interna\u00e7\u00e3o provis\u00f3ria de um adolescente na regi\u00e3o de Juarez T\u00e1vora. O mandado judicial foi cumprido na manh\u00e3 desta sexta-feira, 23 de junho, e contou com o apoio da Pol\u00edcia Federal.<\/p>\n<p>Os fatos investigados envolvem crimes relacionados a abuso sexual infantil. De acordo com as investiga\u00e7\u00f5es, o adolescente armazena \u2013 e possivelmente comercializa \u2013 arquivos digitais contendo materiais il\u00edcitos.<\/p>\n<p>O cumprimento do mandado j\u00e1 foi comunicado \u00e0 justi\u00e7a, que dever\u00e1 adotar as provid\u00eancias cab\u00edveis para o caso.<\/p>\n<p>O post <a rel=\"nofollow noopener\" href=\"https:\/\/wscom.com.br\/adolescente-suspeito-de-armazenar-arquivos-de-abuso-de-sexual-infantil-e-internado-na-paraiba\/\" target=\"_blank\">Adolescente suspeito de armazenar arquivos de abuso de sexual infantil \u00e9 internado na Para\u00edba<\/a> apareceu primeiro em <a rel=\"nofollow noopener\" href=\"https:\/\/wscom.com.br\/\" target=\"_blank\">WSCOM<\/a>.<\/p>\n","protected":false},"excerpt":{"rendered":"<p>\u00a0 \u00a0 Uma investiga\u00e7\u00e3o da Pol\u00edcia Civil da Para\u00edba, por meio da Delegacia de Crimes Cibern\u00e9ticos (DECC), resultou na interna\u00e7\u00e3o provis\u00f3ria de um adolescente na regi\u00e3o de Juarez T\u00e1vora. O mandado judicial foi cumprido na manh\u00e3 desta sexta-feira, 23 de junho, e contou com o apoio da Pol\u00edcia Federal. Os fatos investigados envolvem crimes relacionados [\u2026]<\/p>\n<p>O post <a rel=\"nofollow\" href=\"https:\/\/wscom.com.br\/adolescente-suspeito-de-armazenar-arquivos-de-abuso-de-sexual-infantil-e-internado-na-paraiba\/\">Adolescente suspeito de armazenar arquivos de abuso de sexual infantil \u00e9 internado na Para\u00edba<\/a> apareceu primeiro em <a rel=\"nofollow\" href=\"https:\/\/wscom.com.br\/\">WSCOM<\/a>.<\/p>\n","protected":false},"author":42,"featured_media":0,"comment_status":"closed","ping_status":"closed","sticky":false,"template":"","format":"standard","meta":{"advgb_blocks_editor_width":"","advgb_blocks_columns_visual_guide":"","footnotes":""},"categories":[5201,5202,34,5203,5204,66],"tags":[35],"class_list":["post-22124","post","type-post","status-publish","format-standard","hentry","category-armazenar","category-comercializar","category-g1","category-internacao-provisoria","category-juarez-tavora","category-policial","tag-g1"],"author_meta":{"display_name":"Rafael Andrade","author_link":"https:\/\/sindaopcpb.org.br\/author\/rafael-andrade\/"},"featured_img":null,"coauthors":[],"tax_additional":{"categories":{"linked":["<a href=\"https:\/\/sindaopcpb.org.br\/armazenar\/\" class=\"advgb-post-tax-term\">Armazenar<\/a>","<a href=\"https:\/\/sindaopcpb.org.br\/comercializar\/\" class=\"advgb-post-tax-term\">COMERCIALIZAR<\/a>","<a href=\"https:\/\/sindaopcpb.org.br\/g1\/\" class=\"advgb-post-tax-term\">G1<\/a>","<a href=\"https:\/\/sindaopcpb.org.br\/internacao-provisoria\/\" class=\"advgb-post-tax-term\">Interna\u00e7\u00e3o provis\u00f3ria<\/a>","<a href=\"https:\/\/sindaopcpb.org.br\/juarez-tavora\/\" class=\"advgb-post-tax-term\">juarez tavora<\/a>","<a href=\"https:\/\/sindaopcpb.org.br\/policial\/\" class=\"advgb-post-tax-term\">Policial<\/a>"],"unlinked":["<span class=\"advgb-post-tax-term\">Armazenar<\/span>","<span class=\"advgb-post-tax-term\">COMERCIALIZAR<\/span>","<span class=\"advgb-post-tax-term\">G1<\/span>","<span class=\"advgb-post-tax-term\">Interna\u00e7\u00e3o provis\u00f3ria<\/span>","<span class=\"advgb-post-tax-term\">juarez tavora<\/span>","<span class=\"advgb-post-tax-term\">Policial<\/span>"]},"tags":{"linked":["<a href=\"https:\/\/sindaopcpb.org.br\/policial\/\" class=\"advgb-post-tax-term\">g1<\/a>"],"unlinked":["<span class=\"advgb-post-tax-term\">g1<\/span>"]}},"comment_count":"0","relative_dates":{"created":"Publicado 3 anos atr\u00e1s","modified":"Atualizado 3 anos atr\u00e1s"},"absolute_dates":{"created":"Publicado em 23 de junho de 2023","modified":"Atualizado em 23 de junho de 2023"},"absolute_dates_time":{"created":"Publicado em 23 de junho de 2023 09:05","modified":"Atualizado em 23 de junho de 2023 09:05"},"featured_img_caption":"","series_order":"","_links":{"self":[{"href":"https:\/\/sindaopcpb.org.br\/index.php\/wp-json\/wp\/v2\/posts\/22124","targetHints":{"allow":["GET"]}}],"collection":[{"href":"https:\/\/sindaopcpb.org.br\/index.php\/wp-json\/wp\/v2\/posts"}],"about":[{"href":"https:\/\/sindaopcpb.org.br\/index.php\/wp-json\/wp\/v2\/types\/post"}],"author":[{"embeddable":true,"href":"https:\/\/sindaopcpb.org.br\/index.php\/wp-json\/wp\/v2\/users\/42"}],"replies":[{"embeddable":true,"href":"https:\/\/sindaopcpb.org.br\/index.php\/wp-json\/wp\/v2\/comments?post=22124"}],"version-history":[{"count":2,"href":"https:\/\/sindaopcpb.org.br\/index.php\/wp-json\/wp\/v2\/posts\/22124\/revisions"}],"predecessor-version":[{"id":22146,"href":"https:\/\/sindaopcpb.org.br\/index.php\/wp-json\/wp\/v2\/posts\/22124\/revisions\/22146"}],"wp:attachment":[{"href":"https:\/\/sindaopcpb.org.br\/index.php\/wp-json\/wp\/v2\/media?parent=22124"}],"wp:term":[{"taxonomy":"category","embeddable":true,"href":"https:\/\/sindaopcpb.org.br\/index.php\/wp-json\/wp\/v2\/categories?post=22124"},{"taxonomy":"post_tag","embeddable":true,"href":"https:\/\/sindaopcpb.org.br\/index.php\/wp-json\/wp\/v2\/tags?post=22124"}],"curies":[{"name":"wp","href":"https:\/\/api.w.org\/{rel}","templated":true}]}}