{"id":22083,"date":"2023-06-22T20:04:38","date_gmt":"2023-06-22T23:04:38","guid":{"rendered":"https:\/\/www.infomoney.com.br\/?p=2168801"},"modified":"2023-06-22T20:04:38","modified_gmt":"2023-06-22T23:04:38","slug":"reforma-tributaria-preve-fusao-de-5-impostos-em-iva-dual-e-3-aliquotas-veja-parecer-do-relator","status":"publish","type":"post","link":"https:\/\/sindaopcpb.org.br\/index.php\/2023\/06\/22\/reforma-tributaria-preve-fusao-de-5-impostos-em-iva-dual-e-3-aliquotas-veja-parecer-do-relator\/","title":{"rendered":"Reforma tribut\u00e1ria prev\u00ea fus\u00e3o de 5 impostos em IVA dual e 3 al\u00edquotas; veja parecer do relator"},"content":{"rendered":"<p><img loading=\"lazy\" width=\"300\" height=\"199\" src=\"https:\/\/www.infomoney.com.br\/wp-content\/uploads\/2019\/06\/aguinaldo-ribeiro.jpg?fit=300%2C199&amp;quality=70&amp;strip=all\" class=\"attachment-medium size-medium wp-post-image\" alt=\"\" decoding=\"async\" style=\"float:right; margin:0 0 10px 10px;\" srcset=\"https:\/\/www.infomoney.com.br\/wp-content\/uploads\/2019\/06\/aguinaldo-ribeiro.jpg?w=800&amp;quality=70&amp;strip=all 800w, https:\/\/www.infomoney.com.br\/wp-content\/uploads\/2019\/06\/aguinaldo-ribeiro.jpg?w=300&amp;quality=70&amp;strip=all 300w, https:\/\/www.infomoney.com.br\/wp-content\/uploads\/2019\/06\/aguinaldo-ribeiro.jpg?w=768&amp;quality=70&amp;strip=all 768w, https:\/\/www.infomoney.com.br\/wp-content\/uploads\/2019\/06\/aguinaldo-ribeiro.jpg?w=150&amp;quality=70&amp;strip=all 150w\" sizes=\"auto, (max-width: 300px) 100vw, 300px\" data-attachment-id=\"48858\" data-permalink=\"https:\/\/www.infomoney.com.br\/aguinaldo-ribeiro\/\" data-orig-file=\"https:\/\/www.infomoney.com.br\/wp-content\/uploads\/2019\/06\/aguinaldo-ribeiro.jpg?fit=800%2C530&amp;quality=70&amp;strip=all\" data-orig-size=\"800,530\" data-comments-opened=\"1\" data-image-meta=\"{&quot;aperture&quot;:&quot;0&quot;,&quot;credit&quot;:&quot;&quot;,&quot;camera&quot;:&quot;&quot;,&quot;caption&quot;:&quot;&quot;,&quot;created_timestamp&quot;:&quot;0&quot;,&quot;copyright&quot;:&quot;&quot;,&quot;focal_length&quot;:&quot;0&quot;,&quot;iso&quot;:&quot;0&quot;,&quot;shutter_speed&quot;:&quot;0&quot;,&quot;title&quot;:&quot;&quot;,&quot;orientation&quot;:&quot;0&quot;}\" data-image-title=\"aguinaldo-ribeiro\" data-image-description=\"\" data-image-caption=\"\" data-medium-file=\"https:\/\/www.infomoney.com.br\/wp-content\/uploads\/2019\/06\/aguinaldo-ribeiro.jpg?fit=300%2C199&amp;quality=70&amp;strip=all\" data-large-file=\"https:\/\/www.infomoney.com.br\/wp-content\/uploads\/2019\/06\/aguinaldo-ribeiro.jpg?fit=800%2C530&amp;quality=70&amp;strip=all\" title=\"\"><\/p>\n<p>O relator da Proposta de Emenda \u00e0 Constitui\u00e7\u00e3o que trata da <strong>reforma tribut\u00e1ria<\/strong> dos impostos sobre o consumo (PEC 45\/2019), deputado Aguinaldo Ribeiro (PP-PB), protocolou, nesta quinta-feira (22), parecer preliminar para a mat\u00e9ria que ser\u00e1 discutida no plen\u00e1rio da C\u00e2mara dos Deputados.<\/p>\n<p><a href=\"https:\/\/www.infomoney.com.br\/wp-content\/uploads\/2023\/06\/RTGX37wRJbZ75DKP.pdf\" rel=\"nofollow noopener\" target=\"_blank\">Clique aqui para acessar o documento na \u00edntegra<\/a>.<\/p>\n<p>O texto, conforme anteriormente sinalizado pelo relator, prev\u00ea a substitui\u00e7\u00e3o de cinco tributos por um Imposto sobre o Valor Agregado (IVA) de car\u00e1ter dual. Os impostos que deixariam de existir s\u00e3o o IPI (Imposto sobre Produtos Industrializados), a contribui\u00e7\u00e3o para o PIS\/Pasep (Programas de Integra\u00e7\u00e3o Social e de Forma\u00e7\u00e3o do Patrim\u00f4nio do Servidor P\u00fablico) e a Cofins (Contribui\u00e7\u00e3o para o Financiamento da Seguridade Social), em n\u00edvel federal.<\/p>\n<p>No n\u00edvel subnacional, seriam substitu\u00eddos o estadual ICMS (Imposto sobre Circula\u00e7\u00e3o de Mercadorias e Servi\u00e7os) e o municipal Imposto sobre Servi\u00e7os (ISS). Os dois novos impostos \u2012 IVA federal e IVA subnacional \u2012 seriam similares, mas geridos separadamente, de modo a assegurar maior autonomia federativa.<\/p>\n<p>O novo modelo prev\u00ea uma base ampla tribut\u00e1ria, n\u00e3o cumulatividade plena, com a incid\u00eancia &#8220;por fora&#8221; da cadeia. Isso significa que deixaria de existir o chamado &#8220;efeito bola de neve&#8221; na cobran\u00e7a de impostos, em que um tributo recolhido entra na base tribut\u00e1vel na etapa seguinte da cadeia produtiva.<\/p>\n<p>O desenho \u00e9 viabilizado por um sistema de cr\u00e9ditos em que o imposto \u00e9 efetivamente pago apenas pelo consumidor final e no destino \u2012 n\u00e3o mais sobre a origem, como ocorre em muitos casos. Al\u00e9m disso, o modelo promete a efetiva desonera\u00e7\u00e3o completa sobre exporta\u00e7\u00f5es e investimentos, o que deve aumentar a competitividade de produtos brasileiros no mercado.<\/p>\n<p>O projeto em discuss\u00e3o pelos deputados tamb\u00e9m prev\u00ea a cria\u00e7\u00e3o de um Imposto Seletivo (IS), que poder\u00e1 incidir sobre a produ\u00e7\u00e3o, comercializa\u00e7\u00e3o ou importa\u00e7\u00e3o de bens e servi\u00e7os prejudiciais \u00e0 sa\u00fade ou ao meio ambiente a serem regulamentados por lei complementar.<\/p>\n<p>Conforme anunciado pelo relator Aguinaldo Ribeiro em entrevista coletiva, o parecer protocolado prev\u00ea apenas tr\u00eas al\u00edquotas para produtos e servi\u00e7os: uma padr\u00e3o, outra diferenciada (com redu\u00e7\u00e3o de 50% em rela\u00e7\u00e3o \u00e0 primeira) e uma terceira zerada.<\/p>\n<p>A maioria dos bens e servi\u00e7os enquadrados no segundo grupo j\u00e1 haviam sido antecipados no documento com diretrizes para a reforma tribut\u00e1ria, elaborado pelo Grupo de Trabalho que se debru\u00e7ou sobre o assunto na C\u00e2mara dos Deputados. S\u00e3o eles:<\/p>\n<p>1) servi\u00e7os de educa\u00e7\u00e3o;<\/p>\n<p>2) servi\u00e7os de sa\u00fade;<\/p>\n<p>3) dispositivos m\u00e9dicos;<\/p>\n<p>4) medicamentos;<\/p>\n<p>5) servi\u00e7os de transporte p\u00fablico coletivo urbano, semiurbano ou metropolitano;<\/p>\n<p>6) produtos agropecu\u00e1rios, pesqueiros, florestais e extrativistas vegetais in natura;<\/p>\n<p>7) insumos agropecu\u00e1rios, alimentos destinados ao consumo humano e produtos de higiene pessoal definidos pela legisla\u00e7\u00e3o (que seriam os produtos da cesta b\u00e1sica);<\/p>\n<p>8) atividades art\u00edsticas e culturais nacionais.<\/p>\n<p>J\u00e1 na faixa de isen\u00e7\u00e3o estariam alguns medicamentos (como aqueles destinados ao tratamento de doen\u00e7as como c\u00e2ncer) e servi\u00e7os de educa\u00e7\u00e3o de Ensino Superior \u2012 caso do Prouni (Programa Universidade Para Todos).<\/p>\n<p>Tamb\u00e9m est\u00e3o enquadradas hip\u00f3teses em que as pessoas f\u00edsicas que desempenhem atividades agropecu\u00e1rias, pesqueiras, florestais e extrativistas vegetais in natura n\u00e3o sejam submetidas \u00e0 Contribui\u00e7\u00e3o sobre Bens e Servi\u00e7os (CBS).<\/p>\n<p>Neste caso, h\u00e1 um limite de receita anual de R$ 2 milh\u00f5es, permitindo que seja repassado cr\u00e9dito presumido aos adquirentes de seus produtos. Segundo o relator, a medida contemplaria mais de 98% de todos os produtores rurais do Brasil.<\/p>\n<p>No desenho apresentado pelo relator Aguinaldo Ribeiro, portanto, produtos da cesta b\u00e1sica deixariam de ser isentos de imposto, mas teriam al\u00edquota diferenciada. E o agroneg\u00f3cio, um dos principais cr\u00edticos \u00e0 onera\u00e7\u00e3o desta categoria de bens, tamb\u00e9m seria enquadrado no regime especial de tributa\u00e7\u00e3o.<\/p>\n<p>O substitutivo apresentado tamb\u00e9m institui o chamado &#8220;cashback&#8221; para impostos, com a possibilidade de devolu\u00e7\u00e3o do IBS e da CBS recolhidos por pessoas f\u00edsicas de forma ampla. Os crit\u00e9rios, contudo, dever\u00e3o ser definidos posteriormente por lei complementar. &#8220;\u00c9 um tema que ainda vamos precisar continuar discutindo&#8221;, pontuou o relator.<\/p>\n<p>A ideia sugerida por integrantes do GT \u00e9 que o mecanismo seja usado para conferir maior progressividade ao sistema tribut\u00e1rio brasileiro, permitindo que grupos menos favorecidos da sociedade paguem menos impostos e que n\u00e3o sejam concedidos benef\u00edcios indesej\u00e1veis a setores de maior renda (como atualmente ocorre com a desonera\u00e7\u00e3o linear de produtos da cesta b\u00e1sica).<\/p>\n<p>O parecer protocolado nesta quinta-feira (22) tamb\u00e9m manteve dois regimes tribut\u00e1rios favorecidos estabelecidos na Constitui\u00e7\u00e3o Federal. S\u00e3o eles: a Zona Franca de Manaus (ZFM) e o Simples Nacional.<\/p>\n<p>Tamb\u00e9m como indicado no documento preparado pelo GT da Reforma Tribut\u00e1ria, o substitutivo prev\u00ea regimes tribut\u00e1rios espec\u00edficos para tr\u00eas categorias:<\/p>\n<p>1) Combust\u00edveis e lubrificantes: monofasia, com al\u00edquotas uniformes e possibilidade de concess\u00e3o de cr\u00e9dito para o contribuinte do imposto;<\/p>\n<p>2) Servi\u00e7os financeiros, opera\u00e7\u00f5es com bens im\u00f3veis, planos de assist\u00eancia \u00e0 sa\u00fade e concursos de progn\u00f3sticos: altera\u00e7\u00f5es nas al\u00edquotas, nas regras de creditamento e na base de c\u00e1lculo; e tributa\u00e7\u00e3o com base na receita ou no faturamento.<\/p>\n<p>&#8220;Esses s\u00e3o aqueles sistemas em que, pela natureza dessas atividades, h\u00e1 impossibilidade de ter um IVA aplicado direto no sistema de d\u00e9bito e cr\u00e9dito, como ele funciona. \u00c9 por isso que elencamos esses regimes tribut\u00e1rios espec\u00edficos&#8221;, explicou o relator.<\/p>\n<p>3) Compras governamentais: n\u00e3o incid\u00eancia de IBS e CBS, admitida a manuten\u00e7\u00e3o dos cr\u00e9ditos relativos \u00e0s opera\u00e7\u00f5es anteriores; e destina\u00e7\u00e3o integral do produto da arrecada\u00e7\u00e3o do IBS e da CBS recolhida ao ente federativo contratante, mediante redu\u00e7\u00e3o a zero das al\u00edquotas dos demais entes e eleva\u00e7\u00e3o em id\u00eantico montante da al\u00edquota do ente contratante.<\/p>\n<p><em>Muitos dos pontos apresentados foram antecipados pelo deputado Reginaldo Lopes (PT-MG), que coordenou o GT da Reforma Tribut\u00e1ria na C\u00e2mara, em entrevista exclusiva concedida ao InfoMoney h\u00e1 duas semanas.<\/em><strong> Assista a \u00edntegra pelo v\u00eddeo abaixo:<\/strong><\/p>\n<p><iframe loading=\"lazy\" class=\"youtube-player\" width=\"640\" height=\"360\" src=\"https:\/\/www.youtube.com\/embed\/ywE-EoKhOCM?version=3&#038;rel=1&#038;%23038;showsearch=0&#038;%23038;showinfo=1&#038;%23038;iv_load_policy=1&#038;%23038;fs=1&#038;%23038;hl=pt-BR&#038;%23038;autohide=2&#038;%23038;start=798&#038;%23038;wmode=transparent\" allowfullscreen=\"true\" style=\"border:0;\" sandbox=\"allow-scripts allow-same-origin allow-popups allow-presentation\"><\/iframe><\/p>\n<h2><strong>Tramita\u00e7\u00e3o<\/strong><\/h2>\n<p>A ideia \u00e9 que o texto seja votado, com poss\u00edveis ajustes, na primeira semana de julho (antes do recesso parlamentar), conforme calend\u00e1rio apresentado pelo presidente da casa legislativa, o deputado Arthur Lira (PP-AL).<\/p>\n<p>Por se tratar de PEC, o texto depende do apoio de 3\/5 dos deputados (ou seja, pelo menos 308 dos 513) em dois turnos de vota\u00e7\u00e3o para prosperar. Depois, ele ainda precisa passar pelo Senado Federal com exig\u00eancia do mesmo qu\u00f3rum proporcional (o que significa apoio m\u00ednimo de 49 dos 81 integrantes daquela casa).<\/p>\n<p><em>mais informa\u00e7\u00f5es em instantes<\/em><\/p>\n<p>The post <a rel=\"nofollow noopener\" href=\"https:\/\/www.infomoney.com.br\/politica\/reforma-tributaria-preve-fusao-de-5-impostos-em-iva-dual-e-3-aliquotas-veja-parecer-do-relator\/\" target=\"_blank\">Reforma tribut\u00e1ria prev\u00ea fus\u00e3o de 5 impostos em IVA dual e 3 al\u00edquotas; veja parecer do relator<\/a> appeared first on <a rel=\"nofollow noopener\" href=\"https:\/\/www.infomoney.com.br\/\" target=\"_blank\">InfoMoney<\/a>.<\/p>\n","protected":false},"excerpt":{"rendered":"<p><img loading=\"lazy\" decoding=\"async\" width=\"300\" height=\"199\" src=\"https:\/\/www.infomoney.com.br\/wp-content\/uploads\/2019\/06\/aguinaldo-ribeiro.jpg?fit=300%2C199&amp;quality=70&amp;strip=all\" class=\"attachment-medium size-medium wp-post-image\" alt=\"\" data-attachment-id=\"48858\" data-permalink=\"https:\/\/www.infomoney.com.br\/aguinaldo-ribeiro\/\" data-orig-file=\"https:\/\/www.infomoney.com.br\/wp-content\/uploads\/2019\/06\/aguinaldo-ribeiro.jpg?fit=800%2C530&amp;quality=70&amp;strip=all\" data-orig-size=\"800,530\" data-comments-opened=\"1\" data-image-meta='{\"aperture\":\"0\",\"credit\":\"\",\"camera\":\"\",\"caption\":\"\",\"created_timestamp\":\"0\",\"copyright\":\"\",\"focal_length\":\"0\",\"iso\":\"0\",\"shutter_speed\":\"0\",\"title\":\"\",\"orientation\":\"0\"}' data-image-title=\"aguinaldo-ribeiro\" data-image-description=\"\" data-image-caption=\"\" data-medium-file=\"https:\/\/www.infomoney.com.br\/wp-content\/uploads\/2019\/06\/aguinaldo-ribeiro.jpg?fit=300%2C199&amp;quality=70&amp;strip=all\" data-large-file=\"https:\/\/www.infomoney.com.br\/wp-content\/uploads\/2019\/06\/aguinaldo-ribeiro.jpg?fit=800%2C530&amp;quality=70&amp;strip=all\">Calend\u00e1rio do presidente da C\u00e2mara dos Deputados, Arthur Lira (PP-AL), prev\u00ea vota\u00e7\u00e3o do texto na primeira semana de julho, antes do recesso parlamentar<\/p>\n<p>The post <a rel=\"nofollow\" href=\"https:\/\/www.infomoney.com.br\/politica\/reforma-tributaria-preve-fusao-de-5-impostos-em-iva-dual-e-3-aliquotas-veja-parecer-do-relator\/\">Reforma tribut\u00e1ria prev\u00ea fus\u00e3o de 5 impostos em IVA dual e 3 al\u00edquotas; veja parecer do relator<\/a> appeared first on <a rel=\"nofollow\" href=\"https:\/\/www.infomoney.com.br\/\">InfoMoney<\/a>.<\/p>\n","protected":false},"author":52,"featured_media":0,"comment_status":"closed","ping_status":"closed","sticky":false,"template":"","format":"standard","meta":{"advgb_blocks_editor_width":"","advgb_blocks_columns_visual_guide":"","footnotes":""},"categories":[276,34,556,47,191],"tags":[35],"class_list":["post-22083","post","type-post","status-publish","format-standard","hentry","category-camara-dos-deputados","category-g1","category-impostos","category-politica","category-reforma-tributaria","tag-g1"],"author_meta":{"display_name":"Marcos Mortari","author_link":"https:\/\/sindaopcpb.org.br\/author\/marcos-mortari\/"},"featured_img":null,"coauthors":[],"tax_additional":{"categories":{"linked":["<a href=\"https:\/\/sindaopcpb.org.br\/camara-dos-deputados\/\" class=\"advgb-post-tax-term\">C\u00e2mara dos Deputados<\/a>","<a href=\"https:\/\/sindaopcpb.org.br\/g1\/\" class=\"advgb-post-tax-term\">G1<\/a>","<a href=\"https:\/\/sindaopcpb.org.br\/impostos\/\" class=\"advgb-post-tax-term\">Impostos<\/a>","<a href=\"https:\/\/sindaopcpb.org.br\/politica\/\" class=\"advgb-post-tax-term\">POLITICA<\/a>","<a href=\"https:\/\/sindaopcpb.org.br\/reforma-tributaria\/\" class=\"advgb-post-tax-term\">reforma tribut\u00e1ria<\/a>"],"unlinked":["<span class=\"advgb-post-tax-term\">C\u00e2mara dos Deputados<\/span>","<span class=\"advgb-post-tax-term\">G1<\/span>","<span class=\"advgb-post-tax-term\">Impostos<\/span>","<span class=\"advgb-post-tax-term\">POLITICA<\/span>","<span class=\"advgb-post-tax-term\">reforma tribut\u00e1ria<\/span>"]},"tags":{"linked":["<a href=\"https:\/\/sindaopcpb.org.br\/reforma-tributaria\/\" class=\"advgb-post-tax-term\">g1<\/a>"],"unlinked":["<span class=\"advgb-post-tax-term\">g1<\/span>"]}},"comment_count":"0","relative_dates":{"created":"Publicado 3 anos atr\u00e1s","modified":"Atualizado 3 anos atr\u00e1s"},"absolute_dates":{"created":"Publicado em 22 de junho de 2023","modified":"Atualizado em 22 de junho de 2023"},"absolute_dates_time":{"created":"Publicado em 22 de junho de 2023 20:04","modified":"Atualizado em 22 de junho de 2023 20:04"},"featured_img_caption":"","series_order":"","_links":{"self":[{"href":"https:\/\/sindaopcpb.org.br\/index.php\/wp-json\/wp\/v2\/posts\/22083","targetHints":{"allow":["GET"]}}],"collection":[{"href":"https:\/\/sindaopcpb.org.br\/index.php\/wp-json\/wp\/v2\/posts"}],"about":[{"href":"https:\/\/sindaopcpb.org.br\/index.php\/wp-json\/wp\/v2\/types\/post"}],"author":[{"embeddable":true,"href":"https:\/\/sindaopcpb.org.br\/index.php\/wp-json\/wp\/v2\/users\/52"}],"replies":[{"embeddable":true,"href":"https:\/\/sindaopcpb.org.br\/index.php\/wp-json\/wp\/v2\/comments?post=22083"}],"version-history":[{"count":4,"href":"https:\/\/sindaopcpb.org.br\/index.php\/wp-json\/wp\/v2\/posts\/22083\/revisions"}],"predecessor-version":[{"id":22087,"href":"https:\/\/sindaopcpb.org.br\/index.php\/wp-json\/wp\/v2\/posts\/22083\/revisions\/22087"}],"wp:attachment":[{"href":"https:\/\/sindaopcpb.org.br\/index.php\/wp-json\/wp\/v2\/media?parent=22083"}],"wp:term":[{"taxonomy":"category","embeddable":true,"href":"https:\/\/sindaopcpb.org.br\/index.php\/wp-json\/wp\/v2\/categories?post=22083"},{"taxonomy":"post_tag","embeddable":true,"href":"https:\/\/sindaopcpb.org.br\/index.php\/wp-json\/wp\/v2\/tags?post=22083"}],"curies":[{"name":"wp","href":"https:\/\/api.w.org\/{rel}","templated":true}]}}