{"id":22070,"date":"2023-06-22T18:05:41","date_gmt":"2023-06-22T21:05:41","guid":{"rendered":"https:\/\/wpa.wscom.com.br\/?p=907718"},"modified":"2023-06-22T18:05:41","modified_gmt":"2023-06-22T21:05:41","slug":"reforma-tributaria-sera-votada-no-inicio-de-julho-pelo-plenario-da-camara-dos-deputados","status":"publish","type":"post","link":"https:\/\/sindaopcpb.org.br\/index.php\/2023\/06\/22\/reforma-tributaria-sera-votada-no-inicio-de-julho-pelo-plenario-da-camara-dos-deputados\/","title":{"rendered":"Reforma tribut\u00e1ria ser\u00e1 votada no in\u00edcio de julho pelo plen\u00e1rio da C\u00e2mara dos Deputados"},"content":{"rendered":"<p>O presidente da C\u00e2mara dos Deputados, Arthur Lira (PP-AL), disse nesta quinta-feira (22) que a proposta de reforma tribut\u00e1ria deve ser analisada na primeira semana de julho pelo plen\u00e1rio da Casa.\u00a0O texto da proposta foi discutido pela manh\u00e3\u00a0com governadores e outros representantes dos 26 estados e do Distrito Federal.<img decoding=\"async\" src=\"https:\/\/agenciabrasil.ebc.com.br\/ebc.png?id=1539834&amp;o=node\" alt=\"\" title=\"\"><img decoding=\"async\" src=\"https:\/\/agenciabrasil.ebc.com.br\/ebc.gif?id=1539834&amp;o=node\" alt=\"\" title=\"\"><\/p>\n<p>\u201cO texto ser\u00e1 disponibilizado para que todos possam criticar, e n\u00e3o ser\u00e1 o que vai ser votado. Na reuni\u00e3o foram feitas sugest\u00f5es e eu entendo que ser\u00e3o acomodadas diante do texto. \u00c9 um tema complexo, e o momento \u00e9 agora e temos a obriga\u00e7\u00e3o de entregar a melhor reforma\u201d, afirmou o parlamentar. De acordo com Lira, o relator da proposta, deputado Aguinaldo Ribeiro (PP-PB), apresentar\u00e1 o texto da reforma ainda nesta semana.<\/p>\n<p>&nbsp;<\/p>\n<div class=\"dnd-atom-rendered\">\n<div class=\"shadow overflow-hidden rounded-lg d-block zoom-on-hover-sm shadow-hover w-100\">\n<figure style=\"width: 754px\" class=\"wp-caption alignnone\"><img decoding=\"async\" loading=\"lazy\" class=\"flex-fill img-cover\" title=\"Jos\u00e9 Cruz\/Ag\u00eancia Brasil\" src=\"https:\/\/imagens.ebc.com.br\/rKAdV9kU6Yihhx-_8ZmBp7kk0wk=\/\/d3rf2zoedgusog.cloudfront.net\/754x0\/smart\/https:\/\/agenciabrasil.ebc.com.br\/sites\/default\/files\/thumbnails\/image\/pzzb4820.jpg?itok=mNKg2pMK\" alt=\"22\/06\/2023 - Bras\u00edlia - O presidente da C\u00e2mara dos Deputados, Arthur Lira (PP-AL), se re\u00fane com os governadores e secret\u00e1rios de Fazenda, na Resid\u00eancia Oficial da C\u00e2mara. Foto: Jos\u00e9 Cruz\/Ag\u00eancia Brasil\" width=\"754\" height=\"485\" \/><figcaption class=\"wp-caption-text\"><span style=\"font-size: 8pt;\"><strong>O presidente da C\u00e2mara dos Deputados, Arthur Lira (PP-AL), se re\u00fane com os governadores, na resid\u00eancia oficial da C\u00e2mara &#8211; Jos\u00e9 Cruz\/Ag\u00eancia Brasil<\/strong><\/span><\/figcaption><\/figure>\n<\/div>\n<\/div>\n<p>&nbsp;<\/p>\n<h2>Fundo de Desenvolvimento Regional<\/h2>\n<p>Entre os principais pontos de discuss\u00e3o est\u00e1 a cria\u00e7\u00e3o do Fundo de Desenvolvimento Regional. A medida permitiria aos estados reduzir al\u00edquotas do imposto sobre Circula\u00e7\u00e3o de Mercadorias e Servi\u00e7os (ICMS) para atrair investimentos.<\/p>\n<p>&nbsp;<\/p>\n<div class=\"dnd-widget-wrapper context-cheio_8colunas type-image\">\n<div class=\"dnd-atom-rendered\">\n<div class=\"shadow overflow-hidden rounded-lg d-block zoom-on-hover-sm shadow-hover w-100\">\n<figure style=\"width: 754px\" class=\"wp-caption alignnone\"><img decoding=\"async\" loading=\"lazy\" class=\"flex-fill img-cover\" title=\"Jos\u00e9 Cruz\/Ag\u00eancia Brasil\" src=\"https:\/\/imagens.ebc.com.br\/zyObRG0UIUn0T08YAMTsoQ8ipMM=\/\/d3rf2zoedgusog.cloudfront.net\/754x0\/smart\/https:\/\/agenciabrasil.ebc.com.br\/sites\/default\/files\/thumbnails\/image\/pzzb5257.jpg?itok=Yz0JSfeS\" alt=\"22\/06\/2023 - Bras\u00edlia - O governador de Goias, Ronaldo Caiado, fala a imprensa, ap\u00f3s reuni\u00e3o com governadores, na Resid\u00eancia Oficial da C\u00e2mara. Foto: Jos\u00e9 Cruz\/Ag\u00eancia Brasil\" width=\"754\" height=\"514\" \/><figcaption class=\"wp-caption-text\"><span style=\"font-size: 8pt;\"><strong>Governador de Goi\u00e1s, Ronaldo Caiado\u00a0fala \u00e0\u00a0imprensa, ap\u00f3s reuni\u00e3o com o presidente da C\u00e2mara\u00a0&#8211;\u00a0Jos\u00e9 Cruz\/Ag\u00eancia Brasil<\/strong><\/span><\/figcaption><\/figure>\n<\/div>\n<\/div>\n<div class=\"dnd-caption-wrapper\">\n<h6 class=\"meta\"><\/h6>\n<p>&nbsp;<\/p>\n<\/div>\n<\/div>\n<p>Segundo o governador de Goi\u00e1s, Ronaldo Caiado, o dispositivo seria uma forma de compensar a arrecada\u00e7\u00e3o de estados produtores, como os do Centro-Oeste e do Norte. Em outra frente, o fundo poderia destinar recursos para os estados consumidores, que atualmente concedem benef\u00edcios fiscais.<\/p>\n<p>\u201cComo estados que n\u00e3o t\u00eam estrutura de outros poder\u00e3o crescer? Precisamos de outra pol\u00edtica para termos capacidade de crescimento\u201d, defendeu Caiado, ap\u00f3s o encontro.<\/p>\n<p>A proposta em discuss\u00e3o prev\u00ea a cria\u00e7\u00e3o do Imposto sobre Bens e Servi\u00e7os (IBS). O tributo substituiria duas contribui\u00e7\u00f5es \u2013 o Programa de Integra\u00e7\u00e3o Social (PIS) e a Contribui\u00e7\u00e3o para o Financiamento da Seguridade Social (Cofins) \u2013 e tr\u00eas impostos \u2013 o Imposto sobre Produtos Industrializados (IPI), o Imposto sobre Servi\u00e7os (ISS) e o ICMS.<\/p>\n<p>Atualmente, as contribui\u00e7\u00f5es ficam inteiramente com a Uni\u00e3o. O\u00a0IPI \u00e9 partilhado entre Uni\u00e3o e governos locais, o ICMS fica com os estados; e o ISS, com os munic\u00edpios.<\/p>\n<p>O post <a rel=\"nofollow noopener\" href=\"https:\/\/wscom.com.br\/reforma-tributaria-sera-votada-no-inicio-de-julho-pelo-plenario-da-camara-dos-deputados\/\" target=\"_blank\">Reforma tribut\u00e1ria ser\u00e1 votada no in\u00edcio de julho pelo plen\u00e1rio da C\u00e2mara dos Deputados<\/a> apareceu primeiro em <a rel=\"nofollow noopener\" href=\"https:\/\/wscom.com.br\/\" target=\"_blank\">WSCOM<\/a>.<\/p>\n","protected":false},"excerpt":{"rendered":"<p>O presidente da C\u00e2mara dos Deputados, Arthur Lira (PP-AL), disse nesta quinta-feira (22) que a proposta de reforma tribut\u00e1ria deve ser analisada na primeira semana de julho pelo plen\u00e1rio da Casa.\u00a0O texto da proposta foi discutido pela manh\u00e3\u00a0com governadores e outros representantes dos 26 estados e do Distrito Federal. \u201cO texto ser\u00e1 disponibilizado para que [\u2026]<\/p>\n<p>O post <a rel=\"nofollow\" href=\"https:\/\/wscom.com.br\/reforma-tributaria-sera-votada-no-inicio-de-julho-pelo-plenario-da-camara-dos-deputados\/\">Reforma tribut\u00e1ria ser\u00e1 votada no in\u00edcio de julho pelo plen\u00e1rio da C\u00e2mara dos Deputados<\/a> apareceu primeiro em <a rel=\"nofollow\" href=\"https:\/\/wscom.com.br\/\">WSCOM<\/a>.<\/p>\n","protected":false},"author":49,"featured_media":0,"comment_status":"closed","ping_status":"closed","sticky":false,"template":"","format":"standard","meta":{"advgb_blocks_editor_width":"","advgb_blocks_columns_visual_guide":"","footnotes":""},"categories":[275,4215,34,47,191,1027],"tags":[35],"class_list":["post-22070","post","type-post","status-publish","format-standard","hentry","category-arthur-lira","category-deputado-aguinaldo-ribeiro","category-g1","category-politica","category-reforma-tributaria","category-sistema-de-impostos","tag-g1"],"author_meta":{"display_name":"Cristiane Cavalcante","author_link":"https:\/\/sindaopcpb.org.br\/author\/cristiane-cavalcante\/"},"featured_img":null,"coauthors":[],"tax_additional":{"categories":{"linked":["<a href=\"https:\/\/sindaopcpb.org.br\/arthur-lira\/\" class=\"advgb-post-tax-term\">Arthur Lira<\/a>","<a href=\"https:\/\/sindaopcpb.org.br\/deputado-aguinaldo-ribeiro\/\" class=\"advgb-post-tax-term\">Deputado Aguinaldo Ribeiro<\/a>","<a href=\"https:\/\/sindaopcpb.org.br\/g1\/\" class=\"advgb-post-tax-term\">G1<\/a>","<a href=\"https:\/\/sindaopcpb.org.br\/politica\/\" class=\"advgb-post-tax-term\">POLITICA<\/a>","<a href=\"https:\/\/sindaopcpb.org.br\/reforma-tributaria\/\" class=\"advgb-post-tax-term\">reforma tribut\u00e1ria<\/a>","<a href=\"https:\/\/sindaopcpb.org.br\/sistema-de-impostos\/\" class=\"advgb-post-tax-term\">sistema de impostos<\/a>"],"unlinked":["<span class=\"advgb-post-tax-term\">Arthur Lira<\/span>","<span class=\"advgb-post-tax-term\">Deputado Aguinaldo Ribeiro<\/span>","<span class=\"advgb-post-tax-term\">G1<\/span>","<span class=\"advgb-post-tax-term\">POLITICA<\/span>","<span class=\"advgb-post-tax-term\">reforma tribut\u00e1ria<\/span>","<span class=\"advgb-post-tax-term\">sistema de impostos<\/span>"]},"tags":{"linked":["<a href=\"https:\/\/sindaopcpb.org.br\/sistema-de-impostos\/\" class=\"advgb-post-tax-term\">g1<\/a>"],"unlinked":["<span class=\"advgb-post-tax-term\">g1<\/span>"]}},"comment_count":"0","relative_dates":{"created":"Publicado 3 anos atr\u00e1s","modified":"Atualizado 3 anos atr\u00e1s"},"absolute_dates":{"created":"Publicado em 22 de junho de 2023","modified":"Atualizado em 22 de junho de 2023"},"absolute_dates_time":{"created":"Publicado em 22 de junho de 2023 18:05","modified":"Atualizado em 22 de junho de 2023 18:05"},"featured_img_caption":"","series_order":"","_links":{"self":[{"href":"https:\/\/sindaopcpb.org.br\/index.php\/wp-json\/wp\/v2\/posts\/22070","targetHints":{"allow":["GET"]}}],"collection":[{"href":"https:\/\/sindaopcpb.org.br\/index.php\/wp-json\/wp\/v2\/posts"}],"about":[{"href":"https:\/\/sindaopcpb.org.br\/index.php\/wp-json\/wp\/v2\/types\/post"}],"author":[{"embeddable":true,"href":"https:\/\/sindaopcpb.org.br\/index.php\/wp-json\/wp\/v2\/users\/49"}],"replies":[{"embeddable":true,"href":"https:\/\/sindaopcpb.org.br\/index.php\/wp-json\/wp\/v2\/comments?post=22070"}],"version-history":[{"count":1,"href":"https:\/\/sindaopcpb.org.br\/index.php\/wp-json\/wp\/v2\/posts\/22070\/revisions"}],"predecessor-version":[{"id":22071,"href":"https:\/\/sindaopcpb.org.br\/index.php\/wp-json\/wp\/v2\/posts\/22070\/revisions\/22071"}],"wp:attachment":[{"href":"https:\/\/sindaopcpb.org.br\/index.php\/wp-json\/wp\/v2\/media?parent=22070"}],"wp:term":[{"taxonomy":"category","embeddable":true,"href":"https:\/\/sindaopcpb.org.br\/index.php\/wp-json\/wp\/v2\/categories?post=22070"},{"taxonomy":"post_tag","embeddable":true,"href":"https:\/\/sindaopcpb.org.br\/index.php\/wp-json\/wp\/v2\/tags?post=22070"}],"curies":[{"name":"wp","href":"https:\/\/api.w.org\/{rel}","templated":true}]}}