{"id":22056,"date":"2023-06-22T17:21:16","date_gmt":"2023-06-22T20:21:16","guid":{"rendered":"https:\/\/www.infomoney.com.br\/?p=2168608"},"modified":"2023-06-22T17:21:16","modified_gmt":"2023-06-22T20:21:16","slug":"haddad-critica-decisao-do-copom-e-diz-que-bc-esta-contratando-inflacao-e-aumento-de-carga-tributaria-no-futuro","status":"publish","type":"post","link":"https:\/\/sindaopcpb.org.br\/index.php\/2023\/06\/22\/haddad-critica-decisao-do-copom-e-diz-que-bc-esta-contratando-inflacao-e-aumento-de-carga-tributaria-no-futuro\/","title":{"rendered":"Haddad critica decis\u00e3o do Copom e diz que BC est\u00e1 \u201ccontratando\u201d infla\u00e7\u00e3o e aumento de carga tribut\u00e1ria no futuro"},"content":{"rendered":"<p><img loading=\"lazy\" width=\"300\" height=\"200\" src=\"https:\/\/www.infomoney.com.br\/wp-content\/uploads\/2023\/05\/52870680701_f92a7b2063_c.jpg?fit=300%2C200&amp;quality=70&amp;strip=all\" class=\"attachment-medium size-medium wp-post-image\" alt=\"\" decoding=\"async\" style=\"float:right; margin:0 0 10px 10px;\" srcset=\"https:\/\/www.infomoney.com.br\/wp-content\/uploads\/2023\/05\/52870680701_f92a7b2063_c.jpg?w=799&amp;quality=70&amp;strip=all 799w, https:\/\/www.infomoney.com.br\/wp-content\/uploads\/2023\/05\/52870680701_f92a7b2063_c.jpg?w=300&amp;quality=70&amp;strip=all 300w, https:\/\/www.infomoney.com.br\/wp-content\/uploads\/2023\/05\/52870680701_f92a7b2063_c.jpg?w=768&amp;quality=70&amp;strip=all 768w, https:\/\/www.infomoney.com.br\/wp-content\/uploads\/2023\/05\/52870680701_f92a7b2063_c.jpg?w=150&amp;quality=70&amp;strip=all 150w\" sizes=\"auto, (max-width: 300px) 100vw, 300px\" data-attachment-id=\"2125874\" data-permalink=\"https:\/\/www.infomoney.com.br\/politica\/governo-pode-nao-arrecadar-os-r-90-bilhoes-projetados-com-fim-de-subvencoes-sobre-icms\/attachment\/52870680701_f92a7b2063_c\/\" data-orig-file=\"https:\/\/www.infomoney.com.br\/wp-content\/uploads\/2023\/05\/52870680701_f92a7b2063_c.jpg?fit=799%2C533&amp;quality=70&amp;strip=all\" data-orig-size=\"799,533\" data-comments-opened=\"0\" data-image-meta=\"{&quot;aperture&quot;:&quot;0&quot;,&quot;credit&quot;:&quot;&quot;,&quot;camera&quot;:&quot;&quot;,&quot;caption&quot;:&quot;&quot;,&quot;created_timestamp&quot;:&quot;0&quot;,&quot;copyright&quot;:&quot;&quot;,&quot;focal_length&quot;:&quot;0&quot;,&quot;iso&quot;:&quot;0&quot;,&quot;shutter_speed&quot;:&quot;0&quot;,&quot;title&quot;:&quot;&quot;,&quot;orientation&quot;:&quot;0&quot;}\" data-image-title=\"Fernando Haddad\" data-image-description=\"\" data-image-caption=\"&lt;p&gt;O ministro da Fazenda, Fernando Haddad (PT), discursa em cerim\u00f4nia do Conselho de Desenvolvimento Econ\u00f4mico Social Sustent\u00e1vel (CDESS), no Pal\u00e1cio Itamaraty (Foto: Diogo Zacarias)&lt;\/p&gt;\n\" data-medium-file=\"https:\/\/www.infomoney.com.br\/wp-content\/uploads\/2023\/05\/52870680701_f92a7b2063_c.jpg?fit=300%2C200&amp;quality=70&amp;strip=all\" data-large-file=\"https:\/\/www.infomoney.com.br\/wp-content\/uploads\/2023\/05\/52870680701_f92a7b2063_c.jpg?fit=799%2C533&amp;quality=70&amp;strip=all\" title=\"\"><\/p>\n<p>O ministro da Fazenda, <strong>Fernando Haddad (PT)<\/strong>, afirmou, nesta quinta-feira (22), que a decis\u00e3o do Comit\u00ea de Pol\u00edtica Monet\u00e1ria (Copom) do Banco Central de manter a taxa b\u00e1sica de juros em 13,75% ao ano pela s\u00e9tima vez seguida foi &#8220;muito ruim&#8221; e evidencia um &#8220;descompasso&#8221; entre a vis\u00e3o da autoridade monet\u00e1ria sobre a economia brasileira e o que de fato est\u00e1 acontecendo no pa\u00eds.<\/p>\n<p>&#8220;<em>[Foi]<\/em> O quarto comunicado muito ruim. Todos foram ruins. \u00c0s vezes, ele corrige na ata, mas n\u00e3o alivia a situa\u00e7\u00e3o, porque penso que o descompasso entre o que est\u00e1 acontecendo com o Brasil, com o d\u00f3lar, com a curva de juros, com a atividade econ\u00f4mica. \u00c9 claro o sinal de que n\u00f3s pod\u00edamos sinalizar um corte da taxa Selic, que \u00e9 a mais alta do mundo&#8221;, disse.<\/p>\n<p>Haddad concedeu entrevista a jornalistas em Paris (Fran\u00e7a), onde acompanha o presidente Luiz In\u00e1cio Lula da Silva (PT) em agenda oficial. Durante a conversa, o ministro disse que, com a decis\u00e3o de manter uma pol\u00edtica monet\u00e1ria austera, o Banco Central prejudica a atividade econ\u00f4mica, a arrecada\u00e7\u00e3o da Uni\u00e3o e dos entes subnacionais.<\/p>\n<p>&#8220;O descompasso \u00e9 evidente e n\u00e3o d\u00e1 para deixar de mencionar, porque isso tamb\u00e9m vai impactar o fiscal. Os estados est\u00e3o perdendo arrecada\u00e7\u00e3o, os munic\u00edpios est\u00e3o perdendo arrecada\u00e7\u00e3o, a Uni\u00e3o n\u00e3o est\u00e1 performando&#8221;, afirmou.<\/p>\n<p>&#8220;Estou muito preocupado com o que vai acontecer na vida das pessoas. Estamos fazendo um esfor\u00e7o gigantesco de revers\u00e3o de expectativas desde o come\u00e7o do ano&#8221;, pontuou.<\/p>\n<p>Ele citou o pacote anunciado por ele em janeiro com medidas para sanear as contas p\u00fablicas, a revers\u00e3o de decis\u00f5es tomadas no governo anterior, a aprova\u00e7\u00e3o do novo marco fiscal pela C\u00e2mara dos Deputados e pelo Senado Federal e o avan\u00e7o das tratativas sobre a reforma tribut\u00e1ria no parlamento.<\/p>\n<p>Haddad tamb\u00e9m disse que a manuten\u00e7\u00e3o da Selic no atual patamar leva o Brasil a uma taxa de juros real (ou seja, descontada a infla\u00e7\u00e3o) de cerca de 8% ao ano e que, com a decis\u00e3o de ontem, o Banco Central &#8220;est\u00e1 contratando um problema futuro&#8221;.<\/p>\n<p>&#8220;N\u00f3s estamos contratando um problema futuro com essa taxa de juros. \u00c9 isso que essa decis\u00e3o significa. Ela est\u00e1 contratando um problema. Ela est\u00e1 contratando uma infla\u00e7\u00e3o futura ou aumento da carga tribut\u00e1ria futura&#8221;, disse o ministro, que tamb\u00e9m destacou as rea\u00e7\u00f5es do mercado ao evento, com queda do Ibovespa e alta nos contratos de juros futuros.<\/p>\n<p>&#8220;Tenho feito um esfor\u00e7o genu\u00edno de entender o que est\u00e1 acontecendo&#8221;, disse. &#8220;Com tudo que aconteceu neste m\u00eas&#8230; Na t\u00e9cnica, eu n\u00e3o consigo entender esse comunicado&#8221;.<\/p>\n<p>The post <a rel=\"nofollow noopener\" href=\"https:\/\/www.infomoney.com.br\/politica\/haddad-critica-decisao-do-copom-e-diz-que-bc-esta-contratando-inflacao-e-aumento-de-carga-tributaria-no-futuro\/\" target=\"_blank\">Haddad critica decis\u00e3o do Copom e diz que BC est\u00e1 &#8220;contratando&#8221; infla\u00e7\u00e3o e aumento de carga tribut\u00e1ria no futuro<\/a> appeared first on <a rel=\"nofollow noopener\" href=\"https:\/\/www.infomoney.com.br\/\" target=\"_blank\">InfoMoney<\/a>.<\/p>\n","protected":false},"excerpt":{"rendered":"<p><img loading=\"lazy\" decoding=\"async\" width=\"300\" height=\"200\" src=\"https:\/\/www.infomoney.com.br\/wp-content\/uploads\/2023\/05\/52870680701_f92a7b2063_c.jpg?fit=300%2C200&amp;quality=70&amp;strip=all\" class=\"attachment-medium size-medium wp-post-image\" alt=\"\" data-attachment-id=\"2125874\" data-permalink=\"https:\/\/www.infomoney.com.br\/politica\/governo-pode-nao-arrecadar-os-r-90-bilhoes-projetados-com-fim-de-subvencoes-sobre-icms\/attachment\/52870680701_f92a7b2063_c\/\" data-orig-file=\"https:\/\/www.infomoney.com.br\/wp-content\/uploads\/2023\/05\/52870680701_f92a7b2063_c.jpg?fit=799%2C533&amp;quality=70&amp;strip=all\" data-orig-size=\"799,533\" data-comments-opened=\"0\" data-image-meta='{\"aperture\":\"0\",\"credit\":\"\",\"camera\":\"\",\"caption\":\"\",\"created_timestamp\":\"0\",\"copyright\":\"\",\"focal_length\":\"0\",\"iso\":\"0\",\"shutter_speed\":\"0\",\"title\":\"\",\"orientation\":\"0\"}' data-image-title=\"Fernando Haddad\" data-image-description=\"\" data-image-caption=\"&lt;p&gt;O ministro da Fazenda, Fernando Haddad (PT), discursa em cerim\u00f4nia do Conselho de Desenvolvimento Econ\u00f4mico Social Sustent\u00e1vel (CDESS), no Pal\u00e1cio Itamaraty (Foto: Diogo Zacarias)&lt;\/p&gt;\n\" data-medium-file=\"https:\/\/www.infomoney.com.br\/wp-content\/uploads\/2023\/05\/52870680701_f92a7b2063_c.jpg?fit=300%2C200&amp;quality=70&amp;strip=all\" data-large-file=\"https:\/\/www.infomoney.com.br\/wp-content\/uploads\/2023\/05\/52870680701_f92a7b2063_c.jpg?fit=799%2C533&amp;quality=70&amp;strip=all\">Ministro da Fazenda fala em &#8220;descompasso&#8221; entre vis\u00e3o do BC e o que est\u00e3o acontecendo no Brasil: &#8220;Na t\u00e9cnica, eu n\u00e3o consigo entender esse comunicado&#8221;<\/p>\n<p>The post <a rel=\"nofollow\" href=\"https:\/\/www.infomoney.com.br\/politica\/haddad-critica-decisao-do-copom-e-diz-que-bc-esta-contratando-inflacao-e-aumento-de-carga-tributaria-no-futuro\/\">Haddad critica decis\u00e3o do Copom e diz que BC est\u00e1 \u201ccontratando\u201d infla\u00e7\u00e3o e aumento de carga tribut\u00e1ria no futuro<\/a> appeared first on <a rel=\"nofollow\" href=\"https:\/\/www.infomoney.com.br\/\">InfoMoney<\/a>.<\/p>\n","protected":false},"author":52,"featured_media":0,"comment_status":"closed","ping_status":"closed","sticky":false,"template":"","format":"standard","meta":{"advgb_blocks_editor_width":"","advgb_blocks_columns_visual_guide":"","footnotes":""},"categories":[279,1626,69,109,34,130,47,1110,282],"tags":[35],"class_list":["post-22056","post","type-post","status-publish","format-standard","hentry","category-banco-central","category-copom","category-economia","category-fernando-haddad","category-g1","category-ministerio-da-fazenda","category-politica","category-selic","category-taxa-de-juros","tag-g1"],"author_meta":{"display_name":"Marcos Mortari","author_link":"https:\/\/sindaopcpb.org.br\/author\/marcos-mortari\/"},"featured_img":null,"coauthors":[],"tax_additional":{"categories":{"linked":["<a href=\"https:\/\/sindaopcpb.org.br\/banco-central\/\" class=\"advgb-post-tax-term\">Banco Central<\/a>","<a href=\"https:\/\/sindaopcpb.org.br\/copom\/\" class=\"advgb-post-tax-term\">Copom<\/a>","<a href=\"https:\/\/sindaopcpb.org.br\/economia\/\" class=\"advgb-post-tax-term\">Economia<\/a>","<a href=\"https:\/\/sindaopcpb.org.br\/fernando-haddad\/\" class=\"advgb-post-tax-term\">FERNANDO HADDAD<\/a>","<a href=\"https:\/\/sindaopcpb.org.br\/g1\/\" class=\"advgb-post-tax-term\">G1<\/a>","<a href=\"https:\/\/sindaopcpb.org.br\/ministerio-da-fazenda\/\" class=\"advgb-post-tax-term\">Minist\u00e9rio da Fazenda<\/a>","<a href=\"https:\/\/sindaopcpb.org.br\/politica\/\" class=\"advgb-post-tax-term\">POLITICA<\/a>","<a href=\"https:\/\/sindaopcpb.org.br\/selic\/\" class=\"advgb-post-tax-term\">Selic<\/a>","<a href=\"https:\/\/sindaopcpb.org.br\/taxa-de-juros\/\" class=\"advgb-post-tax-term\">Taxa de Juros<\/a>"],"unlinked":["<span class=\"advgb-post-tax-term\">Banco Central<\/span>","<span class=\"advgb-post-tax-term\">Copom<\/span>","<span class=\"advgb-post-tax-term\">Economia<\/span>","<span class=\"advgb-post-tax-term\">FERNANDO HADDAD<\/span>","<span class=\"advgb-post-tax-term\">G1<\/span>","<span class=\"advgb-post-tax-term\">Minist\u00e9rio da Fazenda<\/span>","<span class=\"advgb-post-tax-term\">POLITICA<\/span>","<span class=\"advgb-post-tax-term\">Selic<\/span>","<span class=\"advgb-post-tax-term\">Taxa de Juros<\/span>"]},"tags":{"linked":["<a href=\"https:\/\/sindaopcpb.org.br\/taxa-de-juros\/\" class=\"advgb-post-tax-term\">g1<\/a>"],"unlinked":["<span class=\"advgb-post-tax-term\">g1<\/span>"]}},"comment_count":"0","relative_dates":{"created":"Publicado 3 anos atr\u00e1s","modified":"Atualizado 3 anos atr\u00e1s"},"absolute_dates":{"created":"Publicado em 22 de junho de 2023","modified":"Atualizado em 22 de junho de 2023"},"absolute_dates_time":{"created":"Publicado em 22 de junho de 2023 17:21","modified":"Atualizado em 22 de junho de 2023 17:21"},"featured_img_caption":"","series_order":"","_links":{"self":[{"href":"https:\/\/sindaopcpb.org.br\/index.php\/wp-json\/wp\/v2\/posts\/22056","targetHints":{"allow":["GET"]}}],"collection":[{"href":"https:\/\/sindaopcpb.org.br\/index.php\/wp-json\/wp\/v2\/posts"}],"about":[{"href":"https:\/\/sindaopcpb.org.br\/index.php\/wp-json\/wp\/v2\/types\/post"}],"author":[{"embeddable":true,"href":"https:\/\/sindaopcpb.org.br\/index.php\/wp-json\/wp\/v2\/users\/52"}],"replies":[{"embeddable":true,"href":"https:\/\/sindaopcpb.org.br\/index.php\/wp-json\/wp\/v2\/comments?post=22056"}],"version-history":[{"count":1,"href":"https:\/\/sindaopcpb.org.br\/index.php\/wp-json\/wp\/v2\/posts\/22056\/revisions"}],"predecessor-version":[{"id":22057,"href":"https:\/\/sindaopcpb.org.br\/index.php\/wp-json\/wp\/v2\/posts\/22056\/revisions\/22057"}],"wp:attachment":[{"href":"https:\/\/sindaopcpb.org.br\/index.php\/wp-json\/wp\/v2\/media?parent=22056"}],"wp:term":[{"taxonomy":"category","embeddable":true,"href":"https:\/\/sindaopcpb.org.br\/index.php\/wp-json\/wp\/v2\/categories?post=22056"},{"taxonomy":"post_tag","embeddable":true,"href":"https:\/\/sindaopcpb.org.br\/index.php\/wp-json\/wp\/v2\/tags?post=22056"}],"curies":[{"name":"wp","href":"https:\/\/api.w.org\/{rel}","templated":true}]}}