{"id":22020,"date":"2023-06-22T14:51:18","date_gmt":"2023-06-22T17:51:18","guid":{"rendered":"https:\/\/wpa.wscom.com.br\/?p=907679"},"modified":"2023-06-22T14:51:18","modified_gmt":"2023-06-22T17:51:18","slug":"movimentos-sociais-fazem-atos-para-lembrar-julgamento-de-bolsonaro","status":"publish","type":"post","link":"https:\/\/sindaopcpb.org.br\/index.php\/2023\/06\/22\/movimentos-sociais-fazem-atos-para-lembrar-julgamento-de-bolsonaro\/","title":{"rendered":"Movimentos sociais fazem atos para lembrar julgamento de Bolsonaro"},"content":{"rendered":"<p>A Frente Povo Sem Medo fez na manh\u00e3 desta quinta-feira (22), em S\u00e3o Paulo, uma a\u00e7\u00e3o simb\u00f3lica em frente ao Tribunal Regional Eleitoral (TRE) para chamar a aten\u00e7\u00e3o da popula\u00e7\u00e3o para a import\u00e2ncia do processo de julgamento do ex-presidente Jair Bolsonaro no Tribunal Superior Eleitoral (TSE), em Bras\u00edlia. O julgamento come\u00e7ou hoje e pode deixar Bolsonaro ineleg\u00edvel por oito anos.<img decoding=\"async\" src=\"https:\/\/agenciabrasil.ebc.com.br\/ebc.png?id=1539733&amp;o=node\" alt=\"\" title=\"\"><img decoding=\"async\" src=\"https:\/\/agenciabrasil.ebc.com.br\/ebc.gif?id=1539733&amp;o=node\" alt=\"\" title=\"\"><\/p>\n<p>A a\u00e7\u00e3o &#8211; impetrada pelo PDT &#8211; acusa Bolsonaro de abuso de poder pol\u00edtico e uso indevido dos meios de comunica\u00e7\u00e3o, devido uma reuni\u00e3o com embaixadores, em julho de 2022, no Pal\u00e1cio do Alvorada, onde o ex-presidente fez ataques ao sistema eleitoral.<\/p>\n<h2>Pris\u00e3o e inelegibilidade<\/h2>\n<p>O ato de hoje foi feito em diversos estados do pa\u00eds pedindo a n\u00e3o anistia no processo e, al\u00e9m da inelegibilidade, a pris\u00e3o do ex-presidente pelos crimes cometidos contra a democracia e o povo.<\/p>\n<p>\u201cFoi uma forma de dar voz \u00e0 sociedade que estava aguardando pelo dia hist\u00f3rico que \u00e9 hoje. Hoje se inicia um novo ciclo de justi\u00e7a no pa\u00eds, uma vez que tivemos um ex-presidente irrespons\u00e1vel, que n\u00e3o olhou para a popula\u00e7\u00e3o que mais necessitava de ajuda, que deixou o povo morrer de fome, de covid e que n\u00e3o teve preocupa\u00e7\u00e3o com o nosso meio ambiente. Estamos esperando que hoje seja feita justi\u00e7a, que ele possa ser responsabilizado tamb\u00e9m por outros crimes que cometeu\u201d, disse a presidenta do diret\u00f3rio municipal do PSOL\/SP e da coordena\u00e7\u00e3o nacional do Movimento dos Trabalhadores Sem-Teto (MTST), D\u00e9bora Lima.<\/p>\n<p>O post <a rel=\"nofollow noopener\" href=\"https:\/\/wscom.com.br\/movimentos-sociais-fazem-atos-para-lembrar-julgamento-de-bolsonaro\/\" target=\"_blank\">Movimentos sociais fazem atos para lembrar julgamento de Bolsonaro<\/a> apareceu primeiro em <a rel=\"nofollow noopener\" href=\"https:\/\/wscom.com.br\/\" target=\"_blank\">WSCOM<\/a>.<\/p>\n","protected":false},"excerpt":{"rendered":"<p>A Frente Povo Sem Medo fez na manh\u00e3 desta quinta-feira (22), em S\u00e3o Paulo, uma a\u00e7\u00e3o simb\u00f3lica em frente ao Tribunal Regional Eleitoral (TRE) para chamar a aten\u00e7\u00e3o da popula\u00e7\u00e3o para a import\u00e2ncia do processo de julgamento do ex-presidente Jair Bolsonaro no Tribunal Superior Eleitoral (TSE), em Bras\u00edlia. O julgamento come\u00e7ou hoje e pode deixar [\u2026]<\/p>\n<p>O post <a rel=\"nofollow\" href=\"https:\/\/wscom.com.br\/movimentos-sociais-fazem-atos-para-lembrar-julgamento-de-bolsonaro\/\">Movimentos sociais fazem atos para lembrar julgamento de Bolsonaro<\/a> apareceu primeiro em <a rel=\"nofollow\" href=\"https:\/\/wscom.com.br\/\">WSCOM<\/a>.<\/p>\n","protected":false},"author":49,"featured_media":0,"comment_status":"closed","ping_status":"closed","sticky":false,"template":"","format":"standard","meta":{"advgb_blocks_editor_width":"","advgb_blocks_columns_visual_guide":"","footnotes":""},"categories":[5155,5156,34,5157,47],"tags":[35],"class_list":["post-22020","post","type-post","status-publish","format-standard","hentry","category-crimes-contra-a-democracia","category-frente-povo-sem-medo","category-g1","category-julgamento-de-bolsonaro","category-politica","tag-g1"],"author_meta":{"display_name":"Cristiane Cavalcante","author_link":"https:\/\/sindaopcpb.org.br\/author\/cristiane-cavalcante\/"},"featured_img":null,"coauthors":[],"tax_additional":{"categories":{"linked":["<a href=\"https:\/\/sindaopcpb.org.br\/crimes-contra-a-democracia\/\" class=\"advgb-post-tax-term\">crimes contra a democracia<\/a>","<a href=\"https:\/\/sindaopcpb.org.br\/frente-povo-sem-medo\/\" class=\"advgb-post-tax-term\">Frente Povo Sem Medo<\/a>","<a href=\"https:\/\/sindaopcpb.org.br\/g1\/\" class=\"advgb-post-tax-term\">G1<\/a>","<a href=\"https:\/\/sindaopcpb.org.br\/julgamento-de-bolsonaro\/\" class=\"advgb-post-tax-term\">julgamento de Bolsonaro<\/a>","<a href=\"https:\/\/sindaopcpb.org.br\/politica\/\" class=\"advgb-post-tax-term\">POLITICA<\/a>"],"unlinked":["<span class=\"advgb-post-tax-term\">crimes contra a democracia<\/span>","<span class=\"advgb-post-tax-term\">Frente Povo Sem Medo<\/span>","<span class=\"advgb-post-tax-term\">G1<\/span>","<span class=\"advgb-post-tax-term\">julgamento de Bolsonaro<\/span>","<span class=\"advgb-post-tax-term\">POLITICA<\/span>"]},"tags":{"linked":["<a href=\"https:\/\/sindaopcpb.org.br\/politica\/\" class=\"advgb-post-tax-term\">g1<\/a>"],"unlinked":["<span class=\"advgb-post-tax-term\">g1<\/span>"]}},"comment_count":"0","relative_dates":{"created":"Publicado 3 anos atr\u00e1s","modified":"Atualizado 3 anos atr\u00e1s"},"absolute_dates":{"created":"Publicado em 22 de junho de 2023","modified":"Atualizado em 22 de junho de 2023"},"absolute_dates_time":{"created":"Publicado em 22 de junho de 2023 14:51","modified":"Atualizado em 22 de junho de 2023 14:51"},"featured_img_caption":"","series_order":"","_links":{"self":[{"href":"https:\/\/sindaopcpb.org.br\/index.php\/wp-json\/wp\/v2\/posts\/22020","targetHints":{"allow":["GET"]}}],"collection":[{"href":"https:\/\/sindaopcpb.org.br\/index.php\/wp-json\/wp\/v2\/posts"}],"about":[{"href":"https:\/\/sindaopcpb.org.br\/index.php\/wp-json\/wp\/v2\/types\/post"}],"author":[{"embeddable":true,"href":"https:\/\/sindaopcpb.org.br\/index.php\/wp-json\/wp\/v2\/users\/49"}],"replies":[{"embeddable":true,"href":"https:\/\/sindaopcpb.org.br\/index.php\/wp-json\/wp\/v2\/comments?post=22020"}],"version-history":[{"count":1,"href":"https:\/\/sindaopcpb.org.br\/index.php\/wp-json\/wp\/v2\/posts\/22020\/revisions"}],"predecessor-version":[{"id":22021,"href":"https:\/\/sindaopcpb.org.br\/index.php\/wp-json\/wp\/v2\/posts\/22020\/revisions\/22021"}],"wp:attachment":[{"href":"https:\/\/sindaopcpb.org.br\/index.php\/wp-json\/wp\/v2\/media?parent=22020"}],"wp:term":[{"taxonomy":"category","embeddable":true,"href":"https:\/\/sindaopcpb.org.br\/index.php\/wp-json\/wp\/v2\/categories?post=22020"},{"taxonomy":"post_tag","embeddable":true,"href":"https:\/\/sindaopcpb.org.br\/index.php\/wp-json\/wp\/v2\/tags?post=22020"}],"curies":[{"name":"wp","href":"https:\/\/api.w.org\/{rel}","templated":true}]}}