{"id":22014,"date":"2023-06-22T15:27:03","date_gmt":"2023-06-22T18:27:03","guid":{"rendered":"https:\/\/wpa.wscom.com.br\/?p=907688"},"modified":"2023-06-22T15:27:03","modified_gmt":"2023-06-22T18:27:03","slug":"prefeitura-de-joao-pessoa-garante-servicos-de-urgencia-e-emergencia-neste-sao-joao","status":"publish","type":"post","link":"https:\/\/sindaopcpb.org.br\/index.php\/2023\/06\/22\/prefeitura-de-joao-pessoa-garante-servicos-de-urgencia-e-emergencia-neste-sao-joao\/","title":{"rendered":"Prefeitura de Jo\u00e3o Pessoa garante servi\u00e7os de urg\u00eancia e emerg\u00eancia neste S\u00e3o Jo\u00e3o"},"content":{"rendered":"<p>A Prefeitura de Jo\u00e3o Pessoa decretou ponto facultativo, nesta sexta-feira (23), v\u00e9spera de S\u00e3o Jo\u00e3o, mas segue garantindo \u00e0 popula\u00e7\u00e3o os servi\u00e7os de urg\u00eancia e emerg\u00eancia, ofertados pelo Sistema \u00danico de Sa\u00fade (SUS). Hospitais, Unidades de Pronto Atendimento (UPAs) e o Servi\u00e7o de Atendimento M\u00f3vel de Urg\u00eancia (Samu-JP) estar\u00e3o funcionando normalmente. Estes servi\u00e7os espec\u00edficos tamb\u00e9m estar\u00e3o dispon\u00edveis ao p\u00fablico no s\u00e1bado (24) e domingo (25).<\/p>\n<p>O atendimento de urg\u00eancia e emerg\u00eancia seguir\u00e1 sua rotina normal nas Unidades de Pronto Atendimento (UPAs), localizadas nos bairros dos Banc\u00e1rios, Cruz das Armas, Mana\u00edra e Valentina Figueiredo. As unidades hospitalares que comp\u00f5em a rede de sa\u00fade de Jo\u00e3o Pessoa tamb\u00e9m estar\u00e3o em pleno funcionamento, a exemplo do Complexo Hospitalar de Mangabeira (CHM), Hospital Municipal do Valentina (HMV), Instituto C\u00e2ndida Vargas (ICV), Hospital Municipal Santa Isabel (HMSI) e Prontovida, sendo os dois \u00faltimos com atendimento apenas por meio de regula\u00e7\u00e3o. O Servi\u00e7o de Atendimento M\u00f3vel de Urg\u00eancia (Samu-JP) poder\u00e1 ser acionado, 24 horas por dia, atrav\u00e9s do n\u00famero 192.<\/p>\n<p>&nbsp;<\/p>\n<p><img decoding=\"async\" loading=\"lazy\" class=\"wp-image-309793 aligncenter\" src=\"https:\/\/www.joaopessoa.pb.gov.br\/wp-content\/uploads\/2023\/04\/Hospital-Municipal-santa-isabe-foto-nova-1024x678-1.jpg\" sizes=\"auto, (max-width: 1024px) 100vw, 1024px\" srcset=\"https:\/\/www.joaopessoa.pb.gov.br\/wp-content\/uploads\/2023\/04\/Hospital-Municipal-santa-isabe-foto-nova-1024x678-1.jpg 1024w, https:\/\/www.joaopessoa.pb.gov.br\/wp-content\/uploads\/2023\/04\/Hospital-Municipal-santa-isabe-foto-nova-1024x678-1-768x509.jpg 768w\" alt=\"\" width=\"669\" height=\"443\" data-id=\"309793\" title=\"\"><\/p>\n<p>&nbsp;<\/p>\n<p><strong>Sa\u00fade mental<\/strong>\u00a0\u2013 Neste S\u00e3o Jo\u00e3o, a assist\u00eancia de urg\u00eancia em sa\u00fade mental do munic\u00edpio de Jo\u00e3o Pessoa continua sendo prestada pelo servi\u00e7o do Pronto Atendimento em Sa\u00fade Mental (Pasm), localizado em pr\u00e9dio anexo ao Complexo Hospitalar de Mangabeira (CHM).<\/p>\n<p><strong>Sa\u00fade bucal<\/strong>\u00a0\u2013 O atendimento em sa\u00fade bucal da Capital tamb\u00e9m est\u00e1 garantido pelos Centros de Especialidades Odontol\u00f3gicas (CEO), localizados nos bairros da Torre e Mangabeira. Nos dias 23, 24 e 25 de junho, as unidades atendem exclusivamente casos de urg\u00eancia e emerg\u00eancia, 24h por dia.<\/p>\n<p><strong>USFs e Policl\u00ednicas \u2013<\/strong>\u00a0As unidades de sa\u00fade da fam\u00edlia (USFs), policl\u00ednicas municipais e os demais servi\u00e7os que n\u00e3o atuam como porta de entrada de urg\u00eancia e emerg\u00eancia, al\u00e9m dos setores administrativos da SMS-JP, seguem o decreto da Prefeitura de Jo\u00e3o Pessoa e estar\u00e3o fechados no dia 23, reabrindo na manh\u00e3 da segunda-feira (26).<\/p>\n<p><strong>Casos de queimaduras \u2013<\/strong>\u00a0A orienta\u00e7\u00e3o para casos de queimaduras \u00e9 remover o cidad\u00e3o para o Hospital de Emerg\u00eancia e Trauma Senador Humberto Lucena, refer\u00eancia no tratamento de queimados em Jo\u00e3o Pessoa. A unidade pertence \u00e0 Rede Estadual de Sa\u00fade da Para\u00edba.<\/p>\n<p>O post <a rel=\"nofollow noopener\" href=\"https:\/\/wscom.com.br\/prefeitura-de-joao-pessoa-garante-servicos-de-urgencia-e-emergencia-neste-sao-joao\/\" target=\"_blank\">Prefeitura de Jo\u00e3o Pessoa garante servi\u00e7os de urg\u00eancia e emerg\u00eancia neste S\u00e3o Jo\u00e3o<\/a> apareceu primeiro em <a rel=\"nofollow noopener\" href=\"https:\/\/wscom.com.br\/\" target=\"_blank\">WSCOM<\/a>.<\/p>\n","protected":false},"excerpt":{"rendered":"<p>A Prefeitura de Jo\u00e3o Pessoa decretou ponto facultativo, nesta sexta-feira (23), v\u00e9spera de S\u00e3o Jo\u00e3o, mas segue garantindo \u00e0 popula\u00e7\u00e3o os servi\u00e7os de urg\u00eancia e emerg\u00eancia, ofertados pelo Sistema \u00danico de Sa\u00fade (SUS). Hospitais, Unidades de Pronto Atendimento (UPAs) e o Servi\u00e7o de Atendimento M\u00f3vel de Urg\u00eancia (Samu-JP) estar\u00e3o funcionando normalmente. Estes servi\u00e7os espec\u00edficos tamb\u00e9m [\u2026]<\/p>\n<p>O post <a rel=\"nofollow\" href=\"https:\/\/wscom.com.br\/prefeitura-de-joao-pessoa-garante-servicos-de-urgencia-e-emergencia-neste-sao-joao\/\">Prefeitura de Jo\u00e3o Pessoa garante servi\u00e7os de urg\u00eancia e emerg\u00eancia neste S\u00e3o Jo\u00e3o<\/a> apareceu primeiro em <a rel=\"nofollow\" href=\"https:\/\/wscom.com.br\/\">WSCOM<\/a>.<\/p>\n","protected":false},"author":49,"featured_media":0,"comment_status":"closed","ping_status":"closed","sticky":false,"template":"","format":"standard","meta":{"advgb_blocks_editor_width":"","advgb_blocks_columns_visual_guide":"","footnotes":""},"categories":[5150,34,2017,420,90,5151],"tags":[35],"class_list":["post-22014","post","type-post","status-publish","format-standard","hentry","category-assistencia-em-saude","category-g1","category-prefeitura-de-joao-pessoa","category-sao-joao","category-saude","category-urgencia-e-emergencia","tag-g1"],"author_meta":{"display_name":"Cristiane Cavalcante","author_link":"https:\/\/sindaopcpb.org.br\/author\/cristiane-cavalcante\/"},"featured_img":null,"coauthors":[],"tax_additional":{"categories":{"linked":["<a href=\"https:\/\/sindaopcpb.org.br\/assistencia-em-saude\/\" class=\"advgb-post-tax-term\">assist\u00eancia em sa\u00fade<\/a>","<a href=\"https:\/\/sindaopcpb.org.br\/g1\/\" class=\"advgb-post-tax-term\">G1<\/a>","<a href=\"https:\/\/sindaopcpb.org.br\/prefeitura-de-joao-pessoa\/\" class=\"advgb-post-tax-term\">Prefeitura de Jo\u00e3o Pessoa<\/a>","<a href=\"https:\/\/sindaopcpb.org.br\/sao-joao\/\" class=\"advgb-post-tax-term\">S\u00e3o Jo\u00e3o<\/a>","<a href=\"https:\/\/sindaopcpb.org.br\/saude\/\" class=\"advgb-post-tax-term\">Sa\u00fade<\/a>","<a href=\"https:\/\/sindaopcpb.org.br\/urgencia-e-emergencia\/\" class=\"advgb-post-tax-term\">urg\u00eancia e emerg\u00eancia<\/a>"],"unlinked":["<span class=\"advgb-post-tax-term\">assist\u00eancia em sa\u00fade<\/span>","<span class=\"advgb-post-tax-term\">G1<\/span>","<span class=\"advgb-post-tax-term\">Prefeitura de Jo\u00e3o Pessoa<\/span>","<span class=\"advgb-post-tax-term\">S\u00e3o Jo\u00e3o<\/span>","<span class=\"advgb-post-tax-term\">Sa\u00fade<\/span>","<span class=\"advgb-post-tax-term\">urg\u00eancia e emerg\u00eancia<\/span>"]},"tags":{"linked":["<a href=\"https:\/\/sindaopcpb.org.br\/urgencia-e-emergencia\/\" class=\"advgb-post-tax-term\">g1<\/a>"],"unlinked":["<span class=\"advgb-post-tax-term\">g1<\/span>"]}},"comment_count":"0","relative_dates":{"created":"Publicado 3 anos atr\u00e1s","modified":"Atualizado 3 anos atr\u00e1s"},"absolute_dates":{"created":"Publicado em 22 de junho de 2023","modified":"Atualizado em 22 de junho de 2023"},"absolute_dates_time":{"created":"Publicado em 22 de junho de 2023 15:27","modified":"Atualizado em 22 de junho de 2023 15:27"},"featured_img_caption":"","series_order":"","_links":{"self":[{"href":"https:\/\/sindaopcpb.org.br\/index.php\/wp-json\/wp\/v2\/posts\/22014","targetHints":{"allow":["GET"]}}],"collection":[{"href":"https:\/\/sindaopcpb.org.br\/index.php\/wp-json\/wp\/v2\/posts"}],"about":[{"href":"https:\/\/sindaopcpb.org.br\/index.php\/wp-json\/wp\/v2\/types\/post"}],"author":[{"embeddable":true,"href":"https:\/\/sindaopcpb.org.br\/index.php\/wp-json\/wp\/v2\/users\/49"}],"replies":[{"embeddable":true,"href":"https:\/\/sindaopcpb.org.br\/index.php\/wp-json\/wp\/v2\/comments?post=22014"}],"version-history":[{"count":1,"href":"https:\/\/sindaopcpb.org.br\/index.php\/wp-json\/wp\/v2\/posts\/22014\/revisions"}],"predecessor-version":[{"id":22015,"href":"https:\/\/sindaopcpb.org.br\/index.php\/wp-json\/wp\/v2\/posts\/22014\/revisions\/22015"}],"wp:attachment":[{"href":"https:\/\/sindaopcpb.org.br\/index.php\/wp-json\/wp\/v2\/media?parent=22014"}],"wp:term":[{"taxonomy":"category","embeddable":true,"href":"https:\/\/sindaopcpb.org.br\/index.php\/wp-json\/wp\/v2\/categories?post=22014"},{"taxonomy":"post_tag","embeddable":true,"href":"https:\/\/sindaopcpb.org.br\/index.php\/wp-json\/wp\/v2\/tags?post=22014"}],"curies":[{"name":"wp","href":"https:\/\/api.w.org\/{rel}","templated":true}]}}