{"id":22002,"date":"2023-06-22T12:49:34","date_gmt":"2023-06-22T15:49:34","guid":{"rendered":"https:\/\/wpa.wscom.com.br\/?p=907650"},"modified":"2023-06-22T12:49:34","modified_gmt":"2023-06-22T15:49:34","slug":"bolsonaro-criou-desordem-informacional-ao-atacar-urnas-eletronicas-diz-relator-no-tse","status":"publish","type":"post","link":"https:\/\/sindaopcpb.org.br\/index.php\/2023\/06\/22\/bolsonaro-criou-desordem-informacional-ao-atacar-urnas-eletronicas-diz-relator-no-tse\/","title":{"rendered":"Bolsonaro criou \u201cdesordem informacional\u201d ao atacar urnas eletr\u00f4nicas, diz relator no TSE"},"content":{"rendered":"<p>&nbsp;<\/p>\n<p>&nbsp;<\/p>\n<p>O ex-presidente Jair Bolsonaro (PL) est\u00e1 sob julgamento no Tribunal Superior Eleitoral (TSE)\u00a0e pode ser declarado ineleg\u00edvel por oito anos. O julgamento come\u00e7ou com a leitura de um relat\u00f3rio pelo ministro relator da Corte Eleitoral, Benedito Gon\u00e7alves.<\/p>\n<p>O documento destaca o parecer do Minist\u00e9rio P\u00fablico Eleitoral (MPE) sobre as investiga\u00e7\u00f5es envolvendo Bolsonaro. De acordo com o MPE, as declara\u00e7\u00f5es de Bolsonaro durante uma reuni\u00e3o com embaixadores no ano passado confirmam que o objetivo principal do encontro era promover ideias que minam a integridade do processo eleitoral e das institui\u00e7\u00f5es da Rep\u00fablica, especialmente o TSE e seus ministros.<\/p>\n<p>O parecer ressalta que Bolsonaro &#8220;criou uma ambi\u00eancia prop\u00edcia para a propaga\u00e7\u00e3o de toda sorte de desordem informacional ao asseverar, por diversas vezes, que o sistema eletr\u00f4nico de vota\u00e7\u00e3o \u00e9 receptivo a fraudes e invas\u00f5es que, sob a \u00f3tica do del\u00edrio presidencial, podem comprometer a fidedignidade do resultado das elei\u00e7\u00f5es brasileiras&#8221;.<\/p>\n<p>O post <a rel=\"nofollow noopener\" href=\"https:\/\/wscom.com.br\/bolsonaro-criou-desordem-informacional-ao-atacar-urnas-eletronicas-diz-relator-no-tse\/\" target=\"_blank\">Bolsonaro criou &#8220;desordem informacional&#8221; ao atacar urnas eletr\u00f4nicas, diz relator no TSE<\/a> apareceu primeiro em <a rel=\"nofollow noopener\" href=\"https:\/\/wscom.com.br\/\" target=\"_blank\">WSCOM<\/a>.<\/p>\n","protected":false},"excerpt":{"rendered":"<p>\u00a0 \u00a0 O ex-presidente Jair Bolsonaro (PL) est\u00e1 sob julgamento no Tribunal Superior Eleitoral (TSE)\u00a0e pode ser declarado ineleg\u00edvel por oito anos. O julgamento come\u00e7ou com a leitura de um relat\u00f3rio pelo ministro relator da Corte Eleitoral, Benedito Gon\u00e7alves. O documento destaca o parecer do Minist\u00e9rio P\u00fablico Eleitoral (MPE) sobre as investiga\u00e7\u00f5es envolvendo Bolsonaro. De [\u2026]<\/p>\n<p>O post <a rel=\"nofollow\" href=\"https:\/\/wscom.com.br\/bolsonaro-criou-desordem-informacional-ao-atacar-urnas-eletronicas-diz-relator-no-tse\/\">Bolsonaro criou \u201cdesordem informacional\u201d ao atacar urnas eletr\u00f4nicas, diz relator no TSE<\/a> apareceu primeiro em <a rel=\"nofollow\" href=\"https:\/\/wscom.com.br\/\">WSCOM<\/a>.<\/p>\n","protected":false},"author":42,"featured_media":0,"comment_status":"closed","ping_status":"closed","sticky":false,"template":"","format":"standard","meta":{"advgb_blocks_editor_width":"","advgb_blocks_columns_visual_guide":"","footnotes":""},"categories":[5144,34,4232,135,1576,278,464],"tags":[35],"class_list":["post-22002","post","type-post","status-publish","format-standard","hentry","category-benedito-goncalves","category-g1","category-inelegibilidade","category-jair-bolsonaro","category-julgamento","category-justica","category-tse","tag-g1"],"author_meta":{"display_name":"Rafael Andrade","author_link":"https:\/\/sindaopcpb.org.br\/author\/rafael-andrade\/"},"featured_img":null,"coauthors":[],"tax_additional":{"categories":{"linked":["<a href=\"https:\/\/sindaopcpb.org.br\/benedito-goncalves\/\" class=\"advgb-post-tax-term\">Benedito Gon\u00e7alves<\/a>","<a href=\"https:\/\/sindaopcpb.org.br\/g1\/\" class=\"advgb-post-tax-term\">G1<\/a>","<a href=\"https:\/\/sindaopcpb.org.br\/inelegibilidade\/\" class=\"advgb-post-tax-term\">inelegibilidade<\/a>","<a href=\"https:\/\/sindaopcpb.org.br\/jair-bolsonaro\/\" class=\"advgb-post-tax-term\">Jair Bolsonaro<\/a>","<a href=\"https:\/\/sindaopcpb.org.br\/julgamento\/\" class=\"advgb-post-tax-term\">julgamento<\/a>","<a href=\"https:\/\/sindaopcpb.org.br\/justica\/\" class=\"advgb-post-tax-term\">Justi\u00e7a<\/a>","<a href=\"https:\/\/sindaopcpb.org.br\/tse\/\" class=\"advgb-post-tax-term\">TSE<\/a>"],"unlinked":["<span class=\"advgb-post-tax-term\">Benedito Gon\u00e7alves<\/span>","<span class=\"advgb-post-tax-term\">G1<\/span>","<span class=\"advgb-post-tax-term\">inelegibilidade<\/span>","<span class=\"advgb-post-tax-term\">Jair Bolsonaro<\/span>","<span class=\"advgb-post-tax-term\">julgamento<\/span>","<span class=\"advgb-post-tax-term\">Justi\u00e7a<\/span>","<span class=\"advgb-post-tax-term\">TSE<\/span>"]},"tags":{"linked":["<a href=\"https:\/\/sindaopcpb.org.br\/tse\/\" class=\"advgb-post-tax-term\">g1<\/a>"],"unlinked":["<span class=\"advgb-post-tax-term\">g1<\/span>"]}},"comment_count":"0","relative_dates":{"created":"Publicado 3 anos atr\u00e1s","modified":"Atualizado 3 anos atr\u00e1s"},"absolute_dates":{"created":"Publicado em 22 de junho de 2023","modified":"Atualizado em 22 de junho de 2023"},"absolute_dates_time":{"created":"Publicado em 22 de junho de 2023 12:49","modified":"Atualizado em 22 de junho de 2023 12:49"},"featured_img_caption":"","series_order":"","_links":{"self":[{"href":"https:\/\/sindaopcpb.org.br\/index.php\/wp-json\/wp\/v2\/posts\/22002","targetHints":{"allow":["GET"]}}],"collection":[{"href":"https:\/\/sindaopcpb.org.br\/index.php\/wp-json\/wp\/v2\/posts"}],"about":[{"href":"https:\/\/sindaopcpb.org.br\/index.php\/wp-json\/wp\/v2\/types\/post"}],"author":[{"embeddable":true,"href":"https:\/\/sindaopcpb.org.br\/index.php\/wp-json\/wp\/v2\/users\/42"}],"replies":[{"embeddable":true,"href":"https:\/\/sindaopcpb.org.br\/index.php\/wp-json\/wp\/v2\/comments?post=22002"}],"version-history":[{"count":1,"href":"https:\/\/sindaopcpb.org.br\/index.php\/wp-json\/wp\/v2\/posts\/22002\/revisions"}],"predecessor-version":[{"id":22003,"href":"https:\/\/sindaopcpb.org.br\/index.php\/wp-json\/wp\/v2\/posts\/22002\/revisions\/22003"}],"wp:attachment":[{"href":"https:\/\/sindaopcpb.org.br\/index.php\/wp-json\/wp\/v2\/media?parent=22002"}],"wp:term":[{"taxonomy":"category","embeddable":true,"href":"https:\/\/sindaopcpb.org.br\/index.php\/wp-json\/wp\/v2\/categories?post=22002"},{"taxonomy":"post_tag","embeddable":true,"href":"https:\/\/sindaopcpb.org.br\/index.php\/wp-json\/wp\/v2\/tags?post=22002"}],"curies":[{"name":"wp","href":"https:\/\/api.w.org\/{rel}","templated":true}]}}