{"id":22000,"date":"2023-06-22T12:54:04","date_gmt":"2023-06-22T15:54:04","guid":{"rendered":"https:\/\/wpa.wscom.com.br\/?p=907654"},"modified":"2023-06-22T12:54:04","modified_gmt":"2023-06-22T15:54:04","slug":"em-julgamento-no-tse-mp-eleitoral-pede-condenacao-e-inelegibilidade-de-bolsonaro","status":"publish","type":"post","link":"https:\/\/sindaopcpb.org.br\/index.php\/2023\/06\/22\/em-julgamento-no-tse-mp-eleitoral-pede-condenacao-e-inelegibilidade-de-bolsonaro\/","title":{"rendered":"Em julgamento no TSE, MP Eleitoral pede condena\u00e7\u00e3o e inelegibilidade de Bolsonaro"},"content":{"rendered":"<p>&nbsp;<\/p>\n<p>&nbsp;<\/p>\n<p>Em julgamento sobre a poss\u00edvel inelegibilidade do ex-presidente Jair Bolsonaro\u00a0(PL) no Tribunal Superior Eleitoral (TSE) nesta quinta-feira (22), o vice-procurador-geral eleitoral, Paulo Gonet Branco, leu parecer do Minist\u00e9rio P\u00fablico Eleitoral em que afirma que a reuni\u00e3o do ex-mandat\u00e1rio com embaixadores no Pal\u00e1cio da Alvorada &#8211; ocasi\u00e3o em que ele espalhou mentiras sobre o sistema de vota\u00e7\u00e3o brasileiro &#8211; teve fim eleitoreiro e caracteriza desvio de finalidade. O MP Eleitoral pediu a condena\u00e7\u00e3o e a inelegibilidade de Jair Bolsonaro.<\/p>\n<p>Gonet Branco argumentou que, apesar de ser comum um presidente da Rep\u00fablica se reunir com o corpo diplom\u00e1tico, &#8220;o evento (reuni\u00e3o com embaixadores) foi transformado em instrumento de manobra eleitoreira e com desvio de finalidade&#8221; para atacar as elei\u00e7\u00f5es.<\/p>\n<p>Ainda conforme o vice-procurador-geral, n\u00e3o h\u00e1 como alegar que Bolsonaro apenas exercia sua &#8220;liberdade de express\u00e3o&#8221; no evento com embaixadores. Gonet Branco citou o ac\u00f3rd\u00e3o do TSE que discorre sobre o evento e que afirma que as declara\u00e7\u00f5es de Bolsonaro &#8220;fugiam \u00e0 verdade&#8221; e &#8220;serviam a prop\u00f3sitos inadmiss\u00edveis&#8221;. &#8220;N\u00e3o h\u00e1 como acolher argumento de liberdade de express\u00e3o\u201d, concluiu Branco.<\/p>\n<p>Com rela\u00e7\u00e3o ao ex-ministro e general Braga Netto, que foi candidato a vice-presidente na chapa de Bolsonaro, o Minist\u00e9rio P\u00fablico Eleitoral se manifestou pela improced\u00eancia da a\u00e7\u00e3o.<\/p>\n<p>Ap\u00f3s a manifesta\u00e7\u00e3o de Gonet Branco, o presidente do TSE, ministro Alexandre de Moraes, Moraes suspendeu o julgamento e anunciou o retorno na pr\u00f3xima ter\u00e7a-feira (27).<\/p>\n<p>O post <a rel=\"nofollow noopener\" href=\"https:\/\/wscom.com.br\/em-julgamento-no-tse-mp-eleitoral-pede-condenacao-e-inelegibilidade-de-bolsonaro\/\" target=\"_blank\">Em julgamento no TSE, MP Eleitoral pede condena\u00e7\u00e3o e inelegibilidade de Bolsonaro<\/a> apareceu primeiro em <a rel=\"nofollow noopener\" href=\"https:\/\/wscom.com.br\/\" target=\"_blank\">WSCOM<\/a>.<\/p>\n","protected":false},"excerpt":{"rendered":"<p>\u00a0 \u00a0 Em julgamento sobre a poss\u00edvel inelegibilidade do ex-presidente Jair Bolsonaro\u00a0(PL) no Tribunal Superior Eleitoral (TSE) nesta quinta-feira (22), o vice-procurador-geral eleitoral, Paulo Gonet Branco, leu parecer do Minist\u00e9rio P\u00fablico Eleitoral em que afirma que a reuni\u00e3o do ex-mandat\u00e1rio com embaixadores no Pal\u00e1cio da Alvorada \u2013 ocasi\u00e3o em que ele espalhou mentiras sobre o [\u2026]<\/p>\n<p>O post <a rel=\"nofollow\" href=\"https:\/\/wscom.com.br\/em-julgamento-no-tse-mp-eleitoral-pede-condenacao-e-inelegibilidade-de-bolsonaro\/\">Em julgamento no TSE, MP Eleitoral pede condena\u00e7\u00e3o e inelegibilidade de Bolsonaro<\/a> apareceu primeiro em <a rel=\"nofollow\" href=\"https:\/\/wscom.com.br\/\">WSCOM<\/a>.<\/p>\n","protected":false},"author":42,"featured_media":0,"comment_status":"closed","ping_status":"closed","sticky":false,"template":"","format":"standard","meta":{"advgb_blocks_editor_width":"","advgb_blocks_columns_visual_guide":"","footnotes":""},"categories":[34,4232,135,1576,278,5142,5143,464],"tags":[35],"class_list":["post-22000","post","type-post","status-publish","format-standard","hentry","category-g1","category-inelegibilidade","category-jair-bolsonaro","category-julgamento","category-justica","category-mp-eleitoral","category-paulo-gonet-branco","category-tse","tag-g1"],"author_meta":{"display_name":"Rafael Andrade","author_link":"https:\/\/sindaopcpb.org.br\/author\/rafael-andrade\/"},"featured_img":null,"coauthors":[],"tax_additional":{"categories":{"linked":["<a href=\"https:\/\/sindaopcpb.org.br\/g1\/\" class=\"advgb-post-tax-term\">G1<\/a>","<a href=\"https:\/\/sindaopcpb.org.br\/inelegibilidade\/\" class=\"advgb-post-tax-term\">inelegibilidade<\/a>","<a href=\"https:\/\/sindaopcpb.org.br\/jair-bolsonaro\/\" class=\"advgb-post-tax-term\">Jair Bolsonaro<\/a>","<a href=\"https:\/\/sindaopcpb.org.br\/julgamento\/\" class=\"advgb-post-tax-term\">julgamento<\/a>","<a href=\"https:\/\/sindaopcpb.org.br\/justica\/\" class=\"advgb-post-tax-term\">Justi\u00e7a<\/a>","<a href=\"https:\/\/sindaopcpb.org.br\/mp-eleitoral\/\" class=\"advgb-post-tax-term\">mp eleitoral<\/a>","<a href=\"https:\/\/sindaopcpb.org.br\/paulo-gonet-branco\/\" class=\"advgb-post-tax-term\">Paulo Gonet Branco<\/a>","<a href=\"https:\/\/sindaopcpb.org.br\/tse\/\" class=\"advgb-post-tax-term\">TSE<\/a>"],"unlinked":["<span class=\"advgb-post-tax-term\">G1<\/span>","<span class=\"advgb-post-tax-term\">inelegibilidade<\/span>","<span class=\"advgb-post-tax-term\">Jair Bolsonaro<\/span>","<span class=\"advgb-post-tax-term\">julgamento<\/span>","<span class=\"advgb-post-tax-term\">Justi\u00e7a<\/span>","<span class=\"advgb-post-tax-term\">mp eleitoral<\/span>","<span class=\"advgb-post-tax-term\">Paulo Gonet Branco<\/span>","<span class=\"advgb-post-tax-term\">TSE<\/span>"]},"tags":{"linked":["<a href=\"https:\/\/sindaopcpb.org.br\/tse\/\" class=\"advgb-post-tax-term\">g1<\/a>"],"unlinked":["<span class=\"advgb-post-tax-term\">g1<\/span>"]}},"comment_count":"0","relative_dates":{"created":"Publicado 3 anos atr\u00e1s","modified":"Atualizado 3 anos atr\u00e1s"},"absolute_dates":{"created":"Publicado em 22 de junho de 2023","modified":"Atualizado em 22 de junho de 2023"},"absolute_dates_time":{"created":"Publicado em 22 de junho de 2023 12:54","modified":"Atualizado em 22 de junho de 2023 12:54"},"featured_img_caption":"","series_order":"","_links":{"self":[{"href":"https:\/\/sindaopcpb.org.br\/index.php\/wp-json\/wp\/v2\/posts\/22000","targetHints":{"allow":["GET"]}}],"collection":[{"href":"https:\/\/sindaopcpb.org.br\/index.php\/wp-json\/wp\/v2\/posts"}],"about":[{"href":"https:\/\/sindaopcpb.org.br\/index.php\/wp-json\/wp\/v2\/types\/post"}],"author":[{"embeddable":true,"href":"https:\/\/sindaopcpb.org.br\/index.php\/wp-json\/wp\/v2\/users\/42"}],"replies":[{"embeddable":true,"href":"https:\/\/sindaopcpb.org.br\/index.php\/wp-json\/wp\/v2\/comments?post=22000"}],"version-history":[{"count":1,"href":"https:\/\/sindaopcpb.org.br\/index.php\/wp-json\/wp\/v2\/posts\/22000\/revisions"}],"predecessor-version":[{"id":22001,"href":"https:\/\/sindaopcpb.org.br\/index.php\/wp-json\/wp\/v2\/posts\/22000\/revisions\/22001"}],"wp:attachment":[{"href":"https:\/\/sindaopcpb.org.br\/index.php\/wp-json\/wp\/v2\/media?parent=22000"}],"wp:term":[{"taxonomy":"category","embeddable":true,"href":"https:\/\/sindaopcpb.org.br\/index.php\/wp-json\/wp\/v2\/categories?post=22000"},{"taxonomy":"post_tag","embeddable":true,"href":"https:\/\/sindaopcpb.org.br\/index.php\/wp-json\/wp\/v2\/tags?post=22000"}],"curies":[{"name":"wp","href":"https:\/\/api.w.org\/{rel}","templated":true}]}}