{"id":21955,"date":"2023-06-22T08:59:30","date_gmt":"2023-06-22T11:59:30","guid":{"rendered":"https:\/\/wpa.wscom.com.br\/?p=907570"},"modified":"2023-06-22T08:59:30","modified_gmt":"2023-06-22T11:59:30","slug":"governador-sanciona-lei-e-paraiba-tera-programa-de-saude-mental-nas-escolas-estaduais","status":"publish","type":"post","link":"https:\/\/sindaopcpb.org.br\/index.php\/2023\/06\/22\/governador-sanciona-lei-e-paraiba-tera-programa-de-saude-mental-nas-escolas-estaduais\/","title":{"rendered":"Governador sanciona lei e Para\u00edba ter\u00e1 programa de sa\u00fade mental nas escolas estaduais"},"content":{"rendered":"<p>&nbsp;<\/p>\n<p>&nbsp;<\/p>\n<p>O governador Jo\u00e3o Azev\u00eado sancionou nesta quarta-feira (21) a lei 12.696 que cria o Programa de Sa\u00fade Mental para comunidade escolar nas unidades escolares p\u00fablicas do estado da Para\u00edba. A ideia \u00e9 que o programa atenda al\u00e9m dos estudantes da rede estadual de ensino, toda a comunidade escolar formada pelos profissionais da Educa\u00e7\u00e3o que atuam nas escolas, pais, m\u00e3es e respons\u00e1veis. A publica\u00e7\u00e3o da san\u00e7\u00e3o da lei, de autoria do deputado Dr. Romualdo, consta no Di\u00e1rio Oficial do Estado (DOE) desta quinta-feira (22).<\/p>\n<p>\u201cO programa ir\u00e1 estabelecer um olhar sist\u00eamico \u00e0s crian\u00e7as, adolescentes, jovens, profissionais da educa\u00e7\u00e3o e da comunidade escolar estimulando o entendimento da real import\u00e2ncia da sa\u00fade mental em dia, integrado com os servi\u00e7os de sa\u00fade por equipe multidisciplinar\u201d, justificou o deputado.<\/p>\n<p>Ainda no \u00e2mbito da Lei, tamb\u00e9m foi aprovado no come\u00e7o deste m\u00eas um requerimento de Dr. Romualdo para cria\u00e7\u00e3o do cargo de psic\u00f3logo educacional e a realiza\u00e7\u00e3o de concurso para atua\u00e7\u00e3o destes profissionais dentro da perspectiva do programa nas escolas estaduais da Para\u00edba.<\/p>\n<p>De acordo com psic\u00f3loga Cinthya Mac\u00eado, o Programa de Sa\u00fade Mental nas Escolas muda a vida de adolescentes e adultos que fazem parte da comunidade escolar da rede p\u00fablica do Estado.<\/p>\n<p>\u201cUm programa como esse \u00e9 n\u00e3o apenas importante, como necess\u00e1rio, pois permite um acompanhamento de quest\u00f5es que impactam no conv\u00edvio e no processo de ensino e aprendizagem do aluno. Tamb\u00e9m contribui como um suporte para os professores, seja na resolu\u00e7\u00e3o de conflitos, ou na coopera\u00e7\u00e3o em alguns casos espec\u00edficos, a exemplo da neurodiversidade em sala de aula, que atualmente \u00e9 um desafio para a grande parte dos docentes\u201d, avaliou.<\/p>\n<p>Com experi\u00eancia em escolas da rede p\u00fablica, a psic\u00f3loga destacou ainda o car\u00e1ter integral do programa. \u201cNas minhas interven\u00e7\u00f5es em escola p\u00fablica sempre ou\u00e7o da gest\u00e3o o qu\u00e3o desafiador \u00e9 para uma escola que n\u00e3o tem um profissional de psicologia, pois as demandas de ordem emocional ou comportamental s\u00e3o di\u00e1rias e diversas, e por mais que os professores procurem prestar algum apoio, al\u00e9m da sobrecarga que faz parte do cotidiano, n\u00e3o se sentem preparados para lidar com a maioria destas demandas\u201d, afirmou.<\/p>\n<p>O post <a rel=\"nofollow noopener\" href=\"https:\/\/wscom.com.br\/governador-sanciona-lei-e-paraiba-tera-programa-de-saude-mental-nas-escolas-estaduais\/\" target=\"_blank\">Governador sanciona lei e Para\u00edba ter\u00e1 programa de sa\u00fade mental nas escolas estaduais<\/a> apareceu primeiro em <a rel=\"nofollow noopener\" href=\"https:\/\/wscom.com.br\/\" target=\"_blank\">WSCOM<\/a>.<\/p>\n","protected":false},"excerpt":{"rendered":"<p>\u00a0 \u00a0 O governador Jo\u00e3o Azev\u00eado sancionou nesta quarta-feira (21) a lei 12.696 que cria o Programa de Sa\u00fade Mental para comunidade escolar nas unidades escolares p\u00fablicas do estado da Para\u00edba. A ideia \u00e9 que o programa atenda al\u00e9m dos estudantes da rede estadual de ensino, toda a comunidade escolar formada pelos profissionais da Educa\u00e7\u00e3o [\u2026]<\/p>\n<p>O post <a rel=\"nofollow\" href=\"https:\/\/wscom.com.br\/governador-sanciona-lei-e-paraiba-tera-programa-de-saude-mental-nas-escolas-estaduais\/\">Governador sanciona lei e Para\u00edba ter\u00e1 programa de sa\u00fade mental nas escolas estaduais<\/a> apareceu primeiro em <a rel=\"nofollow\" href=\"https:\/\/wscom.com.br\/\">WSCOM<\/a>.<\/p>\n","protected":false},"author":42,"featured_media":0,"comment_status":"closed","ping_status":"closed","sticky":false,"template":"","format":"standard","meta":{"advgb_blocks_editor_width":"","advgb_blocks_columns_visual_guide":"","footnotes":""},"categories":[5123,34,440,54,3876,90,3456],"tags":[35],"class_list":["post-21955","post","type-post","status-publish","format-standard","hentry","category-dr-romualdo","category-g1","category-joao-azevedo","category-paraiba","category-programa-de-saude-mental","category-saude","category-saude-mental","tag-g1"],"author_meta":{"display_name":"Rafael Andrade","author_link":"https:\/\/sindaopcpb.org.br\/author\/rafael-andrade\/"},"featured_img":null,"coauthors":[],"tax_additional":{"categories":{"linked":["<a href=\"https:\/\/sindaopcpb.org.br\/dr-romualdo\/\" class=\"advgb-post-tax-term\">Dr. Romualdo<\/a>","<a href=\"https:\/\/sindaopcpb.org.br\/g1\/\" class=\"advgb-post-tax-term\">G1<\/a>","<a href=\"https:\/\/sindaopcpb.org.br\/joao-azevedo\/\" class=\"advgb-post-tax-term\">jo\u00e3o azevedo<\/a>","<a href=\"https:\/\/sindaopcpb.org.br\/paraiba\/\" class=\"advgb-post-tax-term\">Para\u00edba<\/a>","<a href=\"https:\/\/sindaopcpb.org.br\/programa-de-saude-mental\/\" class=\"advgb-post-tax-term\">Programa de Sa\u00fade Mental<\/a>","<a href=\"https:\/\/sindaopcpb.org.br\/saude\/\" class=\"advgb-post-tax-term\">Sa\u00fade<\/a>","<a href=\"https:\/\/sindaopcpb.org.br\/saude-mental\/\" class=\"advgb-post-tax-term\">saude mental<\/a>"],"unlinked":["<span class=\"advgb-post-tax-term\">Dr. Romualdo<\/span>","<span class=\"advgb-post-tax-term\">G1<\/span>","<span class=\"advgb-post-tax-term\">jo\u00e3o azevedo<\/span>","<span class=\"advgb-post-tax-term\">Para\u00edba<\/span>","<span class=\"advgb-post-tax-term\">Programa de Sa\u00fade Mental<\/span>","<span class=\"advgb-post-tax-term\">Sa\u00fade<\/span>","<span class=\"advgb-post-tax-term\">saude mental<\/span>"]},"tags":{"linked":["<a href=\"https:\/\/sindaopcpb.org.br\/saude-mental\/\" class=\"advgb-post-tax-term\">g1<\/a>"],"unlinked":["<span class=\"advgb-post-tax-term\">g1<\/span>"]}},"comment_count":"0","relative_dates":{"created":"Publicado 3 anos atr\u00e1s","modified":"Atualizado 3 anos atr\u00e1s"},"absolute_dates":{"created":"Publicado em 22 de junho de 2023","modified":"Atualizado em 22 de junho de 2023"},"absolute_dates_time":{"created":"Publicado em 22 de junho de 2023 08:59","modified":"Atualizado em 22 de junho de 2023 08:59"},"featured_img_caption":"","series_order":"","_links":{"self":[{"href":"https:\/\/sindaopcpb.org.br\/index.php\/wp-json\/wp\/v2\/posts\/21955","targetHints":{"allow":["GET"]}}],"collection":[{"href":"https:\/\/sindaopcpb.org.br\/index.php\/wp-json\/wp\/v2\/posts"}],"about":[{"href":"https:\/\/sindaopcpb.org.br\/index.php\/wp-json\/wp\/v2\/types\/post"}],"author":[{"embeddable":true,"href":"https:\/\/sindaopcpb.org.br\/index.php\/wp-json\/wp\/v2\/users\/42"}],"replies":[{"embeddable":true,"href":"https:\/\/sindaopcpb.org.br\/index.php\/wp-json\/wp\/v2\/comments?post=21955"}],"version-history":[{"count":1,"href":"https:\/\/sindaopcpb.org.br\/index.php\/wp-json\/wp\/v2\/posts\/21955\/revisions"}],"predecessor-version":[{"id":21956,"href":"https:\/\/sindaopcpb.org.br\/index.php\/wp-json\/wp\/v2\/posts\/21955\/revisions\/21956"}],"wp:attachment":[{"href":"https:\/\/sindaopcpb.org.br\/index.php\/wp-json\/wp\/v2\/media?parent=21955"}],"wp:term":[{"taxonomy":"category","embeddable":true,"href":"https:\/\/sindaopcpb.org.br\/index.php\/wp-json\/wp\/v2\/categories?post=21955"},{"taxonomy":"post_tag","embeddable":true,"href":"https:\/\/sindaopcpb.org.br\/index.php\/wp-json\/wp\/v2\/tags?post=21955"}],"curies":[{"name":"wp","href":"https:\/\/api.w.org\/{rel}","templated":true}]}}