{"id":21953,"date":"2023-06-22T09:08:08","date_gmt":"2023-06-22T12:08:08","guid":{"rendered":"https:\/\/wpa.wscom.com.br\/?p=907577"},"modified":"2023-06-22T09:08:08","modified_gmt":"2023-06-22T12:08:08","slug":"comerciantes-de-joao-pessoa-comemoram-boas-vendas-do-milho-no-periodo-junino-mao-do-milho-varia-de-r-25-a-r-60","status":"publish","type":"post","link":"https:\/\/sindaopcpb.org.br\/index.php\/2023\/06\/22\/comerciantes-de-joao-pessoa-comemoram-boas-vendas-do-milho-no-periodo-junino-mao-do-milho-varia-de-r-25-a-r-60\/","title":{"rendered":"Comerciantes de Jo\u00e3o Pessoa comemoram boas vendas do milho no per\u00edodo junino; m\u00e3o do milho varia de R$ 25 a R$ 60"},"content":{"rendered":"<p>Faltando poucos dias para o S\u00e3o Jo\u00e3o, os comerciantes dos principais mercados p\u00fablicos de Jo\u00e3o Pessoa est\u00e3o comemorando as boas vendas do milho, produto mais consumido durante as festividades juninas em todo o Nordeste. Segundo a pesquisa do Procon-JP, a m\u00e3o do milho in natura com ou sem palha (52 espigas) est\u00e1 oscilando entre R$ 25,00 (Box do Aristide \u2013 Mercado de Mangabeira) e R$ 60,00 (Luciana do Milho \u2013 Mercado do Bairro dos Estados).<\/p>\n<figure class=\"wp-block-gallery has-nested-images columns-default is-cropped wp-block-gallery-1 is-layout-flex\">\n<figure class=\"wp-block-image size-large\"><img decoding=\"async\" loading=\"lazy\" class=\"wp-image-315881\" src=\"https:\/\/www.joaopessoa.pb.gov.br\/wp-content\/uploads\/2023\/06\/SEDURB_VENDA_MILHO_SAO_JOAO_FOTOS_KLEIDE_TEIXEIRA_04-1024x683.jpg\" sizes=\"auto, (max-width: 1024px) 100vw, 1024px\" srcset=\"https:\/\/www.joaopessoa.pb.gov.br\/wp-content\/uploads\/2023\/06\/SEDURB_VENDA_MILHO_SAO_JOAO_FOTOS_KLEIDE_TEIXEIRA_04-1024x683.jpg 1024w, https:\/\/www.joaopessoa.pb.gov.br\/wp-content\/uploads\/2023\/06\/SEDURB_VENDA_MILHO_SAO_JOAO_FOTOS_KLEIDE_TEIXEIRA_04-768x512.jpg 768w, https:\/\/www.joaopessoa.pb.gov.br\/wp-content\/uploads\/2023\/06\/SEDURB_VENDA_MILHO_SAO_JOAO_FOTOS_KLEIDE_TEIXEIRA_04-1536x1024.jpg 1536w, https:\/\/www.joaopessoa.pb.gov.br\/wp-content\/uploads\/2023\/06\/SEDURB_VENDA_MILHO_SAO_JOAO_FOTOS_KLEIDE_TEIXEIRA_04-2048x1365.jpg 2048w, https:\/\/www.joaopessoa.pb.gov.br\/wp-content\/uploads\/2023\/06\/SEDURB_VENDA_MILHO_SAO_JOAO_FOTOS_KLEIDE_TEIXEIRA_04-600x400.jpg 600w\" alt=\"\" width=\"1024\" height=\"683\" data-id=\"315881\" title=\"\"><\/figure>\n<figure class=\"wp-block-image size-large\"><img decoding=\"async\" loading=\"lazy\" class=\"wp-image-315880\" src=\"https:\/\/www.joaopessoa.pb.gov.br\/wp-content\/uploads\/2023\/06\/SEDURB_VENDA_MILHO_SAO_JOAO_FOTOS_KLEIDE_TEIXEIRA_01-1024x683.jpg\" sizes=\"auto, (max-width: 1024px) 100vw, 1024px\" srcset=\"https:\/\/www.joaopessoa.pb.gov.br\/wp-content\/uploads\/2023\/06\/SEDURB_VENDA_MILHO_SAO_JOAO_FOTOS_KLEIDE_TEIXEIRA_01-1024x683.jpg 1024w, https:\/\/www.joaopessoa.pb.gov.br\/wp-content\/uploads\/2023\/06\/SEDURB_VENDA_MILHO_SAO_JOAO_FOTOS_KLEIDE_TEIXEIRA_01-768x512.jpg 768w, https:\/\/www.joaopessoa.pb.gov.br\/wp-content\/uploads\/2023\/06\/SEDURB_VENDA_MILHO_SAO_JOAO_FOTOS_KLEIDE_TEIXEIRA_01-1536x1024.jpg 1536w, https:\/\/www.joaopessoa.pb.gov.br\/wp-content\/uploads\/2023\/06\/SEDURB_VENDA_MILHO_SAO_JOAO_FOTOS_KLEIDE_TEIXEIRA_01-2048x1365.jpg 2048w, https:\/\/www.joaopessoa.pb.gov.br\/wp-content\/uploads\/2023\/06\/SEDURB_VENDA_MILHO_SAO_JOAO_FOTOS_KLEIDE_TEIXEIRA_01-600x400.jpg 600w\" alt=\"\" width=\"1024\" height=\"683\" data-id=\"315880\" title=\"\"><\/figure>\n<figure class=\"wp-block-image size-large\"><img decoding=\"async\" loading=\"lazy\" class=\"wp-image-315883\" src=\"https:\/\/www.joaopessoa.pb.gov.br\/wp-content\/uploads\/2023\/06\/SEDURB_VENDA_MILHO_SAO_JOAO_FOTOS_KLEIDE_TEIXEIRA_03-1024x683.jpg\" sizes=\"auto, (max-width: 1024px) 100vw, 1024px\" srcset=\"https:\/\/www.joaopessoa.pb.gov.br\/wp-content\/uploads\/2023\/06\/SEDURB_VENDA_MILHO_SAO_JOAO_FOTOS_KLEIDE_TEIXEIRA_03-1024x683.jpg 1024w, https:\/\/www.joaopessoa.pb.gov.br\/wp-content\/uploads\/2023\/06\/SEDURB_VENDA_MILHO_SAO_JOAO_FOTOS_KLEIDE_TEIXEIRA_03-768x512.jpg 768w, https:\/\/www.joaopessoa.pb.gov.br\/wp-content\/uploads\/2023\/06\/SEDURB_VENDA_MILHO_SAO_JOAO_FOTOS_KLEIDE_TEIXEIRA_03-1536x1024.jpg 1536w, https:\/\/www.joaopessoa.pb.gov.br\/wp-content\/uploads\/2023\/06\/SEDURB_VENDA_MILHO_SAO_JOAO_FOTOS_KLEIDE_TEIXEIRA_03-2048x1365.jpg 2048w, https:\/\/www.joaopessoa.pb.gov.br\/wp-content\/uploads\/2023\/06\/SEDURB_VENDA_MILHO_SAO_JOAO_FOTOS_KLEIDE_TEIXEIRA_03-600x400.jpg 600w\" alt=\"\" width=\"1024\" height=\"683\" data-id=\"315883\" title=\"\"><\/figure>\n<figure class=\"wp-block-image size-large\"><\/figure>\n<figure class=\"wp-block-image size-large\"><img decoding=\"async\" loading=\"lazy\" class=\"wp-image-315882\" src=\"https:\/\/www.joaopessoa.pb.gov.br\/wp-content\/uploads\/2023\/06\/SEDURB_VENDA_MILHO_SAO_JOAO_FOTOS_KLEIDE_TEIXEIRA_16-1024x683.jpg\" sizes=\"auto, (max-width: 1024px) 100vw, 1024px\" srcset=\"https:\/\/www.joaopessoa.pb.gov.br\/wp-content\/uploads\/2023\/06\/SEDURB_VENDA_MILHO_SAO_JOAO_FOTOS_KLEIDE_TEIXEIRA_16-1024x683.jpg 1024w, https:\/\/www.joaopessoa.pb.gov.br\/wp-content\/uploads\/2023\/06\/SEDURB_VENDA_MILHO_SAO_JOAO_FOTOS_KLEIDE_TEIXEIRA_16-768x512.jpg 768w, https:\/\/www.joaopessoa.pb.gov.br\/wp-content\/uploads\/2023\/06\/SEDURB_VENDA_MILHO_SAO_JOAO_FOTOS_KLEIDE_TEIXEIRA_16-1536x1024.jpg 1536w, https:\/\/www.joaopessoa.pb.gov.br\/wp-content\/uploads\/2023\/06\/SEDURB_VENDA_MILHO_SAO_JOAO_FOTOS_KLEIDE_TEIXEIRA_16-2048x1365.jpg 2048w, https:\/\/www.joaopessoa.pb.gov.br\/wp-content\/uploads\/2023\/06\/SEDURB_VENDA_MILHO_SAO_JOAO_FOTOS_KLEIDE_TEIXEIRA_16-600x400.jpg 600w\" alt=\"\" width=\"1024\" height=\"683\" data-id=\"315882\" title=\"\"><\/figure>\n<\/figure>\n<p>O comerciante Jos\u00e9 Humberto, que atua no Mercado Central e no Mercado de Oitizeiro, est\u00e1 empolgado com as vendas. Ele destacou que j\u00e1 teve dias em que comercializou mais de 50 m\u00e3os de milho. Ele esperar lucrar ainda mais nos pr\u00f3ximos dias. \u201cA procura est\u00e1 aumentando a cada dia com a proximidade do S\u00e3o Jo\u00e3o. Gra\u00e7as a Deus estamos conseguindo vender muito bem e nossa expectativa \u00e9 vender ainda mais nessa quinta e sexta. Estou muito satisfeito\u201d, afirmou.<\/p>\n<p>Carlos Bibiano comercializa milho no per\u00edodo junino h\u00e1 20 anos e tamb\u00e9m est\u00e1 muito animado. Segundo ele, que montou sua banca em frente ao Mercado de Mangabeira e conseguiu vender bastante nos \u00faltimos dias. \u201cTrouxe 200 m\u00e3os de milho na ter\u00e7a-feira e j\u00e1 consegui vender quase tudo. O pre\u00e7o da m\u00e3o de milho est\u00e1 variando entre R$ 28 e R$ 30. Espero vender ainda mais nos pr\u00f3ximos dias\u201d, contou o comerciante.<\/p>\n<p><strong>Mesa farta<\/strong>\u00a0\u2013 Enquanto os comerciantes comemoram o sucesso nas vendas, o pessoense se prepara para se deliciar com as comidas juninas. Maria do Carmo Nunes j\u00e1 garantiu sua m\u00e3o de milho para preparar no S\u00e3o Jo\u00e3o. Ela destacou que a mesa ser\u00e1 farta, com o card\u00e1pio bem recheado. \u201cTodo mundo l\u00e1 em casa adora comidas de milho, ent\u00e3o todos os anos compramos milho nesta \u00e9poca. Na nossa mesa n\u00e3o vai faltar milho cozido, assado, pamonha e canjica\u201d, revelou a dona de casa.<\/p>\n<p>O aposentado Fernando Oliveira tamb\u00e9m n\u00e3o perdeu tempo e garantiu o milho da fam\u00edlia para curtir o S\u00e3o Jo\u00e3o. Ele pesquisou bem e conseguiu comprar a m\u00e3o por R$ 30 no Mercado P\u00fablico de Mangabeira. \u201cJ\u00e1 \u00e9 uma tradi\u00e7\u00e3o comprar milho para o S\u00e3o Jo\u00e3o. Todo mundo l\u00e1 em casa gosta, ent\u00e3o tenho que comprar. Achei bom o pre\u00e7o e vamos conseguir comer um milhinho cozido e uma boa canjica\u201d, destacou.<\/p>\n<figure class=\"wp-block-gallery has-nested-images columns-default is-cropped wp-block-gallery-3 is-layout-flex\">\n<figure class=\"wp-block-image size-large\"><img decoding=\"async\" loading=\"lazy\" class=\"wp-image-315887\" src=\"https:\/\/www.joaopessoa.pb.gov.br\/wp-content\/uploads\/2023\/06\/SEDURB_VENDA_MILHO_SAO_JOAO_FOTOS_KLEIDE_TEIXEIRA_13-1024x683.jpg\" sizes=\"auto, (max-width: 1024px) 100vw, 1024px\" srcset=\"https:\/\/www.joaopessoa.pb.gov.br\/wp-content\/uploads\/2023\/06\/SEDURB_VENDA_MILHO_SAO_JOAO_FOTOS_KLEIDE_TEIXEIRA_13-1024x683.jpg 1024w, https:\/\/www.joaopessoa.pb.gov.br\/wp-content\/uploads\/2023\/06\/SEDURB_VENDA_MILHO_SAO_JOAO_FOTOS_KLEIDE_TEIXEIRA_13-768x512.jpg 768w, https:\/\/www.joaopessoa.pb.gov.br\/wp-content\/uploads\/2023\/06\/SEDURB_VENDA_MILHO_SAO_JOAO_FOTOS_KLEIDE_TEIXEIRA_13-1536x1024.jpg 1536w, https:\/\/www.joaopessoa.pb.gov.br\/wp-content\/uploads\/2023\/06\/SEDURB_VENDA_MILHO_SAO_JOAO_FOTOS_KLEIDE_TEIXEIRA_13-2048x1365.jpg 2048w, https:\/\/www.joaopessoa.pb.gov.br\/wp-content\/uploads\/2023\/06\/SEDURB_VENDA_MILHO_SAO_JOAO_FOTOS_KLEIDE_TEIXEIRA_13-600x400.jpg 600w\" alt=\"\" width=\"1024\" height=\"683\" data-id=\"315887\" title=\"\"><\/figure>\n<figure class=\"wp-block-image size-large\"><img decoding=\"async\" loading=\"lazy\" class=\"wp-image-315885\" src=\"https:\/\/www.joaopessoa.pb.gov.br\/wp-content\/uploads\/2023\/06\/SEDURB_VENDA_MILHO_SAO_JOAO_FOTOS_KLEIDE_TEIXEIRA_14-1024x683.jpg\" sizes=\"auto, (max-width: 1024px) 100vw, 1024px\" srcset=\"https:\/\/www.joaopessoa.pb.gov.br\/wp-content\/uploads\/2023\/06\/SEDURB_VENDA_MILHO_SAO_JOAO_FOTOS_KLEIDE_TEIXEIRA_14-1024x683.jpg 1024w, https:\/\/www.joaopessoa.pb.gov.br\/wp-content\/uploads\/2023\/06\/SEDURB_VENDA_MILHO_SAO_JOAO_FOTOS_KLEIDE_TEIXEIRA_14-768x512.jpg 768w, https:\/\/www.joaopessoa.pb.gov.br\/wp-content\/uploads\/2023\/06\/SEDURB_VENDA_MILHO_SAO_JOAO_FOTOS_KLEIDE_TEIXEIRA_14-1536x1024.jpg 1536w, https:\/\/www.joaopessoa.pb.gov.br\/wp-content\/uploads\/2023\/06\/SEDURB_VENDA_MILHO_SAO_JOAO_FOTOS_KLEIDE_TEIXEIRA_14-2048x1365.jpg 2048w, https:\/\/www.joaopessoa.pb.gov.br\/wp-content\/uploads\/2023\/06\/SEDURB_VENDA_MILHO_SAO_JOAO_FOTOS_KLEIDE_TEIXEIRA_14-600x400.jpg 600w\" alt=\"\" width=\"1024\" height=\"683\" data-id=\"315885\" title=\"\"><\/figure>\n<figure class=\"wp-block-image size-large\"><img decoding=\"async\" loading=\"lazy\" class=\"wp-image-315886\" src=\"https:\/\/www.joaopessoa.pb.gov.br\/wp-content\/uploads\/2023\/06\/SEDURB_VENDA_MILHO_SAO_JOAO_FOTOS_KLEIDE_TEIXEIRA_09-1024x683.jpg\" sizes=\"auto, (max-width: 1024px) 100vw, 1024px\" srcset=\"https:\/\/www.joaopessoa.pb.gov.br\/wp-content\/uploads\/2023\/06\/SEDURB_VENDA_MILHO_SAO_JOAO_FOTOS_KLEIDE_TEIXEIRA_09-1024x683.jpg 1024w, https:\/\/www.joaopessoa.pb.gov.br\/wp-content\/uploads\/2023\/06\/SEDURB_VENDA_MILHO_SAO_JOAO_FOTOS_KLEIDE_TEIXEIRA_09-768x512.jpg 768w, https:\/\/www.joaopessoa.pb.gov.br\/wp-content\/uploads\/2023\/06\/SEDURB_VENDA_MILHO_SAO_JOAO_FOTOS_KLEIDE_TEIXEIRA_09-1536x1024.jpg 1536w, https:\/\/www.joaopessoa.pb.gov.br\/wp-content\/uploads\/2023\/06\/SEDURB_VENDA_MILHO_SAO_JOAO_FOTOS_KLEIDE_TEIXEIRA_09-2048x1365.jpg 2048w, https:\/\/www.joaopessoa.pb.gov.br\/wp-content\/uploads\/2023\/06\/SEDURB_VENDA_MILHO_SAO_JOAO_FOTOS_KLEIDE_TEIXEIRA_09-600x400.jpg 600w\" alt=\"\" width=\"1024\" height=\"683\" data-id=\"315886\" title=\"\"><\/figure>\n<\/figure>\n<p><strong>Cecaf\u00a0<\/strong>\u2013 O Festival do Milho da Central de Comercializa\u00e7\u00e3o da Agricultura Familiar (Cecaf) \u00e9 outra boa op\u00e7\u00e3o para quem deseja comprar milho de boa qualidade e com bom pre\u00e7o. Na feira, que ser\u00e1 realizada at\u00e9 o pr\u00f3ximo s\u00e1bado (24), a m\u00e3o do milho est\u00e1 custando R$ 35. O evento ainda conta com comidas t\u00edpicas, gastronomia regional, al\u00e9m de artesanato e os demais produtos da agricultura familiar, j\u00e1 conhecidos por quem frequenta o espa\u00e7o.<\/p>\n<p>O post <a rel=\"nofollow noopener\" href=\"https:\/\/wscom.com.br\/comerciantes-de-joao-pessoa-comemoram-boas-vendas-do-milho-no-periodo-junino-mao-do-milho-varia-de-r-25-a-r-60\/\" target=\"_blank\">Comerciantes de Jo\u00e3o Pessoa comemoram boas vendas do milho no per\u00edodo junino; m\u00e3o do milho varia de R$ 25 a R$ 60<\/a> apareceu primeiro em <a rel=\"nofollow noopener\" href=\"https:\/\/wscom.com.br\/\" target=\"_blank\">WSCOM<\/a>.<\/p>\n","protected":false},"excerpt":{"rendered":"<p>Faltando poucos dias para o S\u00e3o Jo\u00e3o, os comerciantes dos principais mercados p\u00fablicos de Jo\u00e3o Pessoa est\u00e3o comemorando as boas vendas do milho, produto mais consumido durante as festividades juninas em todo o Nordeste. Segundo a pesquisa do Procon-JP, a m\u00e3o do milho in natura com ou sem palha (52 espigas) est\u00e1 oscilando entre R$ [\u2026]<\/p>\n<p>O post <a rel=\"nofollow\" href=\"https:\/\/wscom.com.br\/comerciantes-de-joao-pessoa-comemoram-boas-vendas-do-milho-no-periodo-junino-mao-do-milho-varia-de-r-25-a-r-60\/\">Comerciantes de Jo\u00e3o Pessoa comemoram boas vendas do milho no per\u00edodo junino; m\u00e3o do milho varia de R$ 25 a R$ 60<\/a> apareceu primeiro em <a rel=\"nofollow\" href=\"https:\/\/wscom.com.br\/\">WSCOM<\/a>.<\/p>\n","protected":false},"author":50,"featured_media":0,"comment_status":"closed","ping_status":"closed","sticky":false,"template":"","format":"standard","meta":{"advgb_blocks_editor_width":"","advgb_blocks_columns_visual_guide":"","footnotes":""},"categories":[34,71,5121,54,5122],"tags":[35],"class_list":["post-21953","post","type-post","status-publish","format-standard","hentry","category-g1","category-joao-pessoa","category-milho","category-paraiba","category-venda","tag-g1"],"author_meta":{"display_name":"Wallyson","author_link":"https:\/\/sindaopcpb.org.br\/author\/wallyson\/"},"featured_img":null,"coauthors":[],"tax_additional":{"categories":{"linked":["<a href=\"https:\/\/sindaopcpb.org.br\/g1\/\" class=\"advgb-post-tax-term\">G1<\/a>","<a href=\"https:\/\/sindaopcpb.org.br\/joao-pessoa\/\" class=\"advgb-post-tax-term\">Jo\u00e3o Pessoa<\/a>","<a href=\"https:\/\/sindaopcpb.org.br\/milho\/\" class=\"advgb-post-tax-term\">milho<\/a>","<a href=\"https:\/\/sindaopcpb.org.br\/paraiba\/\" class=\"advgb-post-tax-term\">Para\u00edba<\/a>","<a href=\"https:\/\/sindaopcpb.org.br\/venda\/\" class=\"advgb-post-tax-term\">Venda<\/a>"],"unlinked":["<span class=\"advgb-post-tax-term\">G1<\/span>","<span class=\"advgb-post-tax-term\">Jo\u00e3o Pessoa<\/span>","<span class=\"advgb-post-tax-term\">milho<\/span>","<span class=\"advgb-post-tax-term\">Para\u00edba<\/span>","<span class=\"advgb-post-tax-term\">Venda<\/span>"]},"tags":{"linked":["<a href=\"https:\/\/sindaopcpb.org.br\/venda\/\" class=\"advgb-post-tax-term\">g1<\/a>"],"unlinked":["<span class=\"advgb-post-tax-term\">g1<\/span>"]}},"comment_count":"0","relative_dates":{"created":"Publicado 3 anos atr\u00e1s","modified":"Atualizado 3 anos atr\u00e1s"},"absolute_dates":{"created":"Publicado em 22 de junho de 2023","modified":"Atualizado em 22 de junho de 2023"},"absolute_dates_time":{"created":"Publicado em 22 de junho de 2023 09:08","modified":"Atualizado em 22 de junho de 2023 09:08"},"featured_img_caption":"","series_order":"","_links":{"self":[{"href":"https:\/\/sindaopcpb.org.br\/index.php\/wp-json\/wp\/v2\/posts\/21953","targetHints":{"allow":["GET"]}}],"collection":[{"href":"https:\/\/sindaopcpb.org.br\/index.php\/wp-json\/wp\/v2\/posts"}],"about":[{"href":"https:\/\/sindaopcpb.org.br\/index.php\/wp-json\/wp\/v2\/types\/post"}],"author":[{"embeddable":true,"href":"https:\/\/sindaopcpb.org.br\/index.php\/wp-json\/wp\/v2\/users\/50"}],"replies":[{"embeddable":true,"href":"https:\/\/sindaopcpb.org.br\/index.php\/wp-json\/wp\/v2\/comments?post=21953"}],"version-history":[{"count":1,"href":"https:\/\/sindaopcpb.org.br\/index.php\/wp-json\/wp\/v2\/posts\/21953\/revisions"}],"predecessor-version":[{"id":21954,"href":"https:\/\/sindaopcpb.org.br\/index.php\/wp-json\/wp\/v2\/posts\/21953\/revisions\/21954"}],"wp:attachment":[{"href":"https:\/\/sindaopcpb.org.br\/index.php\/wp-json\/wp\/v2\/media?parent=21953"}],"wp:term":[{"taxonomy":"category","embeddable":true,"href":"https:\/\/sindaopcpb.org.br\/index.php\/wp-json\/wp\/v2\/categories?post=21953"},{"taxonomy":"post_tag","embeddable":true,"href":"https:\/\/sindaopcpb.org.br\/index.php\/wp-json\/wp\/v2\/tags?post=21953"}],"curies":[{"name":"wp","href":"https:\/\/api.w.org\/{rel}","templated":true}]}}