{"id":21947,"date":"2023-06-22T09:53:51","date_gmt":"2023-06-22T12:53:51","guid":{"rendered":"https:\/\/wpa.wscom.com.br\/?p=907593"},"modified":"2023-06-22T09:53:51","modified_gmt":"2023-06-22T12:53:51","slug":"cantor-gospel-causa-revolta-apos-associar-depressao-a-falta-de-jesus","status":"publish","type":"post","link":"https:\/\/sindaopcpb.org.br\/index.php\/2023\/06\/22\/cantor-gospel-causa-revolta-apos-associar-depressao-a-falta-de-jesus\/","title":{"rendered":"Cantor gospel causa revolta ap\u00f3s associar depress\u00e3o \u00e0 \u2018falta de Jesus\u2019"},"content":{"rendered":"<p>Uma declara\u00e7\u00e3o do cantor Regis Danese no Encontro desta quarta-feira (21) causou revolta dos internautas. O cantor gospel expressou uma opini\u00e3o classificada como \u201cabsurda\u201d sobre a depress\u00e3o, relacionando-a \u00e0 aus\u00eancia de Jesus (ou seja, \u00e0 falta de f\u00e9 crist\u00e3) na vida de uma pessoa. Nas m\u00eddias sociais, internautas ressaltaram que a declara\u00e7\u00e3o \u00e9 prejudicial para a sa\u00fade mental.<\/p>\n<p>Danese foi o convidado musical do programa e, em determinado momento, Patr\u00edcia Poeta abordou quest\u00f5es pessoais como fam\u00edlia e sa\u00fade. A apresentadora mencionou que muitas vezes as pessoas acreditam que artistas t\u00eam uma vida perfeita, sem problemas, mas na realidade n\u00e3o \u00e9 bem assim. Danese, ent\u00e3o, iniciou seu discurso.<\/p>\n<p>&#8220;A depress\u00e3o afeta a todos, especialmente aqueles envolvidos com a arte. Muitos humoristas, por exemplo, enfrentam a depress\u00e3o. Eles riem e contam piadas, mas por dentro est\u00e3o sofrendo. Sabe o que \u00e9 isso? Se voc\u00ea tiver um encontro com Jesus, ele \u00e9 o espa\u00e7o certinho para preencher esse vazio &#8220;, afirmou ele, sem apresentar qualquer evid\u00eancia ou dado oficial para respaldar sua afirma\u00e7\u00e3o.<\/p>\n<p>O post <a rel=\"nofollow noopener\" href=\"https:\/\/wscom.com.br\/cantor-gospel-causa-revolta-apos-associar-depressao-a-falta-de-jesus\/\" target=\"_blank\">Cantor gospel causa revolta ap\u00f3s associar depress\u00e3o \u00e0 &#8216;falta de Jesus&#8217;<\/a> apareceu primeiro em <a rel=\"nofollow noopener\" href=\"https:\/\/wscom.com.br\/\" target=\"_blank\">WSCOM<\/a>.<\/p>\n","protected":false},"excerpt":{"rendered":"<p>Uma declara\u00e7\u00e3o do cantor Regis Danese no Encontro desta quarta-feira (21) causou revolta dos internautas. O cantor gospel expressou uma opini\u00e3o classificada como \u201cabsurda\u201d sobre a depress\u00e3o, relacionando-a \u00e0 aus\u00eancia de Jesus (ou seja, \u00e0 falta de f\u00e9 crist\u00e3) na vida de uma pessoa. Nas m\u00eddias sociais, internautas ressaltaram que a declara\u00e7\u00e3o \u00e9 prejudicial para [\u2026]<\/p>\n<p>O post <a rel=\"nofollow\" href=\"https:\/\/wscom.com.br\/cantor-gospel-causa-revolta-apos-associar-depressao-a-falta-de-jesus\/\">Cantor gospel causa revolta ap\u00f3s associar depress\u00e3o \u00e0 \u2018falta de Jesus\u2019<\/a> apareceu primeiro em <a rel=\"nofollow\" href=\"https:\/\/wscom.com.br\/\">WSCOM<\/a>.<\/p>\n","protected":false},"author":50,"featured_media":0,"comment_status":"closed","ping_status":"closed","sticky":false,"template":"","format":"standard","meta":{"advgb_blocks_editor_width":"","advgb_blocks_columns_visual_guide":"","footnotes":""},"categories":[5117,5118,34,5119,86],"tags":[35],"class_list":["post-21947","post","type-post","status-publish","format-standard","hentry","category-danese","category-depressao","category-g1","category-regis","category-televisao","tag-g1"],"author_meta":{"display_name":"Wallyson","author_link":"https:\/\/sindaopcpb.org.br\/author\/wallyson\/"},"featured_img":null,"coauthors":[],"tax_additional":{"categories":{"linked":["<a href=\"https:\/\/sindaopcpb.org.br\/danese\/\" class=\"advgb-post-tax-term\">danese<\/a>","<a href=\"https:\/\/sindaopcpb.org.br\/depressao\/\" class=\"advgb-post-tax-term\">depress\u00e3o<\/a>","<a href=\"https:\/\/sindaopcpb.org.br\/g1\/\" class=\"advgb-post-tax-term\">G1<\/a>","<a href=\"https:\/\/sindaopcpb.org.br\/regis\/\" class=\"advgb-post-tax-term\">r\u00e9gis<\/a>","<a href=\"https:\/\/sindaopcpb.org.br\/televisao\/\" class=\"advgb-post-tax-term\">Televis\u00e3o<\/a>"],"unlinked":["<span class=\"advgb-post-tax-term\">danese<\/span>","<span class=\"advgb-post-tax-term\">depress\u00e3o<\/span>","<span class=\"advgb-post-tax-term\">G1<\/span>","<span class=\"advgb-post-tax-term\">r\u00e9gis<\/span>","<span class=\"advgb-post-tax-term\">Televis\u00e3o<\/span>"]},"tags":{"linked":["<a href=\"https:\/\/sindaopcpb.org.br\/televisao\/\" class=\"advgb-post-tax-term\">g1<\/a>"],"unlinked":["<span class=\"advgb-post-tax-term\">g1<\/span>"]}},"comment_count":"0","relative_dates":{"created":"Publicado 3 anos atr\u00e1s","modified":"Atualizado 3 anos atr\u00e1s"},"absolute_dates":{"created":"Publicado em 22 de junho de 2023","modified":"Atualizado em 22 de junho de 2023"},"absolute_dates_time":{"created":"Publicado em 22 de junho de 2023 09:53","modified":"Atualizado em 22 de junho de 2023 09:53"},"featured_img_caption":"","series_order":"","_links":{"self":[{"href":"https:\/\/sindaopcpb.org.br\/index.php\/wp-json\/wp\/v2\/posts\/21947","targetHints":{"allow":["GET"]}}],"collection":[{"href":"https:\/\/sindaopcpb.org.br\/index.php\/wp-json\/wp\/v2\/posts"}],"about":[{"href":"https:\/\/sindaopcpb.org.br\/index.php\/wp-json\/wp\/v2\/types\/post"}],"author":[{"embeddable":true,"href":"https:\/\/sindaopcpb.org.br\/index.php\/wp-json\/wp\/v2\/users\/50"}],"replies":[{"embeddable":true,"href":"https:\/\/sindaopcpb.org.br\/index.php\/wp-json\/wp\/v2\/comments?post=21947"}],"version-history":[{"count":1,"href":"https:\/\/sindaopcpb.org.br\/index.php\/wp-json\/wp\/v2\/posts\/21947\/revisions"}],"predecessor-version":[{"id":21948,"href":"https:\/\/sindaopcpb.org.br\/index.php\/wp-json\/wp\/v2\/posts\/21947\/revisions\/21948"}],"wp:attachment":[{"href":"https:\/\/sindaopcpb.org.br\/index.php\/wp-json\/wp\/v2\/media?parent=21947"}],"wp:term":[{"taxonomy":"category","embeddable":true,"href":"https:\/\/sindaopcpb.org.br\/index.php\/wp-json\/wp\/v2\/categories?post=21947"},{"taxonomy":"post_tag","embeddable":true,"href":"https:\/\/sindaopcpb.org.br\/index.php\/wp-json\/wp\/v2\/tags?post=21947"}],"curies":[{"name":"wp","href":"https:\/\/api.w.org\/{rel}","templated":true}]}}