{"id":21894,"date":"2023-06-21T17:08:32","date_gmt":"2023-06-21T20:08:32","guid":{"rendered":"https:\/\/www.infomoney.com.br\/?p=2167363"},"modified":"2023-06-21T17:08:32","modified_gmt":"2023-06-21T20:08:32","slug":"opiniao-publica-nao-deve-determinar-julgamento-afirma-zanin","status":"publish","type":"post","link":"https:\/\/sindaopcpb.org.br\/index.php\/2023\/06\/21\/opiniao-publica-nao-deve-determinar-julgamento-afirma-zanin\/","title":{"rendered":"Opini\u00e3o p\u00fablica n\u00e3o deve determinar julgamento, afirma Zanin"},"content":{"rendered":"<p><img loading=\"lazy\" width=\"300\" height=\"228\" src=\"https:\/\/www.infomoney.com.br\/wp-content\/uploads\/2023\/01\/Advogado_entrega_passaporte_de_Lula_a_PF_em_Sao_Paulo_39202721194.jpg?fit=300%2C228&amp;quality=70&amp;strip=all\" class=\"attachment-medium size-medium wp-post-image\" alt=\"\" decoding=\"async\" style=\"float:right; margin:0 0 10px 10px;\" srcset=\"https:\/\/www.infomoney.com.br\/wp-content\/uploads\/2023\/01\/Advogado_entrega_passaporte_de_Lula_a_PF_em_Sao_Paulo_39202721194.jpg?w=3787&amp;quality=70&amp;strip=all 3787w, https:\/\/www.infomoney.com.br\/wp-content\/uploads\/2023\/01\/Advogado_entrega_passaporte_de_Lula_a_PF_em_Sao_Paulo_39202721194.jpg?w=300&amp;quality=70&amp;strip=all 300w, https:\/\/www.infomoney.com.br\/wp-content\/uploads\/2023\/01\/Advogado_entrega_passaporte_de_Lula_a_PF_em_Sao_Paulo_39202721194.jpg?w=768&amp;quality=70&amp;strip=all 768w, https:\/\/www.infomoney.com.br\/wp-content\/uploads\/2023\/01\/Advogado_entrega_passaporte_de_Lula_a_PF_em_Sao_Paulo_39202721194.jpg?w=1280&amp;quality=70&amp;strip=all 1280w, https:\/\/www.infomoney.com.br\/wp-content\/uploads\/2023\/01\/Advogado_entrega_passaporte_de_Lula_a_PF_em_Sao_Paulo_39202721194.jpg?w=1536&amp;quality=70&amp;strip=all 1536w, https:\/\/www.infomoney.com.br\/wp-content\/uploads\/2023\/01\/Advogado_entrega_passaporte_de_Lula_a_PF_em_Sao_Paulo_39202721194.jpg?w=2048&amp;quality=70&amp;strip=all 2048w, https:\/\/www.infomoney.com.br\/wp-content\/uploads\/2023\/01\/Advogado_entrega_passaporte_de_Lula_a_PF_em_Sao_Paulo_39202721194.jpg?w=150&amp;quality=70&amp;strip=all 150w, https:\/\/www.infomoney.com.br\/wp-content\/uploads\/2023\/01\/Advogado_entrega_passaporte_de_Lula_a_PF_em_Sao_Paulo_39202721194.jpg?w=3000&amp;quality=70&amp;strip=all 3000w\" sizes=\"auto, (max-width: 300px) 100vw, 300px\" data-attachment-id=\"2045517\" data-permalink=\"https:\/\/www.infomoney.com.br\/negocios\/americanas-amer3-contrata-cristiano-zanin-advogado-que-defendeu-lula-na-lava-jato\/attachment\/advogado-entrega-passaporte-de-lula-a-pf-em-sao-paulo\/\" data-orig-file=\"https:\/\/www.infomoney.com.br\/wp-content\/uploads\/2023\/01\/Advogado_entrega_passaporte_de_Lula_a_PF_em_Sao_Paulo_39202721194.jpg?fit=3787%2C2883&amp;quality=70&amp;strip=all\" data-orig-size=\"3787,2883\" data-comments-opened=\"0\" data-image-meta=\"{&quot;aperture&quot;:&quot;5.6&quot;,&quot;credit&quot;:&quot;Rovena Rosa\\\/Ag\\u00eancia Brasil&quot;,&quot;camera&quot;:&quot;NIKON D4&quot;,&quot;caption&quot;:&quot;S\\u00e3o Paulo - O advogado Cristiano Zanin Martins entrega o passaporte do ex-presidente Luiz In\\u00e1cio Lula da Silva na Superintend\\u00eancia Regional da Pol\\u00edcia Federal em S\\u00e3o Paulo (Rovena Rosa\\\/Ag\\u00eancia Brasil)&quot;,&quot;created_timestamp&quot;:&quot;1325700564&quot;,&quot;copyright&quot;:&quot;Agencia Brasil-EBC&quot;,&quot;focal_length&quot;:&quot;120&quot;,&quot;iso&quot;:&quot;100&quot;,&quot;shutter_speed&quot;:&quot;0.004&quot;,&quot;title&quot;:&quot;Advogado entrega passaporte de Lula \\u00e0 PF em S\\u00e3o Paulo&quot;,&quot;orientation&quot;:&quot;1&quot;}\" data-image-title=\"Cristiano Zanin\" data-image-description=\"\" data-image-caption=\"&lt;p&gt;Cristiano Zanin Martins (Foto: Rovena Rosa\/Ag\u00eancia Brasil)&lt;\/p&gt;\n\" data-medium-file=\"https:\/\/www.infomoney.com.br\/wp-content\/uploads\/2023\/01\/Advogado_entrega_passaporte_de_Lula_a_PF_em_Sao_Paulo_39202721194.jpg?fit=300%2C228&amp;quality=70&amp;strip=all\" data-large-file=\"https:\/\/www.infomoney.com.br\/wp-content\/uploads\/2023\/01\/Advogado_entrega_passaporte_de_Lula_a_PF_em_Sao_Paulo_39202721194.jpg?fit=1280%2C974&amp;quality=70&amp;strip=all\" title=\"\"><\/p>\n<p>Durante sabatina na Comiss\u00e3o de Constitui\u00e7\u00e3o e Justi\u00e7a (CCJ) no Senado nesta quarta-feira (21), o advogado Cristiano Zanin afirmou que um ministro do Supremo Tribunal Federal, ou um magistrado qualquer, n\u00e3o pode se guiar pela opini\u00e3o p\u00fablica.<\/p>\n<p>Questionado sobre o tema pelo senador Jorge Kajuru (PSB-GO), o indicado ao STF afirmou que a opini\u00e3o p\u00fablica tem legitimidade de se informar sobre os processos judiciais e participar das discuss\u00f5es p\u00fablicas, \u201cmas muitas vezes ela n\u00e3o tem conhecimento do conte\u00fado dos autos ou das quest\u00f5es t\u00e9cnicas que est\u00e3o em discuss\u00e3o\u201d.<\/p>\n<p>Zanin acrescentou que, por isso, \u00e9 preciso ter cuidado para que a voz da opini\u00e3o p\u00fablica n\u00e3o seja uma voz determinante no julgamento de um processo ou de uma causa. \u201cA meu ver, o que deve ser determinante \u00e9 o conte\u00fado dos autos e o que dizem a Constitui\u00e7\u00e3o e as leis. O julgador n\u00e3o est\u00e1 numa posi\u00e7\u00e3o de ter que agradar a opini\u00e3o p\u00fablica, ao contr\u00e1rio: muitas vezes, ele tem que ser contramajorit\u00e1rio, justamente para poder assegurar o que diz a Constitui\u00e7\u00e3o e o que dizem as leis\u201d, concluiu.<\/p>\n<h2><strong>O papel do juiz e o<em> lawfare<\/em><\/strong><\/h2>\n<p>Durante a sabatina, o senador Rog\u00e9rio Carvalho (PT-SE) questionou Zanin se o Judici\u00e1rio deveria combater a pr\u00e1tica do lawfare. Essa \u00e9 a pr\u00e1tica de manipular as leis e o sistema judici\u00e1rio para perseguir advers\u00e1rios pol\u00edticos, ou seja, de usar indevidamente a Justi\u00e7a como arma pol\u00edtica. A opera\u00e7\u00e3o Lava Jato, por exemplo, \u00e9 acusada de ter praticado lawfare contra o presidente Luiz In\u00e1cio Lula da Silva.<\/p>\n<p>Para Zanin, o juiz n\u00e3o deve combater nada. \u201cO magistrado tem o dever de julgar, julgar de acordo com a Constitui\u00e7\u00e3o e com as leis. O combate \u00e9 atribui\u00e7\u00e3o de outras carreiras do sistema de Justi\u00e7a. Pode ser do Minist\u00e9rio P\u00fablico, pode ser da pol\u00edcia, mas, na minha vis\u00e3o, particularmente, o magistrado n\u00e3o deve combater absolutamente nada.\u201d<\/p>\n<p>Por\u00e9m, o indicado ao STF ponderou que, ao perceber um caso de lawfare, o magistrado deve \u201cprestar aten\u00e7\u00e3o e ver se aquele caso est\u00e1 permitindo, eventualmente, um uso indevido da legisla\u00e7\u00e3o\u201d. Nesses casos, na opini\u00e3o do advogado, o juiz deve atuar de acordo com a lei para inibir que esse comportamento possa ir adiante.<\/p>\n<p>\u201cAfinal de contas, n\u00e3o cabe ao sistema de Justi\u00e7a, na minha vis\u00e3o, usar a lei de forma indevida para interferir num processo eleitoral, para interferir numa concorr\u00eancia empresarial, para interferir em qualquer situa\u00e7\u00e3o que n\u00e3o seja ali caso de interfer\u00eancia da lei.\u201d<\/p>\n<p>The post <a rel=\"nofollow noopener\" href=\"https:\/\/www.infomoney.com.br\/politica\/opiniao-publica-nao-deve-determinar-julgamento-afirma-zanin\/\" target=\"_blank\">Opini\u00e3o p\u00fablica n\u00e3o deve determinar julgamento, afirma Zanin<\/a> appeared first on <a rel=\"nofollow noopener\" href=\"https:\/\/www.infomoney.com.br\/\" target=\"_blank\">InfoMoney<\/a>.<\/p>\n","protected":false},"excerpt":{"rendered":"<p><img loading=\"lazy\" decoding=\"async\" width=\"300\" height=\"228\" src=\"https:\/\/www.infomoney.com.br\/wp-content\/uploads\/2023\/01\/Advogado_entrega_passaporte_de_Lula_a_PF_em_Sao_Paulo_39202721194.jpg?fit=300%2C228&amp;quality=70&amp;strip=all\" class=\"attachment-medium size-medium wp-post-image\" alt=\"\" data-attachment-id=\"2045517\" data-permalink=\"https:\/\/www.infomoney.com.br\/negocios\/americanas-amer3-contrata-cristiano-zanin-advogado-que-defendeu-lula-na-lava-jato\/attachment\/advogado-entrega-passaporte-de-lula-a-pf-em-sao-paulo\/\" data-orig-file=\"https:\/\/www.infomoney.com.br\/wp-content\/uploads\/2023\/01\/Advogado_entrega_passaporte_de_Lula_a_PF_em_Sao_Paulo_39202721194.jpg?fit=3787%2C2883&amp;quality=70&amp;strip=all\" data-orig-size=\"3787,2883\" data-comments-opened=\"0\" data-image-meta='{\"aperture\":\"5.6\",\"credit\":\"Rovena Rosa\\\/Ag\\u00eancia Brasil\",\"camera\":\"NIKON D4\",\"caption\":\"S\\u00e3o Paulo - O advogado Cristiano Zanin Martins entrega o passaporte do ex-presidente Luiz In\\u00e1cio Lula da Silva na Superintend\\u00eancia Regional da Pol\\u00edcia Federal em S\\u00e3o Paulo (Rovena Rosa\\\/Ag\\u00eancia Brasil)\",\"created_timestamp\":\"1325700564\",\"copyright\":\"Agencia Brasil-EBC\",\"focal_length\":\"120\",\"iso\":\"100\",\"shutter_speed\":\"0.004\",\"title\":\"Advogado entrega passaporte de Lula \\u00e0 PF em S\\u00e3o Paulo\",\"orientation\":\"1\"}' data-image-title=\"Cristiano Zanin\" data-image-description=\"\" data-image-caption=\"&lt;p&gt;Cristiano Zanin Martins (Foto: Rovena Rosa\/Ag\u00eancia Brasil)&lt;\/p&gt;\n\" data-medium-file=\"https:\/\/www.infomoney.com.br\/wp-content\/uploads\/2023\/01\/Advogado_entrega_passaporte_de_Lula_a_PF_em_Sao_Paulo_39202721194.jpg?fit=300%2C228&amp;quality=70&amp;strip=all\" data-large-file=\"https:\/\/www.infomoney.com.br\/wp-content\/uploads\/2023\/01\/Advogado_entrega_passaporte_de_Lula_a_PF_em_Sao_Paulo_39202721194.jpg?fit=1280%2C974&amp;quality=70&amp;strip=all\">Para advogado, o julgador muitas vezes tem que ser contramajorit\u00e1rio<\/p>\n<p>The post <a rel=\"nofollow\" href=\"https:\/\/www.infomoney.com.br\/politica\/opiniao-publica-nao-deve-determinar-julgamento-afirma-zanin\/\">Opini\u00e3o p\u00fablica n\u00e3o deve determinar julgamento, afirma Zanin<\/a> appeared first on <a rel=\"nofollow\" href=\"https:\/\/www.infomoney.com.br\/\">InfoMoney<\/a>.<\/p>\n","protected":false},"author":44,"featured_media":0,"comment_status":"closed","ping_status":"closed","sticky":false,"template":"","format":"standard","meta":{"advgb_blocks_editor_width":"","advgb_blocks_columns_visual_guide":"","footnotes":""},"categories":[2480,34,47,403,449],"tags":[35],"class_list":["post-21894","post","type-post","status-publish","format-standard","hentry","category-cristiano-zanin","category-g1","category-politica","category-senado","category-stf","tag-g1"],"author_meta":{"display_name":"Ag\u00eancia Brasil","author_link":"https:\/\/sindaopcpb.org.br\/author\/agencia-brasil\/"},"featured_img":null,"coauthors":[],"tax_additional":{"categories":{"linked":["<a href=\"https:\/\/sindaopcpb.org.br\/cristiano-zanin\/\" class=\"advgb-post-tax-term\">Cristiano Zanin<\/a>","<a href=\"https:\/\/sindaopcpb.org.br\/g1\/\" class=\"advgb-post-tax-term\">G1<\/a>","<a href=\"https:\/\/sindaopcpb.org.br\/politica\/\" class=\"advgb-post-tax-term\">POLITICA<\/a>","<a href=\"https:\/\/sindaopcpb.org.br\/senado\/\" class=\"advgb-post-tax-term\">Senado<\/a>","<a href=\"https:\/\/sindaopcpb.org.br\/stf\/\" class=\"advgb-post-tax-term\">STF<\/a>"],"unlinked":["<span class=\"advgb-post-tax-term\">Cristiano Zanin<\/span>","<span class=\"advgb-post-tax-term\">G1<\/span>","<span class=\"advgb-post-tax-term\">POLITICA<\/span>","<span class=\"advgb-post-tax-term\">Senado<\/span>","<span class=\"advgb-post-tax-term\">STF<\/span>"]},"tags":{"linked":["<a href=\"https:\/\/sindaopcpb.org.br\/stf\/\" class=\"advgb-post-tax-term\">g1<\/a>"],"unlinked":["<span class=\"advgb-post-tax-term\">g1<\/span>"]}},"comment_count":"0","relative_dates":{"created":"Publicado 3 anos atr\u00e1s","modified":"Atualizado 3 anos atr\u00e1s"},"absolute_dates":{"created":"Publicado em 21 de junho de 2023","modified":"Atualizado em 21 de junho de 2023"},"absolute_dates_time":{"created":"Publicado em 21 de junho de 2023 17:08","modified":"Atualizado em 21 de junho de 2023 17:08"},"featured_img_caption":"","series_order":"","_links":{"self":[{"href":"https:\/\/sindaopcpb.org.br\/index.php\/wp-json\/wp\/v2\/posts\/21894","targetHints":{"allow":["GET"]}}],"collection":[{"href":"https:\/\/sindaopcpb.org.br\/index.php\/wp-json\/wp\/v2\/posts"}],"about":[{"href":"https:\/\/sindaopcpb.org.br\/index.php\/wp-json\/wp\/v2\/types\/post"}],"author":[{"embeddable":true,"href":"https:\/\/sindaopcpb.org.br\/index.php\/wp-json\/wp\/v2\/users\/44"}],"replies":[{"embeddable":true,"href":"https:\/\/sindaopcpb.org.br\/index.php\/wp-json\/wp\/v2\/comments?post=21894"}],"version-history":[{"count":1,"href":"https:\/\/sindaopcpb.org.br\/index.php\/wp-json\/wp\/v2\/posts\/21894\/revisions"}],"predecessor-version":[{"id":21895,"href":"https:\/\/sindaopcpb.org.br\/index.php\/wp-json\/wp\/v2\/posts\/21894\/revisions\/21895"}],"wp:attachment":[{"href":"https:\/\/sindaopcpb.org.br\/index.php\/wp-json\/wp\/v2\/media?parent=21894"}],"wp:term":[{"taxonomy":"category","embeddable":true,"href":"https:\/\/sindaopcpb.org.br\/index.php\/wp-json\/wp\/v2\/categories?post=21894"},{"taxonomy":"post_tag","embeddable":true,"href":"https:\/\/sindaopcpb.org.br\/index.php\/wp-json\/wp\/v2\/tags?post=21894"}],"curies":[{"name":"wp","href":"https:\/\/api.w.org\/{rel}","templated":true}]}}