{"id":21875,"date":"2023-06-21T16:23:32","date_gmt":"2023-06-21T19:23:32","guid":{"rendered":"https:\/\/g1.globo.com\/pb\/paraiba\/noticia\/2023\/06\/21\/anatel-libera-instalacao-do-sinal-5g-em-mais-3-municipios-da-paraiba.ghtml"},"modified":"2023-06-21T16:23:32","modified_gmt":"2023-06-21T19:23:32","slug":"anatel-libera-instalacao-do-sinal-5g-em-mais-3-municipios-da-paraiba","status":"publish","type":"post","link":"https:\/\/sindaopcpb.org.br\/index.php\/2023\/06\/21\/anatel-libera-instalacao-do-sinal-5g-em-mais-3-municipios-da-paraiba\/","title":{"rendered":"Anatel libera instala\u00e7\u00e3o do sinal 5G em mais 3 munic\u00edpios da Para\u00edba"},"content":{"rendered":"   <img src=\"https:\/\/s2.glbimg.com\/mmGtodJWGNFss1N-19OXViaRAys=\/i.s3.glbimg.com\/v1\/AUTH_59edd422c0c84a879bd37670ae4f538a\/internal_photos\/bs\/2022\/K\/J\/PHOBKRTs2Fd4z5D7gEuw\/5g.jpg\" \/><br \/>     Decis\u00e3o permite que operadoras solicitem a implanta\u00e7\u00e3o da infraestrutura a partir de 26 de junho. 5G\nJo\u00e9dson Alves\/EPA-EFE\/REX\/Shutterstock via BBC\nAs cidades de Boqueir\u00e3o, Mataraca e Queimadas tiveram a instala\u00e7\u00e3o da estrutura do 5G liberada a partir do dia 26 de junho. O an\u00fancio foi feito nesta quarta-feira (21) pela Ag\u00eancia Nacional de Telecomunica\u00e7\u00f5es (Anatel), ap\u00f3s reuni\u00e3o ordin\u00e1ria do Grupo de Acompanhamento da Implanta\u00e7\u00e3o das Solu\u00e7\u00f5es para os Problemas de Interfer\u00eancia da ag\u00eancia.\nA nova tecnologia promete velocidade maior para baixar e enviar arquivos, al\u00e9m de conex\u00e3o mais est\u00e1vel.\nA medida foi aprovada pela Ag\u00eancia Nacional de Telecomunica\u00e7\u00f5es (Anatel) para antecipar a libera\u00e7\u00e3o da faixa 3,5 Ghz nessas cidades. Queimadas, por exemplo, tinha como previs\u00e3o de chegada do sinal somente em janeiro de 2026.\nCom as tr\u00eas adi\u00e7\u00f5es \u00e0 lista de cidades que t\u00eam o acesso a estrutura da tecnologia, as operadoras que ganharam o leil\u00e3o pela opera\u00e7\u00e3o do 5G no pa\u00eds v\u00e3o poder solicitar a implanta\u00e7\u00e3o da infraestrutura nos novos locais.\nNa Para\u00edba, as cidades escolhidas para a instala\u00e7\u00e3o da estrutura que permite o funcionamento da nova tecnologia est\u00e3o enquadradas em crit\u00e9rios que respondem ao tamanho da popula\u00e7\u00e3o de cada localidade.\nAo todo, 187 novos munic\u00edpios de todo o Brasil foram inclu\u00eddos na nova rela\u00e7\u00e3o, o que vai ampliar para 1.610 os munic\u00edpios que passam a ter a faixa de 3,5 GHz liberada para utiliza\u00e7\u00e3o por esta\u00e7\u00f5es de 5G. Ser\u00e3o 141 milh\u00f5es de brasileiros beneficiados, o que corresponde a 66,4% da popula\u00e7\u00e3o.\nAgora, a Para\u00edba j\u00e1 tem 31 munic\u00edpios paraibanos liberados para receberem o sinal de 5g e outros 47 com o planejamento de instala\u00e7\u00e3o aprovado.\nV\u00eddeos mais assistidos do g1 Para\u00edba  ","protected":false},"excerpt":{"rendered":"<p>        Decis\u00e3o permite que operadoras solicitem a implanta\u00e7\u00e3o da infraestrutura a partir de 26 de junho. 5G<br \/>\nJo\u00e9dson Alves\/EPA-EFE\/REX\/Shutterstock via BBC<br \/>\nAs cidades de Boqueir\u00e3o, Mataraca e Queimadas tiveram a instala\u00e7\u00e3o da estrutura do 5G liberada a&#8230;<\/p>\n","protected":false},"author":2,"featured_media":0,"comment_status":"closed","ping_status":"closed","sticky":false,"template":"","format":"standard","meta":{"advgb_blocks_editor_width":"","advgb_blocks_columns_visual_guide":"","footnotes":""},"categories":[34],"tags":[35],"class_list":["post-21875","post","type-post","status-publish","format-standard","hentry","category-g1","tag-g1"],"author_meta":{"display_name":"g1 &gt; Para\u00edba","author_link":"https:\/\/sindaopcpb.org.br\/author\/g1-paraiba\/"},"featured_img":null,"coauthors":[],"tax_additional":{"categories":{"linked":["<a href=\"https:\/\/sindaopcpb.org.br\/g1\/\" class=\"advgb-post-tax-term\">G1<\/a>"],"unlinked":["<span class=\"advgb-post-tax-term\">G1<\/span>"]},"tags":{"linked":["<a href=\"https:\/\/sindaopcpb.org.br\/g1\/\" class=\"advgb-post-tax-term\">g1<\/a>"],"unlinked":["<span class=\"advgb-post-tax-term\">g1<\/span>"]}},"comment_count":"0","relative_dates":{"created":"Publicado 3 anos atr\u00e1s","modified":"Atualizado 3 anos atr\u00e1s"},"absolute_dates":{"created":"Publicado em 21 de junho de 2023","modified":"Atualizado em 21 de junho de 2023"},"absolute_dates_time":{"created":"Publicado em 21 de junho de 2023 16:23","modified":"Atualizado em 21 de junho de 2023 16:23"},"featured_img_caption":"","series_order":"","_links":{"self":[{"href":"https:\/\/sindaopcpb.org.br\/index.php\/wp-json\/wp\/v2\/posts\/21875","targetHints":{"allow":["GET"]}}],"collection":[{"href":"https:\/\/sindaopcpb.org.br\/index.php\/wp-json\/wp\/v2\/posts"}],"about":[{"href":"https:\/\/sindaopcpb.org.br\/index.php\/wp-json\/wp\/v2\/types\/post"}],"author":[{"embeddable":true,"href":"https:\/\/sindaopcpb.org.br\/index.php\/wp-json\/wp\/v2\/users\/2"}],"replies":[{"embeddable":true,"href":"https:\/\/sindaopcpb.org.br\/index.php\/wp-json\/wp\/v2\/comments?post=21875"}],"version-history":[{"count":1,"href":"https:\/\/sindaopcpb.org.br\/index.php\/wp-json\/wp\/v2\/posts\/21875\/revisions"}],"predecessor-version":[{"id":21876,"href":"https:\/\/sindaopcpb.org.br\/index.php\/wp-json\/wp\/v2\/posts\/21875\/revisions\/21876"}],"wp:attachment":[{"href":"https:\/\/sindaopcpb.org.br\/index.php\/wp-json\/wp\/v2\/media?parent=21875"}],"wp:term":[{"taxonomy":"category","embeddable":true,"href":"https:\/\/sindaopcpb.org.br\/index.php\/wp-json\/wp\/v2\/categories?post=21875"},{"taxonomy":"post_tag","embeddable":true,"href":"https:\/\/sindaopcpb.org.br\/index.php\/wp-json\/wp\/v2\/tags?post=21875"}],"curies":[{"name":"wp","href":"https:\/\/api.w.org\/{rel}","templated":true}]}}