{"id":21869,"date":"2023-06-21T16:01:12","date_gmt":"2023-06-21T19:01:12","guid":{"rendered":"https:\/\/wpa.wscom.com.br\/?p=907463"},"modified":"2023-06-21T16:01:12","modified_gmt":"2023-06-21T19:01:12","slug":"diretora-da-elegis-pb-maria-helena-toscano-e-eleita-secretaria-geral-da-abel","status":"publish","type":"post","link":"https:\/\/sindaopcpb.org.br\/index.php\/2023\/06\/21\/diretora-da-elegis-pb-maria-helena-toscano-e-eleita-secretaria-geral-da-abel\/","title":{"rendered":"Diretora da ELEGIS PB, Maria Helena Toscano, \u00e9 eleita Secret\u00e1ria Geral da ABEL"},"content":{"rendered":"<p style=\"font-weight: 400;\">A Professora Maria Helena Toscano, diretora da Escola do Legislativo da Para\u00edba (ELEGIS PB), mantida pela Assembleia Legislativa do estado, foi eleita Secret\u00e1ria Geral da Associa\u00e7\u00e3o Brasileira de Escolas do Legislativo e de Contas (ABEL) para o bi\u00eanio 2023-2025. A elei\u00e7\u00e3o ocorreu durante o XXXVII Encontro da ABEL, realizado em Campo Grande, capital do Mato Grosso do Sul, na \u00faltima sexta-feira, dia 16 de junho.<\/p>\n<p style=\"font-weight: 400;\">\n<p style=\"font-weight: 400;\">Essa ser\u00e1 a quinta vez que Maria Helena ocupar\u00e1 o cargo de Secret\u00e1ria Geral da Associa\u00e7\u00e3o. Al\u00e9m disso, ela tamb\u00e9m desempenhou fun\u00e7\u00f5es de Vice-Presidente e Coordenadora Regional &#8211; Nordeste. A diretora expressou seu agradecimento pelo apoio e suporte recebidos da Mesa Diretora da Assembleia Legislativa da Para\u00edba, especialmente do presidente, deputado estadual Adriano Galdino (Republicanos).<\/p>\n<p style=\"font-weight: 400;\">\n<p style=\"font-weight: 400;\">Para Maria Helena, assumir a Secretaria Geral da ABEL \u00e9 motivo de grande alegria, pois a Escola do Legislativo da Para\u00edba ter\u00e1 participa\u00e7\u00e3o ativa em importantes decis\u00f5es que impactar\u00e3o outras escolas do pa\u00eds. Ela ressaltou que representar o Poder Legislativo Paraibano e fazer parte da Diretoria da ABEL s\u00e3o privil\u00e9gios que t\u00eam sido abra\u00e7ados com devo\u00e7\u00e3o e dedica\u00e7\u00e3o ao trabalho. A professora enfatizou os projetos e a\u00e7\u00f5es realizados pela ELEGIS, que t\u00eam elevado a escola ao \u00e2mbito nacional.<\/p>\n<p style=\"font-weight: 400;\">\n<p style=\"font-weight: 400;\">Juntamente com Maria Helena, foi eleito tamb\u00e9m o novo Presidente da ABEL, Roberto Lamari, procurador legislativo da C\u00e2mara e diretor da Escola de Itapevi &#8211; SP. A nova diretoria da Associa\u00e7\u00e3o enfrentar\u00e1 o desafio de caminhar pela primeira vez sem Florian Madrugada, que foi presidente durante 20 anos e deixou um legado profundo em seu mandato.<\/p>\n<p style=\"font-weight: 400;\">\n<p style=\"font-weight: 400;\">Maria Helena fez quest\u00e3o de enaltecer o trabalho desenvolvido por Florian, expressando profunda gratid\u00e3o pelo apoio que ele ofereceu \u00e0 Escola do Legislativo da Para\u00edba ao longo dos 20 anos em que presidiu a ABEL. Ela ressaltou que a responsabilidade da nova diretoria ser\u00e1 ainda maior, uma vez que, ao contr\u00e1rio de 20 anos atr\u00e1s, quando a ABEL foi fundada, agora s\u00e3o mais de 350 escolas associadas ao projeto, que luta pela promo\u00e7\u00e3o da educa\u00e7\u00e3o pol\u00edtica, forma\u00e7\u00e3o e capacita\u00e7\u00e3o de excel\u00eancia para servidores, al\u00e9m de cuidar da rela\u00e7\u00e3o entre o poder legislativo e o p\u00fablico em geral.<\/p>\n<p style=\"font-weight: 400;\">\n<p style=\"font-weight: 400;\">As escolas do legislativo foram estabelecidas pela Constitui\u00e7\u00e3o de 1988 com o objetivo de capacitar servidores para que se tornem profissionais mais qualificados e possam atender n\u00e3o apenas os eleitos, mas tamb\u00e9m os cidad\u00e3os que procuram as Casas Legislativas em busca de solu\u00e7\u00f5es para suas comunidades.<\/p>\n<p style=\"font-weight: 400;\">\n<p style=\"font-weight: 400;\">Conhe\u00e7a a nova diretoria:<\/p>\n<p style=\"font-weight: 400;\">\n<p style=\"font-weight: 400;\"><strong>Bi\u00eanio 2023 &#8211; 2025<\/p>\n<p>PRESIDENTE<\/strong>\u00a0Roberto Lamari (C\u00e2mara de Itapevi-SP)<\/p>\n<p style=\"font-weight: 400;\"><strong>Vice-Presidentes<\/strong><br \/>\nC\u00e1ssia Almeida (C\u00e2mara de Maria da F\u00e9-MG)<br \/>\nPerroneo Tojal (TCE-AL)<br \/>\nMarlene Fengler (ALSC)<\/p>\n<p style=\"font-weight: 400;\"><strong>Secret\u00e1ria-Geral<\/strong><br \/>\nMaria Helena Toscano (ALPB)<\/p>\n<p style=\"font-weight: 400;\"><strong>Diretor Superintendente<br \/>\n<\/strong>Nilson Rebello (DF)<\/p>\n<p style=\"font-weight: 400;\"><strong>Rela\u00e7\u00f5es Institucionais<\/strong><br \/>\nJo\u00e3o Maria de Lima (ALRN)<\/p>\n<p style=\"font-weight: 400;\"><strong>Diretores Regionais<br \/>\n<\/strong>Norte: Gabriela Silva (C\u00e2mara de Marab\u00e1-PA)<br \/>\nNordeste:\u00a0\u00a0Ticiana (C\u00e2mara de Fortaleza-CE)<br \/>\nCentro-Oeste:\u00a0\u00a0Marco Ant\u00f4nio (ALGO)<br \/>\nSudeste: Ruth Schmitz (ALMG)<br \/>\nSul:\u00a0Ricardo Simas (C\u00e2mara de Uruguaiana-RS)<\/p>\n<p style=\"font-weight: 400;\"><strong>Conselho Fiscal<\/strong><br \/>\nMarlene Figueira (ALMS) &#8211; Presidente<br \/>\nLeandro Morais (C\u00e2mara de Pouso Alegre-MG)<br \/>\nAdalberto (C\u00e2mara de Tabo\u00e3o da Serra &#8211; SP)<\/p>\n<p style=\"font-weight: 400;\"><strong>Suplentes<\/strong><br \/>\nJos\u00e9 Humberto Moura Cavalcante (Recife-PE)<br \/>\nJander Laismar (ALAM)<br \/>\nJos\u00e9 Osmar (ALPI)<\/p>\n<p>O post <a rel=\"nofollow noopener\" href=\"https:\/\/wscom.com.br\/diretora-da-elegis-pb-maria-helena-toscano-e-eleita-secretaria-geral-da-abel\/\" target=\"_blank\">Diretora da ELEGIS PB, Maria Helena Toscano, \u00e9 eleita Secret\u00e1ria Geral da ABEL<\/a> apareceu primeiro em <a rel=\"nofollow noopener\" href=\"https:\/\/wscom.com.br\/\" target=\"_blank\">WSCOM<\/a>.<\/p>\n","protected":false},"excerpt":{"rendered":"<p>A Professora Maria Helena Toscano, diretora da Escola do Legislativo da Para\u00edba (ELEGIS PB), mantida pela Assembleia Legislativa do estado, foi eleita Secret\u00e1ria Geral da Associa\u00e7\u00e3o Brasileira de Escolas do Legislativo e de Contas (ABEL) para o bi\u00eanio 2023-2025. A elei\u00e7\u00e3o ocorreu durante o XXXVII Encontro da ABEL, realizado em Campo Grande, capital do Mato [\u2026]<\/p>\n<p>O post <a rel=\"nofollow\" href=\"https:\/\/wscom.com.br\/diretora-da-elegis-pb-maria-helena-toscano-e-eleita-secretaria-geral-da-abel\/\">Diretora da ELEGIS PB, Maria Helena Toscano, \u00e9 eleita Secret\u00e1ria Geral da ABEL<\/a> apareceu primeiro em <a rel=\"nofollow\" href=\"https:\/\/wscom.com.br\/\">WSCOM<\/a>.<\/p>\n","protected":false},"author":49,"featured_media":0,"comment_status":"closed","ping_status":"closed","sticky":false,"template":"","format":"standard","meta":{"advgb_blocks_editor_width":"","advgb_blocks_columns_visual_guide":"","footnotes":""},"categories":[546,5073,5074,34,5075,54,5076],"tags":[35],"class_list":["post-21869","post","type-post","status-publish","format-standard","hentry","category-alpb","category-bienio-2023-2025","category-diretora-da-elegis-pb","category-g1","category-maria-helena-toscano","category-paraiba","category-secretaria-geral-da-abel","tag-g1"],"author_meta":{"display_name":"Cristiane Cavalcante","author_link":"https:\/\/sindaopcpb.org.br\/author\/cristiane-cavalcante\/"},"featured_img":null,"coauthors":[],"tax_additional":{"categories":{"linked":["<a href=\"https:\/\/sindaopcpb.org.br\/alpb\/\" class=\"advgb-post-tax-term\">ALPB<\/a>","<a href=\"https:\/\/sindaopcpb.org.br\/bienio-2023-2025\/\" class=\"advgb-post-tax-term\">bi\u00eanio 2023-2025.<\/a>","<a href=\"https:\/\/sindaopcpb.org.br\/diretora-da-elegis-pb\/\" class=\"advgb-post-tax-term\">Diretora da ELEGIS PB<\/a>","<a href=\"https:\/\/sindaopcpb.org.br\/g1\/\" class=\"advgb-post-tax-term\">G1<\/a>","<a href=\"https:\/\/sindaopcpb.org.br\/maria-helena-toscano\/\" class=\"advgb-post-tax-term\">Maria Helena Toscano<\/a>","<a href=\"https:\/\/sindaopcpb.org.br\/paraiba\/\" class=\"advgb-post-tax-term\">Para\u00edba<\/a>","<a href=\"https:\/\/sindaopcpb.org.br\/secretaria-geral-da-abel\/\" class=\"advgb-post-tax-term\">Secret\u00e1ria Geral da ABEL<\/a>"],"unlinked":["<span class=\"advgb-post-tax-term\">ALPB<\/span>","<span class=\"advgb-post-tax-term\">bi\u00eanio 2023-2025.<\/span>","<span class=\"advgb-post-tax-term\">Diretora da ELEGIS PB<\/span>","<span class=\"advgb-post-tax-term\">G1<\/span>","<span class=\"advgb-post-tax-term\">Maria Helena Toscano<\/span>","<span class=\"advgb-post-tax-term\">Para\u00edba<\/span>","<span class=\"advgb-post-tax-term\">Secret\u00e1ria Geral da ABEL<\/span>"]},"tags":{"linked":["<a href=\"https:\/\/sindaopcpb.org.br\/secretaria-geral-da-abel\/\" class=\"advgb-post-tax-term\">g1<\/a>"],"unlinked":["<span class=\"advgb-post-tax-term\">g1<\/span>"]}},"comment_count":"0","relative_dates":{"created":"Publicado 3 anos atr\u00e1s","modified":"Atualizado 3 anos atr\u00e1s"},"absolute_dates":{"created":"Publicado em 21 de junho de 2023","modified":"Atualizado em 21 de junho de 2023"},"absolute_dates_time":{"created":"Publicado em 21 de junho de 2023 16:01","modified":"Atualizado em 21 de junho de 2023 16:01"},"featured_img_caption":"","series_order":"","_links":{"self":[{"href":"https:\/\/sindaopcpb.org.br\/index.php\/wp-json\/wp\/v2\/posts\/21869","targetHints":{"allow":["GET"]}}],"collection":[{"href":"https:\/\/sindaopcpb.org.br\/index.php\/wp-json\/wp\/v2\/posts"}],"about":[{"href":"https:\/\/sindaopcpb.org.br\/index.php\/wp-json\/wp\/v2\/types\/post"}],"author":[{"embeddable":true,"href":"https:\/\/sindaopcpb.org.br\/index.php\/wp-json\/wp\/v2\/users\/49"}],"replies":[{"embeddable":true,"href":"https:\/\/sindaopcpb.org.br\/index.php\/wp-json\/wp\/v2\/comments?post=21869"}],"version-history":[{"count":1,"href":"https:\/\/sindaopcpb.org.br\/index.php\/wp-json\/wp\/v2\/posts\/21869\/revisions"}],"predecessor-version":[{"id":21870,"href":"https:\/\/sindaopcpb.org.br\/index.php\/wp-json\/wp\/v2\/posts\/21869\/revisions\/21870"}],"wp:attachment":[{"href":"https:\/\/sindaopcpb.org.br\/index.php\/wp-json\/wp\/v2\/media?parent=21869"}],"wp:term":[{"taxonomy":"category","embeddable":true,"href":"https:\/\/sindaopcpb.org.br\/index.php\/wp-json\/wp\/v2\/categories?post=21869"},{"taxonomy":"post_tag","embeddable":true,"href":"https:\/\/sindaopcpb.org.br\/index.php\/wp-json\/wp\/v2\/tags?post=21869"}],"curies":[{"name":"wp","href":"https:\/\/api.w.org\/{rel}","templated":true}]}}