{"id":21867,"date":"2023-06-21T16:22:21","date_gmt":"2023-06-21T19:22:21","guid":{"rendered":"https:\/\/wpa.wscom.com.br\/?p=907468"},"modified":"2023-06-21T16:22:21","modified_gmt":"2023-06-21T19:22:21","slug":"comemoracoes-juninas-alteram-funcionamento-da-unimed-joao-pessoa","status":"publish","type":"post","link":"https:\/\/sindaopcpb.org.br\/index.php\/2023\/06\/21\/comemoracoes-juninas-alteram-funcionamento-da-unimed-joao-pessoa\/","title":{"rendered":"Comemora\u00e7\u00f5es juninas alteram funcionamento da Unimed Jo\u00e3o Pessoa"},"content":{"rendered":"<p style=\"font-weight: 400;\">O funcionamento da Unimed Jo\u00e3o Pessoa ser\u00e1 diferenciado nestas sexta-feira (23) e s\u00e1bado (24) por causa das comemora\u00e7\u00f5es juninas.<\/p>\n<p style=\"font-weight: 400;\">Os hospitais pr\u00f3prios \u2013 Alberto Urquiza Wanderley e Pedi\u00e1trico \u2013 e o servi\u00e7o de Telessa\u00fade, no entanto, funcionar\u00e3o normalmente nos dois dias.<\/p>\n<p style=\"font-weight: 400;\">\n<p style=\"font-weight: 400;\"><strong>COMO FICA<\/strong><\/p>\n<p style=\"font-weight: 400;\">Na Operadora (onde funcionam o atendimento presencial, o Interc\u00e2mbio e o servi\u00e7o de sa\u00fade ocupacional) e na Central de Vendas, o expediente ser\u00e1 das 8h \u00e0s 12h na sexta-feira.<\/p>\n<p style=\"font-weight: 400;\">J\u00e1 no Centro M\u00e9dico Unimed \u2013 Zona Sul, no Espa\u00e7o Vida, no Drive Thru para testes de covid-19 e na Unidade Guarabira, o atendimento ser\u00e1 das 7h \u00e0s 13h.<\/p>\n<p style=\"font-weight: 400;\">No s\u00e1bado (24), todas essas unidades estar\u00e3o fechadas.<\/p>\n<p style=\"font-weight: 400;\">\n<p style=\"font-weight: 400;\"><strong>SERVI\u00c7OS ON-LINE<\/strong><\/p>\n<p style=\"font-weight: 400;\">A Unimed Jo\u00e3o Pessoa disponibiliza diversos servi\u00e7os digitais no portal ou no aplicativo, que poder\u00e3o ser utilizados normalmente pelos clientes nesses dois dias.<\/p>\n<p style=\"font-weight: 400;\">Entre os servi\u00e7os, est\u00e3o solicita\u00e7\u00e3o de autoriza\u00e7\u00f5es, negocia\u00e7\u00e3o e pagamento da mensalidade, segunda via do boleto banc\u00e1rio, teleconsulta e Pronto Atendimento Digital.<\/p>\n<p style=\"font-weight: 400;\">No Portal Unimed JP, os servi\u00e7os ficam na se\u00e7\u00e3o do benefici\u00e1rio:\u00a0<a href=\"http:\/\/www.unimedjp.com.br\/cliente\" data-saferedirecturl=\"https:\/\/www.google.com\/url?q=http:\/\/www.unimedjp.com.br\/cliente&amp;source=gmail&amp;ust=1687459014674000&amp;usg=AOvVaw07W1_Om-oHqqQfg8h_MXUn\" rel=\"nofollow noopener\" target=\"_blank\">www.unimedjp.com.br\/cliente<\/a>. J\u00e1 o app est\u00e1 dispon\u00edvel para download nas lojas de aplicativo dos celulares nas vers\u00f5es para Android e iOS.<\/p>\n<p>O post <a rel=\"nofollow noopener\" href=\"https:\/\/wscom.com.br\/comemoracoes-juninas-alteram-funcionamento-da-unimed-joao-pessoa\/\" target=\"_blank\">Comemora\u00e7\u00f5es juninas alteram funcionamento da Unimed Jo\u00e3o Pessoa<\/a> apareceu primeiro em <a rel=\"nofollow noopener\" href=\"https:\/\/wscom.com.br\/\" target=\"_blank\">WSCOM<\/a>.<\/p>\n","protected":false},"excerpt":{"rendered":"<p>O funcionamento da Unimed Jo\u00e3o Pessoa ser\u00e1 diferenciado nestas sexta-feira (23) e s\u00e1bado (24) por causa das comemora\u00e7\u00f5es juninas. Os hospitais pr\u00f3prios \u2013 Alberto Urquiza Wanderley e Pedi\u00e1trico \u2013 e o servi\u00e7o de Telessa\u00fade, no entanto, funcionar\u00e3o normalmente nos dois dias. COMO FICA Na Operadora (onde funcionam o atendimento presencial, o Interc\u00e2mbio e o servi\u00e7o [\u2026]<\/p>\n<p>O post <a rel=\"nofollow\" href=\"https:\/\/wscom.com.br\/comemoracoes-juninas-alteram-funcionamento-da-unimed-joao-pessoa\/\">Comemora\u00e7\u00f5es juninas alteram funcionamento da Unimed Jo\u00e3o Pessoa<\/a> apareceu primeiro em <a rel=\"nofollow\" href=\"https:\/\/wscom.com.br\/\">WSCOM<\/a>.<\/p>\n","protected":false},"author":49,"featured_media":0,"comment_status":"closed","ping_status":"closed","sticky":false,"template":"","format":"standard","meta":{"advgb_blocks_editor_width":"","advgb_blocks_columns_visual_guide":"","footnotes":""},"categories":[5070,34,5071,2206,90,5072,2111],"tags":[35],"class_list":["post-21867","post","type-post","status-publish","format-standard","hentry","category-comemoracoes-juninas","category-g1","category-hospital-unimed-joao-pessoa","category-plano-de-saude","category-saude","category-telessaude","category-unimed-joao-pessoa","tag-g1"],"author_meta":{"display_name":"Cristiane Cavalcante","author_link":"https:\/\/sindaopcpb.org.br\/author\/cristiane-cavalcante\/"},"featured_img":null,"coauthors":[],"tax_additional":{"categories":{"linked":["<a href=\"https:\/\/sindaopcpb.org.br\/comemoracoes-juninas\/\" class=\"advgb-post-tax-term\">Comemora\u00e7\u00f5es juninas<\/a>","<a href=\"https:\/\/sindaopcpb.org.br\/g1\/\" class=\"advgb-post-tax-term\">G1<\/a>","<a href=\"https:\/\/sindaopcpb.org.br\/hospital-unimed-joao-pessoa\/\" class=\"advgb-post-tax-term\">Hospital Unimed Jo\u00e3o Pessoa<\/a>","<a href=\"https:\/\/sindaopcpb.org.br\/plano-de-saude\/\" class=\"advgb-post-tax-term\">plano de saude<\/a>","<a href=\"https:\/\/sindaopcpb.org.br\/saude\/\" class=\"advgb-post-tax-term\">Sa\u00fade<\/a>","<a href=\"https:\/\/sindaopcpb.org.br\/telessaude\/\" class=\"advgb-post-tax-term\">Telessa\u00fade<\/a>","<a href=\"https:\/\/sindaopcpb.org.br\/unimed-joao-pessoa\/\" class=\"advgb-post-tax-term\">unimed jo\u00e3o pessoa<\/a>"],"unlinked":["<span class=\"advgb-post-tax-term\">Comemora\u00e7\u00f5es juninas<\/span>","<span class=\"advgb-post-tax-term\">G1<\/span>","<span class=\"advgb-post-tax-term\">Hospital Unimed Jo\u00e3o Pessoa<\/span>","<span class=\"advgb-post-tax-term\">plano de saude<\/span>","<span class=\"advgb-post-tax-term\">Sa\u00fade<\/span>","<span class=\"advgb-post-tax-term\">Telessa\u00fade<\/span>","<span class=\"advgb-post-tax-term\">unimed jo\u00e3o pessoa<\/span>"]},"tags":{"linked":["<a href=\"https:\/\/sindaopcpb.org.br\/unimed-joao-pessoa\/\" class=\"advgb-post-tax-term\">g1<\/a>"],"unlinked":["<span class=\"advgb-post-tax-term\">g1<\/span>"]}},"comment_count":"0","relative_dates":{"created":"Publicado 3 anos atr\u00e1s","modified":"Atualizado 3 anos atr\u00e1s"},"absolute_dates":{"created":"Publicado em 21 de junho de 2023","modified":"Atualizado em 21 de junho de 2023"},"absolute_dates_time":{"created":"Publicado em 21 de junho de 2023 16:22","modified":"Atualizado em 21 de junho de 2023 16:22"},"featured_img_caption":"","series_order":"","_links":{"self":[{"href":"https:\/\/sindaopcpb.org.br\/index.php\/wp-json\/wp\/v2\/posts\/21867","targetHints":{"allow":["GET"]}}],"collection":[{"href":"https:\/\/sindaopcpb.org.br\/index.php\/wp-json\/wp\/v2\/posts"}],"about":[{"href":"https:\/\/sindaopcpb.org.br\/index.php\/wp-json\/wp\/v2\/types\/post"}],"author":[{"embeddable":true,"href":"https:\/\/sindaopcpb.org.br\/index.php\/wp-json\/wp\/v2\/users\/49"}],"replies":[{"embeddable":true,"href":"https:\/\/sindaopcpb.org.br\/index.php\/wp-json\/wp\/v2\/comments?post=21867"}],"version-history":[{"count":1,"href":"https:\/\/sindaopcpb.org.br\/index.php\/wp-json\/wp\/v2\/posts\/21867\/revisions"}],"predecessor-version":[{"id":21868,"href":"https:\/\/sindaopcpb.org.br\/index.php\/wp-json\/wp\/v2\/posts\/21867\/revisions\/21868"}],"wp:attachment":[{"href":"https:\/\/sindaopcpb.org.br\/index.php\/wp-json\/wp\/v2\/media?parent=21867"}],"wp:term":[{"taxonomy":"category","embeddable":true,"href":"https:\/\/sindaopcpb.org.br\/index.php\/wp-json\/wp\/v2\/categories?post=21867"},{"taxonomy":"post_tag","embeddable":true,"href":"https:\/\/sindaopcpb.org.br\/index.php\/wp-json\/wp\/v2\/tags?post=21867"}],"curies":[{"name":"wp","href":"https:\/\/api.w.org\/{rel}","templated":true}]}}