{"id":21857,"date":"2023-06-21T14:56:13","date_gmt":"2023-06-21T17:56:13","guid":{"rendered":"https:\/\/wpa.wscom.com.br\/?p=907412"},"modified":"2023-06-21T14:56:13","modified_gmt":"2023-06-21T17:56:13","slug":"joao-azevedo-recebe-wellington-dias-na-proxima-segunda-feira-para-assinar-pacto-de-inclusao-socioeconomica","status":"publish","type":"post","link":"https:\/\/sindaopcpb.org.br\/index.php\/2023\/06\/21\/joao-azevedo-recebe-wellington-dias-na-proxima-segunda-feira-para-assinar-pacto-de-inclusao-socioeconomica\/","title":{"rendered":"Jo\u00e3o Azev\u00eado recebe Wellington Dias na pr\u00f3xima segunda-feira para assinar Pacto de Inclus\u00e3o Socioecon\u00f4mica"},"content":{"rendered":"<p>O governador Jo\u00e3o Azev\u00eado (PSB) ir\u00e1 receber o ministro do Desenvolvimento Social, Wellington Dias (PT), nas pr\u00f3xima segunda-feira (26), em Jo\u00e3o Pessoa, para assinar o Pacto de Inclus\u00e3o Socioecon\u00f4mica do Governo Federal. A medida tem o objetivo de promover a\u00e7\u00f5es que busquem a inser\u00e7\u00e3o no mercado de trabalho e a capacita\u00e7\u00e3o para o empreendedorismo de pessoas inscritas no Cadastro \u00danico. A informa\u00e7\u00e3o foi confirmada pela secret\u00e1ria de Estado do Desenvolvimento Humano, Pollyanna Dutra (PSB).<\/p>\n<p>Segundo a auxiliar do governo estadual, as pessoas que est\u00e3o inscritas no Cad\u00danico, e benefici\u00e1rios do Bolsa Fam\u00edlia ser\u00e3o direcionadas para o mercador de trabalho atrav\u00e9s da uma pactua\u00e7\u00e3o entre Governo Federal, Governo do Estado, e empresas da Para\u00edba.<\/p>\n<p>\u201cO governador Jo\u00e3o Azev\u00eado recebe o ministro Wellington Dias para a assinatura dos protocolos de inten\u00e7\u00f5es para o Pacto de Inclus\u00e3o Socioecon\u00f4mica, que ser\u00e1 o direcionamento para empregabilidade de pessoas vulner\u00e1veis. \u00c9 uma pactua\u00e7\u00e3o entre o Governo Federal e o Governo do Estado, que entra como grande articulador entre a classe empresarial, para que essas empresas possam disponibilizar vagas para pessoas do Bolsa Fam\u00edlia, do Cad\u00danico\u201d, disse Pollyanna a r\u00e1dio Arapuam FM nesta quarta-feira (21).<\/p>\n<p>De acordo com a secret\u00e1ria, a implanta\u00e7\u00e3o do \u2018Plano Nacional de Inclus\u00e3o socioecon\u00f4mica \u2013 Aprender e Empreender\u2019, na Para\u00edba, ir\u00e1 beneficiar mais 700 mil fam\u00edlias do estado que est\u00e3o inscritas no Cad\u00danico e no programa social de distribui\u00e7\u00e3o de renda do Governo Federal.<\/p>\n<p>\u201cNa Para\u00edba, 710 mil fam\u00edlias recebem o benef\u00edcio do Bolsa fam\u00edlia. Quando esse n\u00famero \u00e9 computado em pessoas, s\u00e3o mais de 1 milh\u00e3o e 700 mil indiv\u00edduos cadastrados. Essas pessoas ir\u00e3o ser direcionadas para o mercado de trabalho\u201d, destacou a Pollyanna Dutra.<\/p>\n<p>O post <a rel=\"nofollow noopener\" href=\"https:\/\/wscom.com.br\/joao-azevedo-recebe-wellington-dias-na-proxima-segunda-feira-para-assinar-pacto-de-inclusao-socioeconomica\/\" target=\"_blank\">Jo\u00e3o Azev\u00eado recebe Wellington Dias na pr\u00f3xima segunda-feira para assinar Pacto de Inclus\u00e3o Socioecon\u00f4mica<\/a> apareceu primeiro em <a rel=\"nofollow noopener\" href=\"https:\/\/wscom.com.br\/\" target=\"_blank\">WSCOM<\/a>.<\/p>\n","protected":false},"excerpt":{"rendered":"<p>O governador Jo\u00e3o Azev\u00eado (PSB) ir\u00e1 receber o ministro do Desenvolvimento Social, Wellington Dias (PT), nas pr\u00f3xima segunda-feira (26), em Jo\u00e3o Pessoa, para assinar o Pacto de Inclus\u00e3o Socioecon\u00f4mica do Governo Federal. A medida tem o objetivo de promover a\u00e7\u00f5es que busquem a inser\u00e7\u00e3o no mercado de trabalho e a capacita\u00e7\u00e3o para o empreendedorismo de [\u2026]<\/p>\n<p>O post <a rel=\"nofollow\" href=\"https:\/\/wscom.com.br\/joao-azevedo-recebe-wellington-dias-na-proxima-segunda-feira-para-assinar-pacto-de-inclusao-socioeconomica\/\">Jo\u00e3o Azev\u00eado recebe Wellington Dias na pr\u00f3xima segunda-feira para assinar Pacto de Inclus\u00e3o Socioecon\u00f4mica<\/a> apareceu primeiro em <a rel=\"nofollow\" href=\"https:\/\/wscom.com.br\/\">WSCOM<\/a>.<\/p>\n","protected":false},"author":49,"featured_media":0,"comment_status":"closed","ping_status":"closed","sticky":false,"template":"","format":"standard","meta":{"advgb_blocks_editor_width":"","advgb_blocks_columns_visual_guide":"","footnotes":""},"categories":[672,226,34,440,5065,47,1822,900],"tags":[35],"class_list":["post-21857","post","type-post","status-publish","format-standard","hentry","category-bolsa-familia","category-cadunico","category-g1","category-joao-azevedo","category-ministro-do-desenvolvimento-social","category-politica","category-pollyanna-dutra","category-wellington-dias","tag-g1"],"author_meta":{"display_name":"Cristiane Cavalcante","author_link":"https:\/\/sindaopcpb.org.br\/author\/cristiane-cavalcante\/"},"featured_img":null,"coauthors":[],"tax_additional":{"categories":{"linked":["<a href=\"https:\/\/sindaopcpb.org.br\/bolsa-familia\/\" class=\"advgb-post-tax-term\">Bolsa Fam\u00edlia<\/a>","<a href=\"https:\/\/sindaopcpb.org.br\/cadunico\/\" class=\"advgb-post-tax-term\">Cad\u00danico<\/a>","<a href=\"https:\/\/sindaopcpb.org.br\/g1\/\" class=\"advgb-post-tax-term\">G1<\/a>","<a href=\"https:\/\/sindaopcpb.org.br\/joao-azevedo\/\" class=\"advgb-post-tax-term\">jo\u00e3o azevedo<\/a>","<a href=\"https:\/\/sindaopcpb.org.br\/ministro-do-desenvolvimento-social\/\" class=\"advgb-post-tax-term\">ministro do Desenvolvimento Social<\/a>","<a href=\"https:\/\/sindaopcpb.org.br\/politica\/\" class=\"advgb-post-tax-term\">POLITICA<\/a>","<a href=\"https:\/\/sindaopcpb.org.br\/pollyanna-dutra\/\" class=\"advgb-post-tax-term\">Pollyanna dutra<\/a>","<a href=\"https:\/\/sindaopcpb.org.br\/wellington-dias\/\" class=\"advgb-post-tax-term\">Wellington Dias<\/a>"],"unlinked":["<span class=\"advgb-post-tax-term\">Bolsa Fam\u00edlia<\/span>","<span class=\"advgb-post-tax-term\">Cad\u00danico<\/span>","<span class=\"advgb-post-tax-term\">G1<\/span>","<span class=\"advgb-post-tax-term\">jo\u00e3o azevedo<\/span>","<span class=\"advgb-post-tax-term\">ministro do Desenvolvimento Social<\/span>","<span class=\"advgb-post-tax-term\">POLITICA<\/span>","<span class=\"advgb-post-tax-term\">Pollyanna dutra<\/span>","<span class=\"advgb-post-tax-term\">Wellington Dias<\/span>"]},"tags":{"linked":["<a href=\"https:\/\/sindaopcpb.org.br\/wellington-dias\/\" class=\"advgb-post-tax-term\">g1<\/a>"],"unlinked":["<span class=\"advgb-post-tax-term\">g1<\/span>"]}},"comment_count":"0","relative_dates":{"created":"Publicado 3 anos atr\u00e1s","modified":"Atualizado 3 anos atr\u00e1s"},"absolute_dates":{"created":"Publicado em 21 de junho de 2023","modified":"Atualizado em 21 de junho de 2023"},"absolute_dates_time":{"created":"Publicado em 21 de junho de 2023 14:56","modified":"Atualizado em 21 de junho de 2023 14:56"},"featured_img_caption":"","series_order":"","_links":{"self":[{"href":"https:\/\/sindaopcpb.org.br\/index.php\/wp-json\/wp\/v2\/posts\/21857","targetHints":{"allow":["GET"]}}],"collection":[{"href":"https:\/\/sindaopcpb.org.br\/index.php\/wp-json\/wp\/v2\/posts"}],"about":[{"href":"https:\/\/sindaopcpb.org.br\/index.php\/wp-json\/wp\/v2\/types\/post"}],"author":[{"embeddable":true,"href":"https:\/\/sindaopcpb.org.br\/index.php\/wp-json\/wp\/v2\/users\/49"}],"replies":[{"embeddable":true,"href":"https:\/\/sindaopcpb.org.br\/index.php\/wp-json\/wp\/v2\/comments?post=21857"}],"version-history":[{"count":1,"href":"https:\/\/sindaopcpb.org.br\/index.php\/wp-json\/wp\/v2\/posts\/21857\/revisions"}],"predecessor-version":[{"id":21858,"href":"https:\/\/sindaopcpb.org.br\/index.php\/wp-json\/wp\/v2\/posts\/21857\/revisions\/21858"}],"wp:attachment":[{"href":"https:\/\/sindaopcpb.org.br\/index.php\/wp-json\/wp\/v2\/media?parent=21857"}],"wp:term":[{"taxonomy":"category","embeddable":true,"href":"https:\/\/sindaopcpb.org.br\/index.php\/wp-json\/wp\/v2\/categories?post=21857"},{"taxonomy":"post_tag","embeddable":true,"href":"https:\/\/sindaopcpb.org.br\/index.php\/wp-json\/wp\/v2\/tags?post=21857"}],"curies":[{"name":"wp","href":"https:\/\/api.w.org\/{rel}","templated":true}]}}