{"id":21853,"date":"2023-06-21T15:12:16","date_gmt":"2023-06-21T18:12:16","guid":{"rendered":"https:\/\/wpa.wscom.com.br\/?p=907393"},"modified":"2023-06-21T15:12:16","modified_gmt":"2023-06-21T18:12:16","slug":"bandido-amarra-funcionarios-e-assalta-loja-do-flamengo-em-campina-grande","status":"publish","type":"post","link":"https:\/\/sindaopcpb.org.br\/index.php\/2023\/06\/21\/bandido-amarra-funcionarios-e-assalta-loja-do-flamengo-em-campina-grande\/","title":{"rendered":"Bandido amarra funcion\u00e1rios e assalta loja do Flamengo em Campina Grande"},"content":{"rendered":"<p>Na \u00faltima segunda-feira (19), por volta das 12h, a loja do Flamengo situada nas proximidades da C\u00e2mara de Vereadores de Campina Grande foi alvo de um assalto.<\/p>\n<p>De acordo com o relato do propriet\u00e1rio, um homem chegou ao estabelecimento em uma motocicleta, portando uma arma, e anunciou o roubo.<\/p>\n<p>O criminoso rendeu os funcion\u00e1rios, amarrando-os, e em seguida, fugiu levando diversas mercadorias da loja.<\/p>\n<p>At\u00e9 o momento, as autoridades da Pol\u00edcia Militar n\u00e3o conseguiram localizar o assaltante.<\/p>\n<p>O post <a rel=\"nofollow noopener\" href=\"https:\/\/wscom.com.br\/bandido-amarra-funcionarios-e-assalta-loja-do-flamengo-em-campina-grande\/\" target=\"_blank\">Bandido amarra funcion\u00e1rios e assalta loja do Flamengo em Campina Grande<\/a> apareceu primeiro em <a rel=\"nofollow noopener\" href=\"https:\/\/wscom.com.br\/\" target=\"_blank\">WSCOM<\/a>.<\/p>\n","protected":false},"excerpt":{"rendered":"<p>Na \u00faltima segunda-feira (19), por volta das 12h, a loja do Flamengo situada nas proximidades da C\u00e2mara de Vereadores de Campina Grande foi alvo de um assalto. De acordo com o relato do propriet\u00e1rio, um homem chegou ao estabelecimento em uma motocicleta, portando uma arma, e anunciou o roubo. O criminoso rendeu os funcion\u00e1rios, amarrando-os, [\u2026]<\/p>\n<p>O post <a rel=\"nofollow\" href=\"https:\/\/wscom.com.br\/bandido-amarra-funcionarios-e-assalta-loja-do-flamengo-em-campina-grande\/\">Bandido amarra funcion\u00e1rios e assalta loja do Flamengo em Campina Grande<\/a> apareceu primeiro em <a rel=\"nofollow\" href=\"https:\/\/wscom.com.br\/\">WSCOM<\/a>.<\/p>\n","protected":false},"author":49,"featured_media":0,"comment_status":"closed","ping_status":"closed","sticky":false,"template":"","format":"standard","meta":{"advgb_blocks_editor_width":"","advgb_blocks_columns_visual_guide":"","footnotes":""},"categories":[2091,5062,321,34,5063,66],"tags":[35],"class_list":["post-21853","post","type-post","status-publish","format-standard","hentry","category-assalto","category-bandido-armado","category-campina-grande","category-g1","category-loja-do-flamengo","category-policial","tag-g1"],"author_meta":{"display_name":"Cristiane Cavalcante","author_link":"https:\/\/sindaopcpb.org.br\/author\/cristiane-cavalcante\/"},"featured_img":null,"coauthors":[],"tax_additional":{"categories":{"linked":["<a href=\"https:\/\/sindaopcpb.org.br\/assalto\/\" class=\"advgb-post-tax-term\">assalto<\/a>","<a href=\"https:\/\/sindaopcpb.org.br\/bandido-armado\/\" class=\"advgb-post-tax-term\">bandido armado<\/a>","<a href=\"https:\/\/sindaopcpb.org.br\/campina-grande\/\" class=\"advgb-post-tax-term\">Campina Grande<\/a>","<a href=\"https:\/\/sindaopcpb.org.br\/g1\/\" class=\"advgb-post-tax-term\">G1<\/a>","<a href=\"https:\/\/sindaopcpb.org.br\/loja-do-flamengo\/\" class=\"advgb-post-tax-term\">loja do Flamengo<\/a>","<a href=\"https:\/\/sindaopcpb.org.br\/policial\/\" class=\"advgb-post-tax-term\">Policial<\/a>"],"unlinked":["<span class=\"advgb-post-tax-term\">assalto<\/span>","<span class=\"advgb-post-tax-term\">bandido armado<\/span>","<span class=\"advgb-post-tax-term\">Campina Grande<\/span>","<span class=\"advgb-post-tax-term\">G1<\/span>","<span class=\"advgb-post-tax-term\">loja do Flamengo<\/span>","<span class=\"advgb-post-tax-term\">Policial<\/span>"]},"tags":{"linked":["<a href=\"https:\/\/sindaopcpb.org.br\/policial\/\" class=\"advgb-post-tax-term\">g1<\/a>"],"unlinked":["<span class=\"advgb-post-tax-term\">g1<\/span>"]}},"comment_count":"0","relative_dates":{"created":"Publicado 3 anos atr\u00e1s","modified":"Atualizado 3 anos atr\u00e1s"},"absolute_dates":{"created":"Publicado em 21 de junho de 2023","modified":"Atualizado em 21 de junho de 2023"},"absolute_dates_time":{"created":"Publicado em 21 de junho de 2023 15:12","modified":"Atualizado em 21 de junho de 2023 15:12"},"featured_img_caption":"","series_order":"","_links":{"self":[{"href":"https:\/\/sindaopcpb.org.br\/index.php\/wp-json\/wp\/v2\/posts\/21853","targetHints":{"allow":["GET"]}}],"collection":[{"href":"https:\/\/sindaopcpb.org.br\/index.php\/wp-json\/wp\/v2\/posts"}],"about":[{"href":"https:\/\/sindaopcpb.org.br\/index.php\/wp-json\/wp\/v2\/types\/post"}],"author":[{"embeddable":true,"href":"https:\/\/sindaopcpb.org.br\/index.php\/wp-json\/wp\/v2\/users\/49"}],"replies":[{"embeddable":true,"href":"https:\/\/sindaopcpb.org.br\/index.php\/wp-json\/wp\/v2\/comments?post=21853"}],"version-history":[{"count":1,"href":"https:\/\/sindaopcpb.org.br\/index.php\/wp-json\/wp\/v2\/posts\/21853\/revisions"}],"predecessor-version":[{"id":21854,"href":"https:\/\/sindaopcpb.org.br\/index.php\/wp-json\/wp\/v2\/posts\/21853\/revisions\/21854"}],"wp:attachment":[{"href":"https:\/\/sindaopcpb.org.br\/index.php\/wp-json\/wp\/v2\/media?parent=21853"}],"wp:term":[{"taxonomy":"category","embeddable":true,"href":"https:\/\/sindaopcpb.org.br\/index.php\/wp-json\/wp\/v2\/categories?post=21853"},{"taxonomy":"post_tag","embeddable":true,"href":"https:\/\/sindaopcpb.org.br\/index.php\/wp-json\/wp\/v2\/tags?post=21853"}],"curies":[{"name":"wp","href":"https:\/\/api.w.org\/{rel}","templated":true}]}}