{"id":21849,"date":"2023-06-21T15:28:47","date_gmt":"2023-06-21T18:28:47","guid":{"rendered":"https:\/\/wpa.wscom.com.br\/?p=907449"},"modified":"2023-06-21T15:28:47","modified_gmt":"2023-06-21T18:28:47","slug":"anuncio-do-hospital-veterinario-de-joao-pessoa-completou-dois-anos-e-ate-agora-nada-critica-ruy-carneiro","status":"publish","type":"post","link":"https:\/\/sindaopcpb.org.br\/index.php\/2023\/06\/21\/anuncio-do-hospital-veterinario-de-joao-pessoa-completou-dois-anos-e-ate-agora-nada-critica-ruy-carneiro\/","title":{"rendered":"\u201cAn\u00fancio do Hospital Veterin\u00e1rio de Jo\u00e3o Pessoa completou dois anos e at\u00e9 agora nada\u201d, critica Ruy Carneiro"},"content":{"rendered":"<p>&nbsp;<\/p>\n<p>&nbsp;<\/p>\n<p>As constantes promessas e a falta de transpar\u00eancia da Prefeitura de Jo\u00e3o Pessoa em rela\u00e7\u00e3o a constru\u00e7\u00e3o do Hospital Veterin\u00e1rio voltaram a ser criticadas pelo deputado federal Ruy Carneiro. O parlamentar relembrou a destina\u00e7\u00e3o de R$ 1,3 milh\u00e3o em emendas para o in\u00edcio das obras e compra de equipamentos nesta quarta-feira (21), quando completam exatamente dois anos do primeiro anuncio feito pelo prefeito da capital, C\u00edcero Lucena.<\/p>\n<p>Ruy afirmou que o apag\u00e3o administrativo da atual gest\u00e3o tamb\u00e9m reflete negativamente na causa animal. \u201cGest\u00e3o lenta, atrasada, sem compromisso com a popula\u00e7\u00e3o e constru\u00edda em cima de dezenas de promessas n\u00e3o cumpridas. \u00c9 inaceit\u00e1vel que um equipamento t\u00e3o importante pra Jo\u00e3o Pessoa tenha sido anunciado h\u00e1 dois anos e at\u00e9 agora n\u00e3o existe nem previs\u00e3o para in\u00edcio das obras. O pior de tudo \u00e9 saber que o dinheiro para executar essa e outras a\u00e7\u00f5es j\u00e1 est\u00e1 garantido, porque eu destinei R$ 1,3 milh\u00f5es para essa unidade\u201d, ressaltou.<\/p>\n<p>O parlamentar tamb\u00e9m chamou aten\u00e7\u00e3o da sociedade e das autoridades para as constantes den\u00fancias feitas contra a cl\u00ednica veterin\u00e1ria municipal. \u201cO primeiro erro desse equipamento \u00e9 que o custo dele por um ano \u00e9 equivalente a constru\u00e7\u00e3o e montagem do Hospital Veterin\u00e1rio. Pra piorar, j\u00e1 foi registrado um inc\u00eandio no local com menos de um m\u00eas de funcionamento e v\u00e1rias den\u00fancias est\u00e3o sendo feitas pela popula\u00e7\u00e3o. Animais doentes sendo mandados de volta pra casa, falta de servi\u00e7os prometidos e at\u00e9 mortes suspeitas. \u00c9 preciso que as pessoas e principalmente as autoridades estejam atentas a todas essas quest\u00f5es\u201d, acrescentou.<\/p>\n<p>Ruy encaminhou R$ 1 milh\u00e3o de reais para a edifica\u00e7\u00e3o do hospital h\u00e1 mais de dois anos. Logo em seguida, ele tamb\u00e9m destinou R$ 300 mil para comprar equipamentos especializados. O espa\u00e7o fica localizado entre as avenidas Esp\u00edrito Santo e Santa Catarina, no Bairro dos Estados, pr\u00f3ximo ao girador do Cemit\u00e9rio Santa Catarina.<\/p>\n<p>O post <a rel=\"nofollow noopener\" href=\"https:\/\/wscom.com.br\/anuncio-do-hospital-veterinario-de-joao-pessoa-completou-dois-anos-e-ate-agora-nada-critica-ruy-carneiro\/\" target=\"_blank\">\u201cAn\u00fancio do Hospital Veterin\u00e1rio de Jo\u00e3o Pessoa completou dois anos e at\u00e9 agora nada\u201d, critica Ruy Carneiro<\/a> apareceu primeiro em <a rel=\"nofollow noopener\" href=\"https:\/\/wscom.com.br\/\" target=\"_blank\">WSCOM<\/a>.<\/p>\n","protected":false},"excerpt":{"rendered":"<p>\u00a0 \u00a0 As constantes promessas e a falta de transpar\u00eancia da Prefeitura de Jo\u00e3o Pessoa em rela\u00e7\u00e3o a constru\u00e7\u00e3o do Hospital Veterin\u00e1rio voltaram a ser criticadas pelo deputado federal Ruy Carneiro. O parlamentar relembrou a destina\u00e7\u00e3o de R$ 1,3 milh\u00e3o em emendas para o in\u00edcio das obras e compra de equipamentos nesta quarta-feira (21), quando [\u2026]<\/p>\n<p>O post <a rel=\"nofollow\" href=\"https:\/\/wscom.com.br\/anuncio-do-hospital-veterinario-de-joao-pessoa-completou-dois-anos-e-ate-agora-nada-critica-ruy-carneiro\/\">\u201cAn\u00fancio do Hospital Veterin\u00e1rio de Jo\u00e3o Pessoa completou dois anos e at\u00e9 agora nada\u201d, critica Ruy Carneiro<\/a> apareceu primeiro em <a rel=\"nofollow\" href=\"https:\/\/wscom.com.br\/\">WSCOM<\/a>.<\/p>\n","protected":false},"author":42,"featured_media":0,"comment_status":"closed","ping_status":"closed","sticky":false,"template":"","format":"standard","meta":{"advgb_blocks_editor_width":"","advgb_blocks_columns_visual_guide":"","footnotes":""},"categories":[4193,34,5058,71,216,47,764],"tags":[35],"class_list":["post-21849","post","type-post","status-publish","format-standard","hentry","category-critica","category-g1","category-hospital-veterinario","category-joao-pessoa","category-pmjp","category-politica","category-ruy-carneiro","tag-g1"],"author_meta":{"display_name":"Rafael Andrade","author_link":"https:\/\/sindaopcpb.org.br\/author\/rafael-andrade\/"},"featured_img":null,"coauthors":[],"tax_additional":{"categories":{"linked":["<a href=\"https:\/\/sindaopcpb.org.br\/critica\/\" class=\"advgb-post-tax-term\">Critica<\/a>","<a href=\"https:\/\/sindaopcpb.org.br\/g1\/\" class=\"advgb-post-tax-term\">G1<\/a>","<a href=\"https:\/\/sindaopcpb.org.br\/hospital-veterinario\/\" class=\"advgb-post-tax-term\">Hospital veterin\u00e1rio<\/a>","<a href=\"https:\/\/sindaopcpb.org.br\/joao-pessoa\/\" class=\"advgb-post-tax-term\">Jo\u00e3o Pessoa<\/a>","<a href=\"https:\/\/sindaopcpb.org.br\/pmjp\/\" class=\"advgb-post-tax-term\">PMJP<\/a>","<a href=\"https:\/\/sindaopcpb.org.br\/politica\/\" class=\"advgb-post-tax-term\">POLITICA<\/a>","<a href=\"https:\/\/sindaopcpb.org.br\/ruy-carneiro\/\" class=\"advgb-post-tax-term\">ruy carneiro<\/a>"],"unlinked":["<span class=\"advgb-post-tax-term\">Critica<\/span>","<span class=\"advgb-post-tax-term\">G1<\/span>","<span class=\"advgb-post-tax-term\">Hospital veterin\u00e1rio<\/span>","<span class=\"advgb-post-tax-term\">Jo\u00e3o Pessoa<\/span>","<span class=\"advgb-post-tax-term\">PMJP<\/span>","<span class=\"advgb-post-tax-term\">POLITICA<\/span>","<span class=\"advgb-post-tax-term\">ruy carneiro<\/span>"]},"tags":{"linked":["<a href=\"https:\/\/sindaopcpb.org.br\/ruy-carneiro\/\" class=\"advgb-post-tax-term\">g1<\/a>"],"unlinked":["<span class=\"advgb-post-tax-term\">g1<\/span>"]}},"comment_count":"0","relative_dates":{"created":"Publicado 3 anos atr\u00e1s","modified":"Atualizado 3 anos atr\u00e1s"},"absolute_dates":{"created":"Publicado em 21 de junho de 2023","modified":"Atualizado em 21 de junho de 2023"},"absolute_dates_time":{"created":"Publicado em 21 de junho de 2023 15:28","modified":"Atualizado em 21 de junho de 2023 15:28"},"featured_img_caption":"","series_order":"","_links":{"self":[{"href":"https:\/\/sindaopcpb.org.br\/index.php\/wp-json\/wp\/v2\/posts\/21849","targetHints":{"allow":["GET"]}}],"collection":[{"href":"https:\/\/sindaopcpb.org.br\/index.php\/wp-json\/wp\/v2\/posts"}],"about":[{"href":"https:\/\/sindaopcpb.org.br\/index.php\/wp-json\/wp\/v2\/types\/post"}],"author":[{"embeddable":true,"href":"https:\/\/sindaopcpb.org.br\/index.php\/wp-json\/wp\/v2\/users\/42"}],"replies":[{"embeddable":true,"href":"https:\/\/sindaopcpb.org.br\/index.php\/wp-json\/wp\/v2\/comments?post=21849"}],"version-history":[{"count":1,"href":"https:\/\/sindaopcpb.org.br\/index.php\/wp-json\/wp\/v2\/posts\/21849\/revisions"}],"predecessor-version":[{"id":21850,"href":"https:\/\/sindaopcpb.org.br\/index.php\/wp-json\/wp\/v2\/posts\/21849\/revisions\/21850"}],"wp:attachment":[{"href":"https:\/\/sindaopcpb.org.br\/index.php\/wp-json\/wp\/v2\/media?parent=21849"}],"wp:term":[{"taxonomy":"category","embeddable":true,"href":"https:\/\/sindaopcpb.org.br\/index.php\/wp-json\/wp\/v2\/categories?post=21849"},{"taxonomy":"post_tag","embeddable":true,"href":"https:\/\/sindaopcpb.org.br\/index.php\/wp-json\/wp\/v2\/tags?post=21849"}],"curies":[{"name":"wp","href":"https:\/\/api.w.org\/{rel}","templated":true}]}}