{"id":21844,"date":"2023-06-21T14:22:08","date_gmt":"2023-06-21T17:22:08","guid":{"rendered":"https:\/\/www.infomoney.com.br\/?p=2167079"},"modified":"2023-06-21T14:22:08","modified_gmt":"2023-06-21T17:22:08","slug":"zanin-diz-que-estara-impedido-de-julgar-no-stf-processos-em-que-atuou-como-advogado","status":"publish","type":"post","link":"https:\/\/sindaopcpb.org.br\/index.php\/2023\/06\/21\/zanin-diz-que-estara-impedido-de-julgar-no-stf-processos-em-que-atuou-como-advogado\/","title":{"rendered":"Zanin diz que estar\u00e1 impedido de julgar no STF processos em que atuou como advogado"},"content":{"rendered":"<p><img loading=\"lazy\" width=\"300\" height=\"225\" src=\"https:\/\/www.infomoney.com.br\/wp-content\/uploads\/2023\/06\/lula0378-27.jpg?fit=300%2C225&amp;quality=70&amp;strip=all\" class=\"attachment-medium size-medium wp-post-image\" alt=\"\" decoding=\"async\" style=\"float:right; margin:0 0 10px 10px;\" srcset=\"https:\/\/www.infomoney.com.br\/wp-content\/uploads\/2023\/06\/lula0378-27.jpg?w=1024&amp;quality=70&amp;strip=all 1024w, https:\/\/www.infomoney.com.br\/wp-content\/uploads\/2023\/06\/lula0378-27.jpg?w=300&amp;quality=70&amp;strip=all 300w, https:\/\/www.infomoney.com.br\/wp-content\/uploads\/2023\/06\/lula0378-27.jpg?w=768&amp;quality=70&amp;strip=all 768w, https:\/\/www.infomoney.com.br\/wp-content\/uploads\/2023\/06\/lula0378-27.jpg?w=150&amp;quality=70&amp;strip=all 150w\" sizes=\"auto, (max-width: 300px) 100vw, 300px\" data-attachment-id=\"2167107\" data-permalink=\"https:\/\/www.infomoney.com.br\/politica\/zanin-diz-que-estara-impedido-de-julgar-no-stf-processos-em-que-atuou-como-advogado\/attachment\/lula0378-27\/\" data-orig-file=\"https:\/\/www.infomoney.com.br\/wp-content\/uploads\/2023\/06\/lula0378-27.jpg?fit=1024%2C768&amp;quality=70&amp;strip=all\" data-orig-size=\"1024,768\" data-comments-opened=\"0\" data-image-meta=\"{&quot;aperture&quot;:&quot;4&quot;,&quot;credit&quot;:&quot;Lula Marques\\\/ Ag\\u00eancia Brasil&quot;,&quot;camera&quot;:&quot;Canon EOS-1D X&quot;,&quot;caption&quot;:&quot;Bras\\u00edlia (DF) 21\\\/06\\\/2023  Advogado, Cristiano Zanin; Durante sabatina para  indicado do cargo de ministro do Supremo Tribunal Federal (STF). Foto Lula Marques\\\/ Ag\\u00eancia Brasil.&quot;,&quot;created_timestamp&quot;:&quot;1687344119&quot;,&quot;copyright&quot;:&quot;Ag\\u00eancia Brasil\\\/EBC&quot;,&quot;focal_length&quot;:&quot;300&quot;,&quot;iso&quot;:&quot;2500&quot;,&quot;shutter_speed&quot;:&quot;0.005&quot;,&quot;title&quot;:&quot;&quot;,&quot;orientation&quot;:&quot;0&quot;}\" data-image-title=\"lula0378-27\" data-image-description=\"\" data-image-caption=\"&lt;p&gt;Bras\u00edlia (DF) 21\/06\/2023  Advogado, Cristiano Zanin; Durante sabatina para  indicado do cargo de ministro do Supremo Tribunal Federal (STF). Foto Lula Marques\/ Ag\u00eancia Brasil.&lt;\/p&gt;\n\" data-medium-file=\"https:\/\/www.infomoney.com.br\/wp-content\/uploads\/2023\/06\/lula0378-27.jpg?fit=300%2C225&amp;quality=70&amp;strip=all\" data-large-file=\"https:\/\/www.infomoney.com.br\/wp-content\/uploads\/2023\/06\/lula0378-27.jpg?fit=1024%2C768&amp;quality=70&amp;strip=all\" title=\"\"><\/p>\n<p>O advogado Cristiano Zanin, indicado do presidente Luiz In\u00e1cio Lula da Silva ao Supremo Tribunal Federal (STF), disse, nesta quarta-feira (21), que, caso aprovado para a vaga aberta no colegiado, n\u00e3o julgar\u00e1 processos em que tenha atuado como advogado.<\/p>\n<p>&#8220;Evidentemente que em todo o processo que eu tenha atuado como advogado, seja qual for a parte que eu tenha patrocinado os seus direitos e interesses, eu n\u00e3o poderei&#8230; julgar esses processos no Supremo Tribunal Federal&#8221;, disse Zanin em sabatina na Comiss\u00e3o de Constitui\u00e7\u00e3o e Justi\u00e7a (CCJ) do Senado.<\/p>\n<p>O advogado ainda disse que, como ministro do STF, analisar\u00e1 o &#8220;conte\u00fado do processo&#8221; para futuros impedimentos e suspei\u00e7\u00f5es que se apresentarem e que acredita que a imparcialidade de um julgador \u00e9 um elemento &#8220;fundamental&#8221; e &#8220;estruturante&#8221; da Justi\u00e7a.<\/p>\n<p>Questionado sobre a proximidade com Lula, de quem foi advogado durante processos da opera\u00e7\u00e3o Lava Jato, Zanin considerou que sua indica\u00e7\u00e3o deveu-se a seu conhecimento na carreira de advocacia. Negou que tenha sido padrinho de casamento do presidente, mas reconheceu uma rela\u00e7\u00e3o frequente de anos como advogado.<\/p>\n<p>O indicado tamb\u00e9m afirmou que um julgador n\u00e3o deve agradar a opini\u00e3o p\u00fablica e precisa tomar cuidado para que ela n\u00e3o seja determinante em um julgamento.<\/p>\n<p>&#8220;O que deve ser determinante \u00e9 o conte\u00fado dos autos, a Constitui\u00e7\u00e3o e as leis. O julgador n\u00e3o est\u00e1 em uma posi\u00e7\u00e3o de ter que agradar a opini\u00e3o p\u00fablica&#8221;, acrescentou Zanin<\/p>\n<p>Ao comentar sua carreira em exposi\u00e7\u00e3o inicial aos senadores, o indicado disse que sempre defendeu a Constitui\u00e7\u00e3o.<\/p>\n<p>&#8220;N\u00e3o vou mudar de lado, pois o meu lado sempre foi o mesmo, o lado da Constitui\u00e7\u00e3o, das garantias, do amplo direito de defesa, do devido processo legal. Para mim s\u00f3 existe um lado. O outro \u00e9 barb\u00e1rie, \u00e9 abuso de poder&#8221;, afirmou Zanin.<\/p>\n<p>Zanin afirmou ainda que, como ministro do STF, n\u00e3o permitir\u00e1 &#8220;investidas insurgentes e perturbadoras \u00e0 solidez da Rep\u00fablica&#8221;, por acreditar que a responsabilidade do cargo tem impacto direto no pa\u00eds.<\/p>\n<p>Ap\u00f3s responder as perguntas dos senadores da comiss\u00e3o, ele precisar\u00e1 ter seu nome aprovado pelo colegiado e, posteriormente, pelo plen\u00e1rio do Senado.<\/p>\n<p>A expectativa do governo \u00e9 que Zanin receba de 50 a 60 votos dos 81 senadores, inclusive com apoio da oposi\u00e7\u00e3o, em vota\u00e7\u00e3o secreta no plen\u00e1rio. S\u00e3o necess\u00e1rios ao menos 41 votos favor\u00e1veis para a aprova\u00e7\u00e3o do indicado.<\/p>\n<p>Se for aprovado, o advogado vai assumir a cadeira deixada pelo ministro Ricardo Lewandowski em abril, quando ele completou 75 anos e se aposentou compulsoriamente. Zanin poder\u00e1 ficar no cargo at\u00e9 2051.<\/p>\n<p>Formado em Direito na Pontif\u00edcia Universidade Cat\u00f3lica de S\u00e3o Paulo (PUC-SP) em 1999, Zanin tem 47 anos e chegou ao posto de principal advogado de Lula por um elo de fam\u00edlia. Ele tem como s\u00f3cia em seu escrit\u00f3rio a esposa, Waleska Zanin Martins, com quem tem tr\u00eas filhos. Waleska \u00e9 filha de Roberto Teixeira, compadre de Lula e que h\u00e1 d\u00e9cadas atuava como advogado.<\/p>\n<p>No posto de defensor do petista, Zanin derrubou uma a uma as a\u00e7\u00f5es na Justi\u00e7a contra ele, inclusive a mais importante delas, liderada pelo ent\u00e3o juiz da Lava Jato, atual senador Sergio Moro (UB-PR).<\/p>\n<p>A principal linha da defesa de Zanin, que ele chegou a apresentar em foros internacionais, foi apontar que Moro era parcial e tinha objetivos pol\u00edticos ao mirar Lula.<\/p>\n<p>O advogado martelou que Lula era alvo de &#8220;lawfare&#8221;, termo em ingl\u00eas que define o &#8220;uso estrat\u00e9gico do Direito para fins de deslegitimar, prejudicar ou aniquilar um inimigo&#8221;. Na cruzada, Zanin lan\u00e7ou livro do tema, at\u00e9 ent\u00e3o pouco debatido no Brasil.<\/p>\n<p>At\u00e9 que as vit\u00f3rias chegassem, no entanto, o advogado foi alvo de cr\u00edticas, diante das derrotas que o petista obteve em diversas inst\u00e2ncias da Justi\u00e7a que levaram, em 7 de abril de 2018, o ent\u00e3o ex-presidente a ser preso por 580 dias ap\u00f3s condena\u00e7\u00e3o em segunda inst\u00e2ncia em um dos processos da Lava Jato.<\/p>\n<p>Depois da vit\u00f3ria na Lava Jato, Zanin voltou a atuar na \u00e1rea empresarial. Se em parceria com o sogro Roberto Teixeira, cuidou de casos como a recupera\u00e7\u00e3o judicial da Varig e da fal\u00eancia da Transbrasil, mais recentemente atuou na revis\u00e3o da leni\u00eancia da J&amp;F, holding dos irm\u00e3os Joesley e Wesley Batista, e foi contratado pela Americanas, em meio \u00e0 crise com os credores ap\u00f3s o pedido de fal\u00eancia da varejista.<\/p>\n<p>The post <a rel=\"nofollow noopener\" href=\"https:\/\/www.infomoney.com.br\/politica\/zanin-diz-que-estara-impedido-de-julgar-no-stf-processos-em-que-atuou-como-advogado\/\" target=\"_blank\">Zanin diz que estar\u00e1 impedido de julgar no STF processos em que atuou como advogado<\/a> appeared first on <a rel=\"nofollow noopener\" href=\"https:\/\/www.infomoney.com.br\/\" target=\"_blank\">InfoMoney<\/a>.<\/p>\n","protected":false},"excerpt":{"rendered":"<p><img loading=\"lazy\" decoding=\"async\" width=\"300\" height=\"225\" src=\"https:\/\/www.infomoney.com.br\/wp-content\/uploads\/2023\/06\/lula0378-27.jpg?fit=300%2C225&amp;quality=70&amp;strip=all\" class=\"attachment-medium size-medium wp-post-image\" alt=\"\" data-attachment-id=\"2167107\" data-permalink=\"https:\/\/www.infomoney.com.br\/politica\/zanin-diz-que-estara-impedido-de-julgar-no-stf-processos-em-que-atuou-como-advogado\/attachment\/lula0378-27\/\" data-orig-file=\"https:\/\/www.infomoney.com.br\/wp-content\/uploads\/2023\/06\/lula0378-27.jpg?fit=1024%2C768&amp;quality=70&amp;strip=all\" data-orig-size=\"1024,768\" data-comments-opened=\"0\" data-image-meta='{\"aperture\":\"4\",\"credit\":\"Lula Marques\\\/ Ag\\u00eancia Brasil\",\"camera\":\"Canon EOS-1D X\",\"caption\":\"Bras\\u00edlia (DF) 21\\\/06\\\/2023  Advogado, Cristiano Zanin; Durante sabatina para  indicado do cargo de ministro do Supremo Tribunal Federal (STF). Foto Lula Marques\\\/ Ag\\u00eancia Brasil.\",\"created_timestamp\":\"1687344119\",\"copyright\":\"Ag\\u00eancia Brasil\\\/EBC\",\"focal_length\":\"300\",\"iso\":\"2500\",\"shutter_speed\":\"0.005\",\"title\":\"\",\"orientation\":\"0\"}' data-image-title=\"lula0378-27\" data-image-description=\"\" data-image-caption=\"&lt;p&gt;Bras\u00edlia (DF) 21\/06\/2023  Advogado, Cristiano Zanin; Durante sabatina para  indicado do cargo de ministro do Supremo Tribunal Federal (STF). Foto Lula Marques\/ Ag\u00eancia Brasil.&lt;\/p&gt;\n\" data-medium-file=\"https:\/\/www.infomoney.com.br\/wp-content\/uploads\/2023\/06\/lula0378-27.jpg?fit=300%2C225&amp;quality=70&amp;strip=all\" data-large-file=\"https:\/\/www.infomoney.com.br\/wp-content\/uploads\/2023\/06\/lula0378-27.jpg?fit=1024%2C768&amp;quality=70&amp;strip=all\">Ao comentar sua carreira em exposi\u00e7\u00e3o inicial aos senadores, o indicado disse que sempre defendeu a Constitui\u00e7\u00e3o<\/p>\n<p>The post <a rel=\"nofollow\" href=\"https:\/\/www.infomoney.com.br\/politica\/zanin-diz-que-estara-impedido-de-julgar-no-stf-processos-em-que-atuou-como-advogado\/\">Zanin diz que estar\u00e1 impedido de julgar no STF processos em que atuou como advogado<\/a> appeared first on <a rel=\"nofollow\" href=\"https:\/\/www.infomoney.com.br\/\">InfoMoney<\/a>.<\/p>\n","protected":false},"author":46,"featured_media":0,"comment_status":"closed","ping_status":"closed","sticky":false,"template":"","format":"standard","meta":{"advgb_blocks_editor_width":"","advgb_blocks_columns_visual_guide":"","footnotes":""},"categories":[2480,34,47,403,449],"tags":[35],"class_list":["post-21844","post","type-post","status-publish","format-standard","hentry","category-cristiano-zanin","category-g1","category-politica","category-senado","category-stf","tag-g1"],"author_meta":{"display_name":"Reuters","author_link":"https:\/\/sindaopcpb.org.br\/author\/reuters\/"},"featured_img":null,"coauthors":[],"tax_additional":{"categories":{"linked":["<a href=\"https:\/\/sindaopcpb.org.br\/cristiano-zanin\/\" class=\"advgb-post-tax-term\">Cristiano Zanin<\/a>","<a href=\"https:\/\/sindaopcpb.org.br\/g1\/\" class=\"advgb-post-tax-term\">G1<\/a>","<a href=\"https:\/\/sindaopcpb.org.br\/politica\/\" class=\"advgb-post-tax-term\">POLITICA<\/a>","<a href=\"https:\/\/sindaopcpb.org.br\/senado\/\" class=\"advgb-post-tax-term\">Senado<\/a>","<a href=\"https:\/\/sindaopcpb.org.br\/stf\/\" class=\"advgb-post-tax-term\">STF<\/a>"],"unlinked":["<span class=\"advgb-post-tax-term\">Cristiano Zanin<\/span>","<span class=\"advgb-post-tax-term\">G1<\/span>","<span class=\"advgb-post-tax-term\">POLITICA<\/span>","<span class=\"advgb-post-tax-term\">Senado<\/span>","<span class=\"advgb-post-tax-term\">STF<\/span>"]},"tags":{"linked":["<a href=\"https:\/\/sindaopcpb.org.br\/stf\/\" class=\"advgb-post-tax-term\">g1<\/a>"],"unlinked":["<span class=\"advgb-post-tax-term\">g1<\/span>"]}},"comment_count":"0","relative_dates":{"created":"Publicado 3 anos atr\u00e1s","modified":"Atualizado 3 anos atr\u00e1s"},"absolute_dates":{"created":"Publicado em 21 de junho de 2023","modified":"Atualizado em 21 de junho de 2023"},"absolute_dates_time":{"created":"Publicado em 21 de junho de 2023 14:22","modified":"Atualizado em 21 de junho de 2023 14:22"},"featured_img_caption":"","series_order":"","_links":{"self":[{"href":"https:\/\/sindaopcpb.org.br\/index.php\/wp-json\/wp\/v2\/posts\/21844","targetHints":{"allow":["GET"]}}],"collection":[{"href":"https:\/\/sindaopcpb.org.br\/index.php\/wp-json\/wp\/v2\/posts"}],"about":[{"href":"https:\/\/sindaopcpb.org.br\/index.php\/wp-json\/wp\/v2\/types\/post"}],"author":[{"embeddable":true,"href":"https:\/\/sindaopcpb.org.br\/index.php\/wp-json\/wp\/v2\/users\/46"}],"replies":[{"embeddable":true,"href":"https:\/\/sindaopcpb.org.br\/index.php\/wp-json\/wp\/v2\/comments?post=21844"}],"version-history":[{"count":1,"href":"https:\/\/sindaopcpb.org.br\/index.php\/wp-json\/wp\/v2\/posts\/21844\/revisions"}],"predecessor-version":[{"id":21845,"href":"https:\/\/sindaopcpb.org.br\/index.php\/wp-json\/wp\/v2\/posts\/21844\/revisions\/21845"}],"wp:attachment":[{"href":"https:\/\/sindaopcpb.org.br\/index.php\/wp-json\/wp\/v2\/media?parent=21844"}],"wp:term":[{"taxonomy":"category","embeddable":true,"href":"https:\/\/sindaopcpb.org.br\/index.php\/wp-json\/wp\/v2\/categories?post=21844"},{"taxonomy":"post_tag","embeddable":true,"href":"https:\/\/sindaopcpb.org.br\/index.php\/wp-json\/wp\/v2\/tags?post=21844"}],"curies":[{"name":"wp","href":"https:\/\/api.w.org\/{rel}","templated":true}]}}