{"id":21838,"date":"2023-06-21T14:41:46","date_gmt":"2023-06-21T17:41:46","guid":{"rendered":"https:\/\/g1.globo.com\/pb\/paraiba\/noticia\/2023\/06\/21\/ufpb-abre-processo-seletivo-com-424-vagas-para-ingresso-de-graduados-saiba-quem-pode-concorrer.ghtml"},"modified":"2023-06-21T14:41:46","modified_gmt":"2023-06-21T17:41:46","slug":"ufpb-abre-processo-seletivo-com-424-vagas-para-ingresso-de-graduados-saiba-quem-pode-concorrer","status":"publish","type":"post","link":"https:\/\/sindaopcpb.org.br\/index.php\/2023\/06\/21\/ufpb-abre-processo-seletivo-com-424-vagas-para-ingresso-de-graduados-saiba-quem-pode-concorrer\/","title":{"rendered":"UFPB abre processo seletivo com 424 vagas para ingresso de graduados; saiba quem pode concorrer"},"content":{"rendered":"   <img src=\"https:\/\/s2.glbimg.com\/w29XGK52k6W1JNtzviWzqocHPo0=\/i.s3.glbimg.com\/v1\/AUTH_59edd422c0c84a879bd37670ae4f538a\/internal_photos\/bs\/2021\/1\/5\/d0U9PGSYWmPPBoW8yXiw\/ufpb.jpg\" \/><br \/>     Vagas dispon\u00edveis em 92 cursos de gradua\u00e7\u00e3o presenciais nos quatro campi da UFPB para ingresso no per\u00edodo letivo 2023.1 UFPB \nUFPB\/Divulga\u00e7\u00e3o\nA Universidade Federal da Para\u00edba divulgou, nesta quarta-feira (21), o edital do Processo Seletivo para Ingresso de Graduados (PSIG) no per\u00edodo letivo 2023.1 com 424 vagas. As incri\u00e7\u00f5es est\u00e3o abertas at\u00e9 o dia 27 de junho para vagas dispon\u00edveis em 92 cursos de gradua\u00e7\u00e3o presenciais nos quatro campi da UFPB: Jo\u00e3o Pessoa, Areia, Bananeiras e Rio Tinto\/Mamanguape.\nConfira edital do Processo Seletivo para Ingresso de Graduados\nAs inscri\u00e7\u00f5es s\u00e3o realizadas, exclusivamente, atrav\u00e9s do Sistema Integrado de Gest\u00e3o das Atividades Acad\u00eamicas (SIGAA). Na op\u00e7\u00e3o PSIG 2023.1, o candidato deve preencher o formul\u00e1rio de inscri\u00e7\u00e3o e enviar a documenta\u00e7\u00e3o exigida no edital.\nPara os candidatos sem direito \u00e0 isen\u00e7\u00e3o da taxa de inscri\u00e7\u00e3o, \u00e9 necess\u00e1rio realizar o pagamento da Guia de Recolhimento da Uni\u00e3o (GRU), no valor de R$ 51,56, at\u00e9 o dia 28 de junho.\nO resultado preliminar do PSIG deve ser publicado a partir do dia 20 de julho, na p\u00e1gina da Pr\u00f3-Reitoria de Gradua\u00e7\u00e3o (PRG). O resultado definitivo deve ser divulgado a partir de 31 de julho, ap\u00f3s o per\u00edodo de interposi\u00e7\u00e3o de recursos.\nO cadastramento dos classificados ser\u00e1 realizado de forma remota, nos dias 1 e 2 de agosto.\nQuem pode concorrer?\nCada candidato poder\u00e1 realizar apenas uma inscri\u00e7\u00e3o no PSIG 2023.1 e poder\u00e1 concorrer o candidato com diploma de gradua\u00e7\u00e3o obtido em qualquer institui\u00e7\u00e3o de ensino superior, desde que reconhecido pelo Minist\u00e9rio da Educa\u00e7\u00e3o (MEC), e com Coeficiente de Rendimento Acad\u00eamico (CRA) igual ou superior a 7,0.\nDo total das vagas, 14 s\u00e3o oferecidas para os cursos de M\u00fasica (Bacharelado e Licenciatura). Os candidatos ser\u00e3o submetidos a uma prova de conhecimentos espec\u00edficos. A nota da prova ser\u00e1 considerada para classifica\u00e7\u00e3o junto ao CRA informado no hist\u00f3rico escolar.\nPara os outros cursos, n\u00e3o haver\u00e1 aplica\u00e7\u00e3o de prova e ser\u00e1 considerado apenas o CRA.\nV\u00eddeos mais assistidos do g1  Para\u00edba  ","protected":false},"excerpt":{"rendered":"<p>        Vagas dispon\u00edveis em 92 cursos de gradua\u00e7\u00e3o presenciais nos quatro campi da UFPB para ingresso no per\u00edodo letivo 2023.1 UFPB<br \/>\nUFPB\/Divulga\u00e7\u00e3o<br \/>\nA Universidade Federal da Para\u00edba divulgou, nesta quarta-feira (21), o edital do Processo Seletivo par&#8230;<\/p>\n","protected":false},"author":2,"featured_media":0,"comment_status":"closed","ping_status":"closed","sticky":false,"template":"","format":"standard","meta":{"advgb_blocks_editor_width":"","advgb_blocks_columns_visual_guide":"","footnotes":""},"categories":[34],"tags":[35],"class_list":["post-21838","post","type-post","status-publish","format-standard","hentry","category-g1","tag-g1"],"author_meta":{"display_name":"g1 &gt; Para\u00edba","author_link":"https:\/\/sindaopcpb.org.br\/author\/g1-paraiba\/"},"featured_img":null,"coauthors":[],"tax_additional":{"categories":{"linked":["<a href=\"https:\/\/sindaopcpb.org.br\/g1\/\" class=\"advgb-post-tax-term\">G1<\/a>"],"unlinked":["<span class=\"advgb-post-tax-term\">G1<\/span>"]},"tags":{"linked":["<a href=\"https:\/\/sindaopcpb.org.br\/g1\/\" class=\"advgb-post-tax-term\">g1<\/a>"],"unlinked":["<span class=\"advgb-post-tax-term\">g1<\/span>"]}},"comment_count":"0","relative_dates":{"created":"Publicado 3 anos atr\u00e1s","modified":"Atualizado 3 anos atr\u00e1s"},"absolute_dates":{"created":"Publicado em 21 de junho de 2023","modified":"Atualizado em 21 de junho de 2023"},"absolute_dates_time":{"created":"Publicado em 21 de junho de 2023 14:41","modified":"Atualizado em 21 de junho de 2023 14:41"},"featured_img_caption":"","series_order":"","_links":{"self":[{"href":"https:\/\/sindaopcpb.org.br\/index.php\/wp-json\/wp\/v2\/posts\/21838","targetHints":{"allow":["GET"]}}],"collection":[{"href":"https:\/\/sindaopcpb.org.br\/index.php\/wp-json\/wp\/v2\/posts"}],"about":[{"href":"https:\/\/sindaopcpb.org.br\/index.php\/wp-json\/wp\/v2\/types\/post"}],"author":[{"embeddable":true,"href":"https:\/\/sindaopcpb.org.br\/index.php\/wp-json\/wp\/v2\/users\/2"}],"replies":[{"embeddable":true,"href":"https:\/\/sindaopcpb.org.br\/index.php\/wp-json\/wp\/v2\/comments?post=21838"}],"version-history":[{"count":1,"href":"https:\/\/sindaopcpb.org.br\/index.php\/wp-json\/wp\/v2\/posts\/21838\/revisions"}],"predecessor-version":[{"id":21839,"href":"https:\/\/sindaopcpb.org.br\/index.php\/wp-json\/wp\/v2\/posts\/21838\/revisions\/21839"}],"wp:attachment":[{"href":"https:\/\/sindaopcpb.org.br\/index.php\/wp-json\/wp\/v2\/media?parent=21838"}],"wp:term":[{"taxonomy":"category","embeddable":true,"href":"https:\/\/sindaopcpb.org.br\/index.php\/wp-json\/wp\/v2\/categories?post=21838"},{"taxonomy":"post_tag","embeddable":true,"href":"https:\/\/sindaopcpb.org.br\/index.php\/wp-json\/wp\/v2\/tags?post=21838"}],"curies":[{"name":"wp","href":"https:\/\/api.w.org\/{rel}","templated":true}]}}