{"id":21836,"date":"2023-06-21T14:46:38","date_gmt":"2023-06-21T17:46:38","guid":{"rendered":"https:\/\/g1.globo.com\/pb\/paraiba\/noticia\/2023\/06\/21\/video-mostra-momento-em-que-homem-e-morto-em-praia-de-joao-pessoa.ghtml"},"modified":"2023-06-21T14:46:38","modified_gmt":"2023-06-21T17:46:38","slug":"video-mostra-momento-em-que-homem-e-morto-em-praia-de-joao-pessoa","status":"publish","type":"post","link":"https:\/\/sindaopcpb.org.br\/index.php\/2023\/06\/21\/video-mostra-momento-em-que-homem-e-morto-em-praia-de-joao-pessoa\/","title":{"rendered":"V\u00eddeo mostra momento em que homem \u00e9 morto em praia de Jo\u00e3o Pessoa"},"content":{"rendered":"   <img src=\"https:\/\/s2.glbimg.com\/8Eba0CDXebmGxfsQVjFYUb5lNeU=\/i.s3.glbimg.com\/v1\/AUTH_59edd422c0c84a879bd37670ae4f538a\/internal_photos\/bs\/2023\/d\/g\/Vz0AvwT1yooDdQUvIQWQ\/bessa-2-.jpg\" \/><br \/>     Caso aconteceu na segunda-feira (19), na praia do Bessa. V\u00eddeo mostra dois homens pr\u00f3ximos \u00e0 v\u00edtima e um deles efetua v\u00e1rios disparos.  V\u00eddeo mostra momento em que homem \u00e9 morto em praia de Jo\u00e3o Pessoa\nUm v\u00eddeo mostra o momento em que um homem foi morto a tiros, no final da manh\u00e3 desta segunda-feira (19), na Praia do Bessa, em Jo\u00e3o Pessoa. As imagens foram registradas por uma pessoa que estava em um dos im\u00f3veis com vista para o local onde o crime aconteceu. \nCompartilhe esta not\u00edcia no WhatsApp \nCompartilhe esta not\u00edcia no Telegram \nNo v\u00eddeo, \u00e9 poss\u00edvel ver dois homens pr\u00f3ximos \u00e0 v\u00edtima e um deles efetua v\u00e1rios tiros. Dois banhistas s\u00e3o vistos correndo. Em seguida, o homem que atirou coloca um capacete na cabe\u00e7a, e os dois suspeitos saem correndo. \nSegundo informa\u00e7\u00f5es de testemunhas \u00e0 Pol\u00edcia, Djailson de Fran\u00e7a Lima, de 33 anos, estava pescando com familiares quando dois homens chegaram em uma moto e dispararam contra ele, que tentou fugir, mas n\u00e3o conseguiu. At\u00e9 a \u00faltima atualiza\u00e7\u00e3o desta not\u00edcia, nenhum suspeito chegou a ser identificado ou preso. \nV\u00eddeo mostra momento em que homen \u00e9 morto em praia de Jo\u00e3o Pessoa\nReprodu\u00e7\u00e3o\/TV Cabo Branco\nDe acordo com a delegada Vanderl\u00e9ia Gadi, familiares relataram que a v\u00edtima estava em liberdade h\u00e1 aproximadamente 3 meses, por crime contra o patrim\u00f4nio, e estava morando com parentes em Jo\u00e3o Pessoa.\nDjailson, que era natural de Mari, estava pescando pela primeira vez nesta segunda-feira (19) acompanhado do cunhado, que pesca com frequ\u00eancia, e dos sobrinhos quando foram surpreendidos pelos dois homens.\nAinda de acordo com a delegada, c\u00e2meras de monitoramento nas proximidades do local ser\u00e3o analisadas e a pol\u00edcia segue investigando o caso.\nV\u00eddeos mais assistidos do g1 Para\u00edba  ","protected":false},"excerpt":{"rendered":"<p>        Caso aconteceu na segunda-feira (19), na praia do Bessa. V\u00eddeo mostra dois homens pr\u00f3ximos \u00e0 v\u00edtima e um deles efetua v\u00e1rios disparos.  V\u00eddeo mostra momento em que homem \u00e9 morto em praia de Jo\u00e3o Pessoa<br \/>\nUm v\u00eddeo mostra o momento em que um homem &#8230;<\/p>\n","protected":false},"author":2,"featured_media":0,"comment_status":"closed","ping_status":"closed","sticky":false,"template":"","format":"standard","meta":{"advgb_blocks_editor_width":"","advgb_blocks_columns_visual_guide":"","footnotes":""},"categories":[34],"tags":[35],"class_list":["post-21836","post","type-post","status-publish","format-standard","hentry","category-g1","tag-g1"],"author_meta":{"display_name":"g1 &gt; Para\u00edba","author_link":"https:\/\/sindaopcpb.org.br\/author\/g1-paraiba\/"},"featured_img":null,"coauthors":[],"tax_additional":{"categories":{"linked":["<a href=\"https:\/\/sindaopcpb.org.br\/g1\/\" class=\"advgb-post-tax-term\">G1<\/a>"],"unlinked":["<span class=\"advgb-post-tax-term\">G1<\/span>"]},"tags":{"linked":["<a href=\"https:\/\/sindaopcpb.org.br\/g1\/\" class=\"advgb-post-tax-term\">g1<\/a>"],"unlinked":["<span class=\"advgb-post-tax-term\">g1<\/span>"]}},"comment_count":"0","relative_dates":{"created":"Publicado 3 anos atr\u00e1s","modified":"Atualizado 3 anos atr\u00e1s"},"absolute_dates":{"created":"Publicado em 21 de junho de 2023","modified":"Atualizado em 21 de junho de 2023"},"absolute_dates_time":{"created":"Publicado em 21 de junho de 2023 14:46","modified":"Atualizado em 21 de junho de 2023 14:46"},"featured_img_caption":"","series_order":"","_links":{"self":[{"href":"https:\/\/sindaopcpb.org.br\/index.php\/wp-json\/wp\/v2\/posts\/21836","targetHints":{"allow":["GET"]}}],"collection":[{"href":"https:\/\/sindaopcpb.org.br\/index.php\/wp-json\/wp\/v2\/posts"}],"about":[{"href":"https:\/\/sindaopcpb.org.br\/index.php\/wp-json\/wp\/v2\/types\/post"}],"author":[{"embeddable":true,"href":"https:\/\/sindaopcpb.org.br\/index.php\/wp-json\/wp\/v2\/users\/2"}],"replies":[{"embeddable":true,"href":"https:\/\/sindaopcpb.org.br\/index.php\/wp-json\/wp\/v2\/comments?post=21836"}],"version-history":[{"count":1,"href":"https:\/\/sindaopcpb.org.br\/index.php\/wp-json\/wp\/v2\/posts\/21836\/revisions"}],"predecessor-version":[{"id":21837,"href":"https:\/\/sindaopcpb.org.br\/index.php\/wp-json\/wp\/v2\/posts\/21836\/revisions\/21837"}],"wp:attachment":[{"href":"https:\/\/sindaopcpb.org.br\/index.php\/wp-json\/wp\/v2\/media?parent=21836"}],"wp:term":[{"taxonomy":"category","embeddable":true,"href":"https:\/\/sindaopcpb.org.br\/index.php\/wp-json\/wp\/v2\/categories?post=21836"},{"taxonomy":"post_tag","embeddable":true,"href":"https:\/\/sindaopcpb.org.br\/index.php\/wp-json\/wp\/v2\/tags?post=21836"}],"curies":[{"name":"wp","href":"https:\/\/api.w.org\/{rel}","templated":true}]}}