{"id":21824,"date":"2023-06-21T14:25:01","date_gmt":"2023-06-21T17:25:01","guid":{"rendered":"https:\/\/wpa.wscom.com.br\/?p=907421"},"modified":"2023-06-21T14:25:01","modified_gmt":"2023-06-21T17:25:01","slug":"apos-passar-mal-marcos-do-val-deixa-cpmi-dos-atos-golpistas","status":"publish","type":"post","link":"https:\/\/sindaopcpb.org.br\/index.php\/2023\/06\/21\/apos-passar-mal-marcos-do-val-deixa-cpmi-dos-atos-golpistas\/","title":{"rendered":"Ap\u00f3s passar mal, Marcos do Val deixa CPMI dos Atos Golpistas"},"content":{"rendered":"<p>&nbsp;<\/p>\n<p>&nbsp;<\/p>\n<p>O senador Marcos do Val (Podemos-ES) acatou as orienta\u00e7\u00f5es de colegas e aliados e optou por se retirar da Comiss\u00e3o Parlamentar Mista de Inqu\u00e9rito (CPMI) que apura os atos golpistas do dia 8 de janeiro. Segundo a coluna da jornalista\u00a0Bela Megale, do jornal O Globo, a lideran\u00e7a do partido j\u00e1 encaminhou \u00e0 comiss\u00e3o a documenta\u00e7\u00e3o necess\u00e1ria para oficializar a desvincula\u00e7\u00e3o do parlamentar e a nomea\u00e7\u00e3o do senador Marcos Rog\u00e9rio (PL-RO), como substituto. ,<\/p>\n<p>De acordo com a reportagem, Marcos do Val tomou a decis\u00e3o de deixar a CPMI ap\u00f3s uma\u00a0crise de press\u00e3o alta e taquicardia na ter\u00e7a-feira (20). Ele foi atendido no posto m\u00e9dico do Senado e, posteriormente, encaminhado a um hospital em Bras\u00edlia.<\/p>\n<p>Na semana passada, o parlamentar foi alvo de uma opera\u00e7\u00e3o da Pol\u00edcia Federal que investiga o seu suposto envolvimento em um plano de golpe de estado. Desde ent\u00e3o, Do Val vinha sendo pressionado a se retirar do colegiado.<\/p>\n<p>O post <a rel=\"nofollow noopener\" href=\"https:\/\/wscom.com.br\/apos-passar-mal-marcos-do-val-deixa-cpmi-dos-atos-golpistas\/\" target=\"_blank\">Ap\u00f3s passar mal, Marcos do Val deixa CPMI dos Atos Golpistas<\/a> apareceu primeiro em <a rel=\"nofollow noopener\" href=\"https:\/\/wscom.com.br\/\" target=\"_blank\">WSCOM<\/a>.<\/p>\n","protected":false},"excerpt":{"rendered":"<p>\u00a0 \u00a0 O senador Marcos do Val (Podemos-ES) acatou as orienta\u00e7\u00f5es de colegas e aliados e optou por se retirar da Comiss\u00e3o Parlamentar Mista de Inqu\u00e9rito (CPMI) que apura os atos golpistas do dia 8 de janeiro. Segundo a coluna da jornalista\u00a0Bela Megale, do jornal O Globo, a lideran\u00e7a do partido j\u00e1 encaminhou \u00e0 comiss\u00e3o [\u2026]<\/p>\n<p>O post <a rel=\"nofollow\" href=\"https:\/\/wscom.com.br\/apos-passar-mal-marcos-do-val-deixa-cpmi-dos-atos-golpistas\/\">Ap\u00f3s passar mal, Marcos do Val deixa CPMI dos Atos Golpistas<\/a> apareceu primeiro em <a rel=\"nofollow\" href=\"https:\/\/wscom.com.br\/\">WSCOM<\/a>.<\/p>\n","protected":false},"author":42,"featured_media":0,"comment_status":"closed","ping_status":"closed","sticky":false,"template":"","format":"standard","meta":{"advgb_blocks_editor_width":"","advgb_blocks_columns_visual_guide":"","footnotes":""},"categories":[4954,34,4776,5040,47,5041,5042],"tags":[35],"class_list":["post-21824","post","type-post","status-publish","format-standard","hentry","category-cpmi-do-golpe","category-g1","category-marcos-do-val","category-passar-mal","category-politica","category-pressao-alta","category-taquicardia","tag-g1"],"author_meta":{"display_name":"Rafael Andrade","author_link":"https:\/\/sindaopcpb.org.br\/author\/rafael-andrade\/"},"featured_img":null,"coauthors":[],"tax_additional":{"categories":{"linked":["<a href=\"https:\/\/sindaopcpb.org.br\/cpmi-do-golpe\/\" class=\"advgb-post-tax-term\">CPMI do Golpe<\/a>","<a href=\"https:\/\/sindaopcpb.org.br\/g1\/\" class=\"advgb-post-tax-term\">G1<\/a>","<a href=\"https:\/\/sindaopcpb.org.br\/marcos-do-val\/\" class=\"advgb-post-tax-term\">Marcos do Val<\/a>","<a href=\"https:\/\/sindaopcpb.org.br\/passar-mal\/\" class=\"advgb-post-tax-term\">Passar mal<\/a>","<a href=\"https:\/\/sindaopcpb.org.br\/politica\/\" class=\"advgb-post-tax-term\">POLITICA<\/a>","<a href=\"https:\/\/sindaopcpb.org.br\/pressao-alta\/\" class=\"advgb-post-tax-term\">press\u00e3o alta<\/a>","<a href=\"https:\/\/sindaopcpb.org.br\/taquicardia\/\" class=\"advgb-post-tax-term\">Taquicardia<\/a>"],"unlinked":["<span class=\"advgb-post-tax-term\">CPMI do Golpe<\/span>","<span class=\"advgb-post-tax-term\">G1<\/span>","<span class=\"advgb-post-tax-term\">Marcos do Val<\/span>","<span class=\"advgb-post-tax-term\">Passar mal<\/span>","<span class=\"advgb-post-tax-term\">POLITICA<\/span>","<span class=\"advgb-post-tax-term\">press\u00e3o alta<\/span>","<span class=\"advgb-post-tax-term\">Taquicardia<\/span>"]},"tags":{"linked":["<a href=\"https:\/\/sindaopcpb.org.br\/taquicardia\/\" class=\"advgb-post-tax-term\">g1<\/a>"],"unlinked":["<span class=\"advgb-post-tax-term\">g1<\/span>"]}},"comment_count":"0","relative_dates":{"created":"Publicado 3 anos atr\u00e1s","modified":"Atualizado 3 anos atr\u00e1s"},"absolute_dates":{"created":"Publicado em 21 de junho de 2023","modified":"Atualizado em 21 de junho de 2023"},"absolute_dates_time":{"created":"Publicado em 21 de junho de 2023 14:25","modified":"Atualizado em 21 de junho de 2023 14:25"},"featured_img_caption":"","series_order":"","_links":{"self":[{"href":"https:\/\/sindaopcpb.org.br\/index.php\/wp-json\/wp\/v2\/posts\/21824","targetHints":{"allow":["GET"]}}],"collection":[{"href":"https:\/\/sindaopcpb.org.br\/index.php\/wp-json\/wp\/v2\/posts"}],"about":[{"href":"https:\/\/sindaopcpb.org.br\/index.php\/wp-json\/wp\/v2\/types\/post"}],"author":[{"embeddable":true,"href":"https:\/\/sindaopcpb.org.br\/index.php\/wp-json\/wp\/v2\/users\/42"}],"replies":[{"embeddable":true,"href":"https:\/\/sindaopcpb.org.br\/index.php\/wp-json\/wp\/v2\/comments?post=21824"}],"version-history":[{"count":1,"href":"https:\/\/sindaopcpb.org.br\/index.php\/wp-json\/wp\/v2\/posts\/21824\/revisions"}],"predecessor-version":[{"id":21825,"href":"https:\/\/sindaopcpb.org.br\/index.php\/wp-json\/wp\/v2\/posts\/21824\/revisions\/21825"}],"wp:attachment":[{"href":"https:\/\/sindaopcpb.org.br\/index.php\/wp-json\/wp\/v2\/media?parent=21824"}],"wp:term":[{"taxonomy":"category","embeddable":true,"href":"https:\/\/sindaopcpb.org.br\/index.php\/wp-json\/wp\/v2\/categories?post=21824"},{"taxonomy":"post_tag","embeddable":true,"href":"https:\/\/sindaopcpb.org.br\/index.php\/wp-json\/wp\/v2\/tags?post=21824"}],"curies":[{"name":"wp","href":"https:\/\/api.w.org\/{rel}","templated":true}]}}