{"id":21822,"date":"2023-06-21T12:53:00","date_gmt":"2023-06-21T15:53:00","guid":{"rendered":"https:\/\/www.infomoney.com.br\/?p=2165938"},"modified":"2023-06-21T12:53:00","modified_gmt":"2023-06-21T15:53:00","slug":"minha-casa-minha-vida-governo-vai-fazer-mudancas-para-estimular-autofinanciamento","status":"publish","type":"post","link":"https:\/\/sindaopcpb.org.br\/index.php\/2023\/06\/21\/minha-casa-minha-vida-governo-vai-fazer-mudancas-para-estimular-autofinanciamento\/","title":{"rendered":"Minha Casa, Minha Vida: governo vai fazer mudan\u00e7as para estimular autofinanciamento"},"content":{"rendered":"<p><img loading=\"lazy\" width=\"300\" height=\"225\" src=\"https:\/\/www.infomoney.com.br\/wp-content\/uploads\/2023\/01\/rui_costa_fcpzzb_abr_0601233611.jpg?fit=300%2C225&amp;quality=70&amp;strip=all\" class=\"attachment-medium size-medium wp-post-image\" alt=\"\" decoding=\"async\" style=\"float:right; margin:0 0 10px 10px;\" srcset=\"https:\/\/www.infomoney.com.br\/wp-content\/uploads\/2023\/01\/rui_costa_fcpzzb_abr_0601233611.jpg?w=1024&amp;quality=70&amp;strip=all 1024w, https:\/\/www.infomoney.com.br\/wp-content\/uploads\/2023\/01\/rui_costa_fcpzzb_abr_0601233611.jpg?w=300&amp;quality=70&amp;strip=all 300w, https:\/\/www.infomoney.com.br\/wp-content\/uploads\/2023\/01\/rui_costa_fcpzzb_abr_0601233611.jpg?w=768&amp;quality=70&amp;strip=all 768w, https:\/\/www.infomoney.com.br\/wp-content\/uploads\/2023\/01\/rui_costa_fcpzzb_abr_0601233611.jpg?w=150&amp;quality=70&amp;strip=all 150w\" sizes=\"auto, (max-width: 300px) 100vw, 300px\" data-attachment-id=\"2024752\" data-permalink=\"https:\/\/www.infomoney.com.br\/politica\/ministro-do-trabalho-vai-convocar-pronunciamento-sobre-salario-minimo-diz-rui-costa\/attachment\/ministro-da-casa-civil-rui-costa-fala-a-imprensa-apos-reuniao-ministerial\/\" data-orig-file=\"https:\/\/www.infomoney.com.br\/wp-content\/uploads\/2023\/01\/rui_costa_fcpzzb_abr_0601233611.jpg?fit=1024%2C768&amp;quality=70&amp;strip=all\" data-orig-size=\"1024,768\" data-comments-opened=\"0\" data-image-meta=\"{&quot;aperture&quot;:&quot;3.5&quot;,&quot;credit&quot;:&quot;Fabio Rodrigues-Pozzebom\\\/ Ag\\u00eancia Brasil&quot;,&quot;camera&quot;:&quot;Canon EOS 7D Mark II&quot;,&quot;caption&quot;:&quot;Ministro da Casa Civil, Rui Costa, fala \\u00e0 imprensa ap\\u00f3s reuni\\u00e3o ministerial&quot;,&quot;created_timestamp&quot;:&quot;1673016449&quot;,&quot;copyright&quot;:&quot;Ag\\u00eancia Brasil\\\/EBC&quot;,&quot;focal_length&quot;:&quot;200&quot;,&quot;iso&quot;:&quot;800&quot;,&quot;shutter_speed&quot;:&quot;0.005&quot;,&quot;title&quot;:&quot;Ministro da Casa Civil, Rui Costa, fala \\u00e0 imprensa ap\\u00f3s reuni\\u00e3o ministerial&quot;,&quot;orientation&quot;:&quot;1&quot;}\" data-image-title=\"Rui Costa\" data-image-description=\"\" data-image-caption=\"&lt;p&gt;O ministro da Casa Civil, Rui Costa (PT), fala \u00e0 imprensa ap\u00f3s reuni\u00e3o ministerial (Foto: Fabio Rodrigues-Pozzebom\/ Ag\u00eancia Brasil)&lt;\/p&gt;\n\" data-medium-file=\"https:\/\/www.infomoney.com.br\/wp-content\/uploads\/2023\/01\/rui_costa_fcpzzb_abr_0601233611.jpg?fit=300%2C225&amp;quality=70&amp;strip=all\" data-large-file=\"https:\/\/www.infomoney.com.br\/wp-content\/uploads\/2023\/01\/rui_costa_fcpzzb_abr_0601233611.jpg?fit=1024%2C768&amp;quality=70&amp;strip=all\" title=\"\"><\/p>\n<p>O ministro da Casa Civil, Rui Costa (PT), afirmou que o governo federal vai fazer mudan&ccedil;as no Minha Casa, Minha Vida (MCMV) para estimular o autofinanciamento. Ele ressaltou, no entanto, que o Fundo de Garantia do Tempo de Servi&ccedil;o (<a href=\"https:\/\/www.infomoney.com.br\/guias\/fgts\/\" rel=\"nofollow noopener\" target=\"_blank\">FGTS<\/a>) e o Or&ccedil;amento da Uni&atilde;o seguir&atilde;o como as fontes de recursos do programa habitacional<\/p>\n<p>&ldquo;H&aacute; mudan&ccedil;as no programa no sentido de estimular o autofinanciamento. Naquela faixa intermedi&aacute;ria, em que &eacute; subsidiado 100% do financiado, n&oacute;s aumentamos um pouco o est&iacute;mulo, diminuindo a parcela de entrada&rdquo;, afirmou o ministro na ter&ccedil;a-feira (20). &ldquo;Com isso, a gente quer estimular que as pessoas que ficavam na faixa totalmente subsidiada migrem para apartamento melhor, casa melhor&rdquo;.<\/p>\n<p>Outra novidade para o MCMV ser&aacute; <a href=\"https:\/\/www.infomoney.com.br\/minhas-financas\/minha-casa-minha-vida-fgts-futuro-deve-comecar-a-ser-usado-em-financiamentos-no-2o-semestre\/\" rel=\"nofollow noopener\" target=\"_blank\">o uso do &ldquo;FGTS futuro&rdquo; em financiamentos a partir do segundo semestre deste ano<\/a>. Segundo a vice-presidente de habita&ccedil;&atilde;o da Caixa Econ&ocirc;mica Federal, In&ecirc;s Magalh&atilde;es, s&oacute; faltam ajustes de sistema do pr&oacute;prio banco.<\/p>\n<div class=\"cta-middle\">\n<div class=\"im-cta\" data-optimize-id=\"112\">\n<div class=\"im-shortcode-forms bg-light bg-opacity-25 border rounded-4 p-3 p-sm-4 p-md-3 p-lg-4 px-xxl-5 my-5\" data-configuration='{\"form_name\":false,\"form_hat\":\"Masterclass\",\"form_email\":true,\"form_icon\":\"course\",\"form_phone\":false,\"form_campaign\":\"RFT\",\"form_thankyou\":\"\",\"form_journey\":\"APIEvent-6cf4ee7f-bae4-e0e2-cc3b-033332b04780\",\"form_button\":\"Quero participar\",\"form_context\":\"curso-livre\",\"form_origin\":\"https:\\\/\\\/www.infomoney.com.br\\\/politica\\\/feed\\\/?utm_medium=materia&#038;utm_source=infomoney&#038;utm_campaign=202305_rft_axp_lead&#038;utm_term=&#038;utm_content=\",\"form_position\":\"meio\",\"form_category\":\"cta_form\"}'>\n<div class=\"d-flex flex-column align-items-center align-items-lg-start mb-4 flex-lg-row\">\n<div class=\"rounded-circle mb-2 mb-lg-0 mr-lg-4 me-lg-4 p-3 p-lg-4 bg-red-500\"><svg width=\"40\" height=\"40\" viewBox=\"0 0 40 40\" fill=\"none\" xmlns=\"http:\/\/www.w3.org\/2000\/svg\"><path d=\"M19.958 33.083 8.833 27v-9.042L3.417 15l16.541-9.042L36.583 15v11.875h-1.875v-10.75l-3.583 1.833V27l-11.167 6.083Zm0-11.208L32.625 15 19.958 8.208 7.375 15l12.583 6.875Zm0 9.042 9.25-5.084v-6.75l-9.25 4.959-9.25-5v6.791l9.25 5.084Z\" fill=\"#fff\"\/><\/svg><\/div>\n<div class=\"flex-fill text-center text-lg-left\">\n<div class=\"h6 small text-orange-700 lh-base mb-1\">Masterclass<\/div>\n<div class=\"text-body h4 m-0\">O Poder da Renda Fixa Turbo<\/div>\n<div class=\"text-body small lh-base mt-2\">Aprenda na pr&aacute;tica como aumentar o seu patrim&ocirc;nio com rentabilidade, simplicidade e seguran&ccedil;a (e ainda ganhe 02 presentes do InfoMoney)<\/div>\n<\/div>\n<\/div>\n<\/div>\n<\/div>\n<\/div>\n<p>O uso das parcelas futuras do FGTS em financiamentos do programa habitacional <a href=\"https:\/\/www.infomoney.com.br\/minhas-financas\/conselho-regulamenta-uso-do-fgts-futuro-em-financiamentos-imobiliarios-saiba-como-vai-funcionar\/\" rel=\"nofollow noopener\" target=\"_blank\">foi autorizado pelo Conselho Curador do fundo de garantia no ano passado<\/a>, ainda no governo Jair Bolsonaro (PL).<\/p>\n<p>A medida permite que trabalhadores de baixa renda (com renda familiar mensal de at&eacute; R$ 2,4 mil) possam usar dep&oacute;sitos futuros no fundo &nbsp;&mdash; valores que seu empregador ainda vai depositar em sua conta &mdash; para amortizar ou liquidar d&iacute;vidas imobili&aacute;rias no MCMV.<\/p>\n<p>&ldquo;Vai ser regulamentado e &eacute; importante para melhorar as condi&ccedil;&otilde;es de acesso ao programa de fam&iacute;lias de renda de R$ 2 mil a R$ 2,6 mil&rdquo;, afirmou Magalh&atilde;es. &ldquo;Pode ser a linha divis&oacute;ria entre acessar um recurso suficiente ou n&atilde;o. N&atilde;o vamos incorporar na margem de acesso ao cr&eacute;dito, mas diminui a presta&ccedil;&atilde;o das fam&iacute;lias. Pode ser um diferencial muito importante&rdquo;.<\/p>\n<p>A vice-presidente da Caixa refutou o argumento de que a medida &eacute; arriscada, devido a uma poss&iacute;vel demiss&atilde;o do trabalhador (o que acabaria com os dep&oacute;sitos futuros do empregador no FGTS do trabalhador), e disse que o saldo n&atilde;o ser&aacute; considerado na an&aacute;lise de cr&eacute;dito e n&atilde;o estar&aacute; vinculado ao &ldquo;FGTS futuro&rdquo;. &ldquo;Tem o objetivo de diminuir a presta&ccedil;&atilde;o, mas n&atilde;o incorporo na an&aacute;lise de risco&rdquo;.<\/p>\n<div class=\"infomoney-related-posts\">\n<h4>Leia tamb&eacute;m<\/h4>\n<div class=\"list\">\n<div class=\"row mx-0 item\">\n<div class=\"img-container\">\n<figure><img decoding=\"async\" class=\"img-fluid img-fluid\" src=\"https:\/\/www.infomoney.com.br\/wp-content\/uploads\/2019\/06\/minha-casa-minha-vida_direcional.jpg?quality=70&#038;w=150&#038;%23038;h=150&#038;%23038;crop=1&#038;%23038;strip=all\" data-recalc-dims=\"1\" alt=\"\" title=\"\"><\/figure>\n<\/div>\n<div class=\"info\"><span class=\"hl-hat\">Programa habitacional<\/span><span class=\"hl-title\"><a href=\"https:\/\/www.infomoney.com.br\/minhas-financas\/valor-do-imovel-do-minha-casa-minha-vida-sobe-para-r-350-mil-subsidio-aumenta-e-juros-caem\/\" rel=\"nofollow noopener\" target=\"_blank\">Valor do im&oacute;vel do Minha Casa Minha Vida sobe para R$ 350 mil; subs&iacute;dio aumenta e juros caem<\/a><\/span><\/div>\n<\/div>\n<div class=\"row mx-0 item\">\n<div class=\"img-container\">\n<figure><img decoding=\"async\" class=\"img-fluid img-fluid\" src=\"https:\/\/www.infomoney.com.br\/wp-content\/uploads\/2019\/09\/caixa-economica-federal-2.jpg?quality=70&#038;w=150&#038;%23038;h=150&#038;%23038;crop=1&#038;%23038;strip=all\" data-recalc-dims=\"1\" alt=\"\" title=\"\"><\/figure>\n<\/div>\n<div class=\"info\"><span class=\"hl-hat\">Fundo de garantia<\/span><span class=\"hl-title\"><a href=\"https:\/\/www.infomoney.com.br\/minhas-financas\/minha-casa-minha-vida-fgts-futuro-deve-comecar-a-ser-usado-em-financiamentos-no-2o-semestre\/\" rel=\"nofollow noopener\" target=\"_blank\">Minha Casa, Minha Vida: &lsquo;FGTS futuro&rsquo; deve come&ccedil;ar a ser usado em financiamentos no 2&ordm; semestre<\/a><\/span><\/div>\n<\/div>\n<\/div>\n<\/div>\n<p>The post <a rel=\"nofollow noopener\" href=\"https:\/\/www.infomoney.com.br\/minhas-financas\/minha-casa-minha-vida-governo-vai-fazer-mudancas-para-estimular-autofinanciamento\/\" target=\"_blank\">Minha Casa, Minha Vida: governo vai fazer mudan\u00e7as para estimular autofinanciamento<\/a> appeared first on <a rel=\"nofollow noopener\" href=\"https:\/\/www.infomoney.com.br\/\" target=\"_blank\">InfoMoney<\/a>.<\/p>\n","protected":false},"excerpt":{"rendered":"<p><img loading=\"lazy\" decoding=\"async\" width=\"300\" height=\"225\" src=\"https:\/\/www.infomoney.com.br\/wp-content\/uploads\/2023\/01\/rui_costa_fcpzzb_abr_0601233611.jpg?fit=300%2C225&amp;quality=70&amp;strip=all\" class=\"attachment-medium size-medium wp-post-image\" alt=\"\" data-attachment-id=\"2024752\" data-permalink=\"https:\/\/www.infomoney.com.br\/politica\/ministro-do-trabalho-vai-convocar-pronunciamento-sobre-salario-minimo-diz-rui-costa\/attachment\/ministro-da-casa-civil-rui-costa-fala-a-imprensa-apos-reuniao-ministerial\/\" data-orig-file=\"https:\/\/www.infomoney.com.br\/wp-content\/uploads\/2023\/01\/rui_costa_fcpzzb_abr_0601233611.jpg?fit=1024%2C768&amp;quality=70&amp;strip=all\" data-orig-size=\"1024,768\" data-comments-opened=\"0\" data-image-meta='{\"aperture\":\"3.5\",\"credit\":\"Fabio Rodrigues-Pozzebom\\\/ Ag\\u00eancia Brasil\",\"camera\":\"Canon EOS 7D Mark II\",\"caption\":\"Ministro da Casa Civil, Rui Costa, fala \\u00e0 imprensa ap\\u00f3s reuni\\u00e3o ministerial\",\"created_timestamp\":\"1673016449\",\"copyright\":\"Ag\\u00eancia Brasil\\\/EBC\",\"focal_length\":\"200\",\"iso\":\"800\",\"shutter_speed\":\"0.005\",\"title\":\"Ministro da Casa Civil, Rui Costa, fala \\u00e0 imprensa ap\\u00f3s reuni\\u00e3o ministerial\",\"orientation\":\"1\"}' data-image-title=\"Rui Costa\" data-image-description=\"\" data-image-caption=\"&lt;p&gt;O ministro da Casa Civil, Rui Costa (PT), fala \u00e0 imprensa ap\u00f3s reuni\u00e3o ministerial (Foto: Fabio Rodrigues-Pozzebom\/ Ag\u00eancia Brasil)&lt;\/p&gt;\n\" data-medium-file=\"https:\/\/www.infomoney.com.br\/wp-content\/uploads\/2023\/01\/rui_costa_fcpzzb_abr_0601233611.jpg?fit=300%2C225&amp;quality=70&amp;strip=all\" data-large-file=\"https:\/\/www.infomoney.com.br\/wp-content\/uploads\/2023\/01\/rui_costa_fcpzzb_abr_0601233611.jpg?fit=1024%2C768&amp;quality=70&amp;strip=all\">&#8216;A gente quer estimular que as pessoas que ficavam na faixa totalmente subsidiada migrem para apartamento melhor&#8217;, afirma ministro da Casa Civil<\/p>\n<p>The post <a rel=\"nofollow\" href=\"https:\/\/www.infomoney.com.br\/minhas-financas\/minha-casa-minha-vida-governo-vai-fazer-mudancas-para-estimular-autofinanciamento\/\">Minha Casa, Minha Vida: governo vai fazer mudan\u00e7as para estimular autofinanciamento<\/a> appeared first on <a rel=\"nofollow\" href=\"https:\/\/www.infomoney.com.br\/\">InfoMoney<\/a>.<\/p>\n","protected":false},"author":43,"featured_media":0,"comment_status":"closed","ping_status":"closed","sticky":false,"template":"","format":"standard","meta":{"advgb_blocks_editor_width":"","advgb_blocks_columns_visual_guide":"","footnotes":""},"categories":[2954,445,34,217,446,444,47,573],"tags":[35],"class_list":["post-21822","post","type-post","status-publish","format-standard","hentry","category-financiamento","category-financiamento-imobiliario","category-g1","category-imoveis","category-minha-casa-minha-vida","category-minhas-financas","category-politica","category-rui-costa","tag-g1"],"author_meta":{"display_name":"Estad\u00e3o Conte\u00fado","author_link":"https:\/\/sindaopcpb.org.br\/author\/estadao-conteudo\/"},"featured_img":null,"coauthors":[],"tax_additional":{"categories":{"linked":["<a href=\"https:\/\/sindaopcpb.org.br\/financiamento\/\" class=\"advgb-post-tax-term\">Financiamento<\/a>","<a href=\"https:\/\/sindaopcpb.org.br\/financiamento-imobiliario\/\" class=\"advgb-post-tax-term\">Financiamento Imobili\u00e1rio<\/a>","<a href=\"https:\/\/sindaopcpb.org.br\/g1\/\" class=\"advgb-post-tax-term\">G1<\/a>","<a href=\"https:\/\/sindaopcpb.org.br\/imoveis\/\" class=\"advgb-post-tax-term\">Im\u00f3veis<\/a>","<a href=\"https:\/\/sindaopcpb.org.br\/minha-casa-minha-vida\/\" class=\"advgb-post-tax-term\">Minha Casa Minha Vida<\/a>","<a href=\"https:\/\/sindaopcpb.org.br\/minhas-financas\/\" class=\"advgb-post-tax-term\">Minhas Finan\u00e7as<\/a>","<a href=\"https:\/\/sindaopcpb.org.br\/politica\/\" class=\"advgb-post-tax-term\">POLITICA<\/a>","<a href=\"https:\/\/sindaopcpb.org.br\/rui-costa\/\" class=\"advgb-post-tax-term\">Rui Costa<\/a>"],"unlinked":["<span class=\"advgb-post-tax-term\">Financiamento<\/span>","<span class=\"advgb-post-tax-term\">Financiamento Imobili\u00e1rio<\/span>","<span class=\"advgb-post-tax-term\">G1<\/span>","<span class=\"advgb-post-tax-term\">Im\u00f3veis<\/span>","<span class=\"advgb-post-tax-term\">Minha Casa Minha Vida<\/span>","<span class=\"advgb-post-tax-term\">Minhas Finan\u00e7as<\/span>","<span class=\"advgb-post-tax-term\">POLITICA<\/span>","<span class=\"advgb-post-tax-term\">Rui Costa<\/span>"]},"tags":{"linked":["<a href=\"https:\/\/sindaopcpb.org.br\/rui-costa\/\" class=\"advgb-post-tax-term\">g1<\/a>"],"unlinked":["<span class=\"advgb-post-tax-term\">g1<\/span>"]}},"comment_count":"0","relative_dates":{"created":"Publicado 3 anos atr\u00e1s","modified":"Atualizado 3 anos atr\u00e1s"},"absolute_dates":{"created":"Publicado em 21 de junho de 2023","modified":"Atualizado em 21 de junho de 2023"},"absolute_dates_time":{"created":"Publicado em 21 de junho de 2023 12:53","modified":"Atualizado em 21 de junho de 2023 12:53"},"featured_img_caption":"","series_order":"","_links":{"self":[{"href":"https:\/\/sindaopcpb.org.br\/index.php\/wp-json\/wp\/v2\/posts\/21822","targetHints":{"allow":["GET"]}}],"collection":[{"href":"https:\/\/sindaopcpb.org.br\/index.php\/wp-json\/wp\/v2\/posts"}],"about":[{"href":"https:\/\/sindaopcpb.org.br\/index.php\/wp-json\/wp\/v2\/types\/post"}],"author":[{"embeddable":true,"href":"https:\/\/sindaopcpb.org.br\/index.php\/wp-json\/wp\/v2\/users\/43"}],"replies":[{"embeddable":true,"href":"https:\/\/sindaopcpb.org.br\/index.php\/wp-json\/wp\/v2\/comments?post=21822"}],"version-history":[{"count":1,"href":"https:\/\/sindaopcpb.org.br\/index.php\/wp-json\/wp\/v2\/posts\/21822\/revisions"}],"predecessor-version":[{"id":21823,"href":"https:\/\/sindaopcpb.org.br\/index.php\/wp-json\/wp\/v2\/posts\/21822\/revisions\/21823"}],"wp:attachment":[{"href":"https:\/\/sindaopcpb.org.br\/index.php\/wp-json\/wp\/v2\/media?parent=21822"}],"wp:term":[{"taxonomy":"category","embeddable":true,"href":"https:\/\/sindaopcpb.org.br\/index.php\/wp-json\/wp\/v2\/categories?post=21822"},{"taxonomy":"post_tag","embeddable":true,"href":"https:\/\/sindaopcpb.org.br\/index.php\/wp-json\/wp\/v2\/tags?post=21822"}],"curies":[{"name":"wp","href":"https:\/\/api.w.org\/{rel}","templated":true}]}}