{"id":21820,"date":"2023-06-21T13:21:38","date_gmt":"2023-06-21T16:21:38","guid":{"rendered":"https:\/\/www.infomoney.com.br\/?p=2166600"},"modified":"2023-06-21T13:21:38","modified_gmt":"2023-06-21T16:21:38","slug":"entidades-fazem-peticao-para-defender-inelegibilidade-de-bolsonaro","status":"publish","type":"post","link":"https:\/\/sindaopcpb.org.br\/index.php\/2023\/06\/21\/entidades-fazem-peticao-para-defender-inelegibilidade-de-bolsonaro\/","title":{"rendered":"Entidades fazem peti\u00e7\u00e3o para defender inelegibilidade de Bolsonaro"},"content":{"rendered":"<p><img loading=\"lazy\" width=\"300\" height=\"200\" src=\"https:\/\/www.infomoney.com.br\/wp-content\/uploads\/2022\/06\/Bolsonaro1.jpg?fit=300%2C200&amp;quality=70&amp;strip=all\" class=\"attachment-medium size-medium wp-post-image\" alt=\"\" decoding=\"async\" style=\"float:right; margin:0 0 10px 10px;\" srcset=\"https:\/\/www.infomoney.com.br\/wp-content\/uploads\/2022\/06\/Bolsonaro1.jpg?w=799&amp;quality=70&amp;strip=all 799w, https:\/\/www.infomoney.com.br\/wp-content\/uploads\/2022\/06\/Bolsonaro1.jpg?w=300&amp;quality=70&amp;strip=all 300w, https:\/\/www.infomoney.com.br\/wp-content\/uploads\/2022\/06\/Bolsonaro1.jpg?w=768&amp;quality=70&amp;strip=all 768w, https:\/\/www.infomoney.com.br\/wp-content\/uploads\/2022\/06\/Bolsonaro1.jpg?w=150&amp;quality=70&amp;strip=all 150w\" sizes=\"auto, (max-width: 300px) 100vw, 300px\" data-attachment-id=\"1868524\" data-permalink=\"https:\/\/www.infomoney.com.br\/politica\/bolsonaro-dobra-aposta-em-pressao-sobre-governadores-para-colher-dividendos-eleitorais\/attachment\/bolsonaro1-17\/\" data-orig-file=\"https:\/\/www.infomoney.com.br\/wp-content\/uploads\/2022\/06\/Bolsonaro1.jpg?fit=799%2C533&amp;quality=70&amp;strip=all\" data-orig-size=\"799,533\" data-comments-opened=\"1\" data-image-meta=\"{&quot;aperture&quot;:&quot;0&quot;,&quot;credit&quot;:&quot;Isac N\\u00f3brega\\\/PR&quot;,&quot;camera&quot;:&quot;&quot;,&quot;caption&quot;:&quot;&quot;,&quot;created_timestamp&quot;:&quot;0&quot;,&quot;copyright&quot;:&quot;Creative Commons Attribution&quot;,&quot;focal_length&quot;:&quot;0&quot;,&quot;iso&quot;:&quot;0&quot;,&quot;shutter_speed&quot;:&quot;0&quot;,&quot;title&quot;:&quot;&quot;,&quot;orientation&quot;:&quot;0&quot;}\" data-image-title=\"Jair Bolsonaro\" data-image-description=\"\" data-image-caption=\"&lt;p&gt;O presidente Jair Bolsonaro (Foto: Isac N\u00f3brega\/PR)&lt;\/p&gt;\n\" data-medium-file=\"https:\/\/www.infomoney.com.br\/wp-content\/uploads\/2022\/06\/Bolsonaro1.jpg?fit=300%2C200&amp;quality=70&amp;strip=all\" data-large-file=\"https:\/\/www.infomoney.com.br\/wp-content\/uploads\/2022\/06\/Bolsonaro1.jpg?fit=799%2C533&amp;quality=70&amp;strip=all\" title=\"\"><\/p>\n<p>Parlamentares e entidades da sociedade civil anunciaram nesta ter\u00e7a-feira (20) que entregaram ao Tribunal Superior Eleitoral (TSE) uma peti\u00e7\u00e3o com mais de 150 mil assinaturas virtuais para defender a inelegibilidade do ex-presidente Jair Bolsonaro.<\/p>\n<p>A mobiliza\u00e7\u00e3o foi promovida por 21 entidades, entre elas, o Movimento dos Trabalhadores Sem Teto (MTST), Associa\u00e7\u00e3o Brasileira de Organiza\u00e7\u00f5es N\u00e3o Governamentais (Abong), Observat\u00f3rio Pol\u00edtico e Eleitoral (Opel), al\u00e9m das deputadas S\u00e2mia Bomfim (PSOL-SP) e Tal\u00edria Petrone (PSOL-RJ).<\/p>\n<p>Segundo as entidades, o ex-presidente divulgou informa\u00e7\u00f5es falsas sobre o processo eleitoral a atacou as urnas eletr\u00f4nicas.<\/p>\n<p>Na quinta-feira (22), o TSE vai julgar o processo aberto contra Bolsonaro ap\u00f3s a reuni\u00e3o com embaixadores, realizada em julho do ano passado, no Pal\u00e1cio da Alvorada, para descredibilizar o sistema eletr\u00f4nico de vota\u00e7\u00e3o. Se for condenado, Bolsonaro ficar\u00e1 ineleg\u00edvel por oito anos e n\u00e3o poder\u00e1 disputar as pr\u00f3ximas elei\u00e7\u00f5es.<\/p>\n<p>Durante a tramita\u00e7\u00e3o do processo, a defesa de Bolsonaro argumentou que o caso n\u00e3o poderia ser julgado pela Justi\u00e7a Eleitoral. No entendimento dos advogados, o evento com os embaixadores foi realizado em 18 de julho, quando Bolsonaro n\u00e3o era candidato oficial \u00e0s elei\u00e7\u00f5es de 2022 e ainda n\u00e3o tinha sido aprovado em conven\u00e7\u00e3o partid\u00e1ria.<\/p>\n<p>The post <a rel=\"nofollow noopener\" href=\"https:\/\/www.infomoney.com.br\/politica\/entidades-fazem-peticao-para-defender-inelegibilidade-de-bolsonaro\/\" target=\"_blank\">Entidades fazem peti\u00e7\u00e3o para defender inelegibilidade de Bolsonaro<\/a> appeared first on <a rel=\"nofollow noopener\" href=\"https:\/\/www.infomoney.com.br\/\" target=\"_blank\">InfoMoney<\/a>.<\/p>\n","protected":false},"excerpt":{"rendered":"<p><img loading=\"lazy\" decoding=\"async\" width=\"300\" height=\"200\" src=\"https:\/\/www.infomoney.com.br\/wp-content\/uploads\/2022\/06\/Bolsonaro1.jpg?fit=300%2C200&amp;quality=70&amp;strip=all\" class=\"attachment-medium size-medium wp-post-image\" alt=\"\" data-attachment-id=\"1868524\" data-permalink=\"https:\/\/www.infomoney.com.br\/politica\/bolsonaro-dobra-aposta-em-pressao-sobre-governadores-para-colher-dividendos-eleitorais\/attachment\/bolsonaro1-17\/\" data-orig-file=\"https:\/\/www.infomoney.com.br\/wp-content\/uploads\/2022\/06\/Bolsonaro1.jpg?fit=799%2C533&amp;quality=70&amp;strip=all\" data-orig-size=\"799,533\" data-comments-opened=\"1\" data-image-meta='{\"aperture\":\"0\",\"credit\":\"Isac N\\u00f3brega\\\/PR\",\"camera\":\"\",\"caption\":\"\",\"created_timestamp\":\"0\",\"copyright\":\"Creative Commons Attribution\",\"focal_length\":\"0\",\"iso\":\"0\",\"shutter_speed\":\"0\",\"title\":\"\",\"orientation\":\"0\"}' data-image-title=\"Jair Bolsonaro\" data-image-description=\"\" data-image-caption=\"&lt;p&gt;O presidente Jair Bolsonaro (Foto: Isac N\u00f3brega\/PR)&lt;\/p&gt;\n\" data-medium-file=\"https:\/\/www.infomoney.com.br\/wp-content\/uploads\/2022\/06\/Bolsonaro1.jpg?fit=300%2C200&amp;quality=70&amp;strip=all\" data-large-file=\"https:\/\/www.infomoney.com.br\/wp-content\/uploads\/2022\/06\/Bolsonaro1.jpg?fit=799%2C533&amp;quality=70&amp;strip=all\">Documento com 150 mil assinaturas foi entregue ao TSE<\/p>\n<p>The post <a rel=\"nofollow\" href=\"https:\/\/www.infomoney.com.br\/politica\/entidades-fazem-peticao-para-defender-inelegibilidade-de-bolsonaro\/\">Entidades fazem peti\u00e7\u00e3o para defender inelegibilidade de Bolsonaro<\/a> appeared first on <a rel=\"nofollow\" href=\"https:\/\/www.infomoney.com.br\/\">InfoMoney<\/a>.<\/p>\n","protected":false},"author":44,"featured_media":0,"comment_status":"closed","ping_status":"closed","sticky":false,"template":"","format":"standard","meta":{"advgb_blocks_editor_width":"","advgb_blocks_columns_visual_guide":"","footnotes":""},"categories":[359,34,135,47,464],"tags":[35],"class_list":["post-21820","post","type-post","status-publish","format-standard","hentry","category-congresso-nacional","category-g1","category-jair-bolsonaro","category-politica","category-tse","tag-g1"],"author_meta":{"display_name":"Ag\u00eancia Brasil","author_link":"https:\/\/sindaopcpb.org.br\/author\/agencia-brasil\/"},"featured_img":null,"coauthors":[],"tax_additional":{"categories":{"linked":["<a href=\"https:\/\/sindaopcpb.org.br\/congresso-nacional\/\" class=\"advgb-post-tax-term\">Congresso Nacional<\/a>","<a href=\"https:\/\/sindaopcpb.org.br\/g1\/\" class=\"advgb-post-tax-term\">G1<\/a>","<a href=\"https:\/\/sindaopcpb.org.br\/jair-bolsonaro\/\" class=\"advgb-post-tax-term\">Jair Bolsonaro<\/a>","<a href=\"https:\/\/sindaopcpb.org.br\/politica\/\" class=\"advgb-post-tax-term\">POLITICA<\/a>","<a href=\"https:\/\/sindaopcpb.org.br\/tse\/\" class=\"advgb-post-tax-term\">TSE<\/a>"],"unlinked":["<span class=\"advgb-post-tax-term\">Congresso Nacional<\/span>","<span class=\"advgb-post-tax-term\">G1<\/span>","<span class=\"advgb-post-tax-term\">Jair Bolsonaro<\/span>","<span class=\"advgb-post-tax-term\">POLITICA<\/span>","<span class=\"advgb-post-tax-term\">TSE<\/span>"]},"tags":{"linked":["<a href=\"https:\/\/sindaopcpb.org.br\/tse\/\" class=\"advgb-post-tax-term\">g1<\/a>"],"unlinked":["<span class=\"advgb-post-tax-term\">g1<\/span>"]}},"comment_count":"0","relative_dates":{"created":"Publicado 3 anos atr\u00e1s","modified":"Atualizado 3 anos atr\u00e1s"},"absolute_dates":{"created":"Publicado em 21 de junho de 2023","modified":"Atualizado em 21 de junho de 2023"},"absolute_dates_time":{"created":"Publicado em 21 de junho de 2023 13:21","modified":"Atualizado em 21 de junho de 2023 13:21"},"featured_img_caption":"","series_order":"","_links":{"self":[{"href":"https:\/\/sindaopcpb.org.br\/index.php\/wp-json\/wp\/v2\/posts\/21820","targetHints":{"allow":["GET"]}}],"collection":[{"href":"https:\/\/sindaopcpb.org.br\/index.php\/wp-json\/wp\/v2\/posts"}],"about":[{"href":"https:\/\/sindaopcpb.org.br\/index.php\/wp-json\/wp\/v2\/types\/post"}],"author":[{"embeddable":true,"href":"https:\/\/sindaopcpb.org.br\/index.php\/wp-json\/wp\/v2\/users\/44"}],"replies":[{"embeddable":true,"href":"https:\/\/sindaopcpb.org.br\/index.php\/wp-json\/wp\/v2\/comments?post=21820"}],"version-history":[{"count":1,"href":"https:\/\/sindaopcpb.org.br\/index.php\/wp-json\/wp\/v2\/posts\/21820\/revisions"}],"predecessor-version":[{"id":21821,"href":"https:\/\/sindaopcpb.org.br\/index.php\/wp-json\/wp\/v2\/posts\/21820\/revisions\/21821"}],"wp:attachment":[{"href":"https:\/\/sindaopcpb.org.br\/index.php\/wp-json\/wp\/v2\/media?parent=21820"}],"wp:term":[{"taxonomy":"category","embeddable":true,"href":"https:\/\/sindaopcpb.org.br\/index.php\/wp-json\/wp\/v2\/categories?post=21820"},{"taxonomy":"post_tag","embeddable":true,"href":"https:\/\/sindaopcpb.org.br\/index.php\/wp-json\/wp\/v2\/tags?post=21820"}],"curies":[{"name":"wp","href":"https:\/\/api.w.org\/{rel}","templated":true}]}}