{"id":21787,"date":"2023-06-21T12:50:45","date_gmt":"2023-06-21T15:50:45","guid":{"rendered":"https:\/\/www.infomoney.com.br\/?p=2166948"},"modified":"2023-06-21T12:50:45","modified_gmt":"2023-06-21T15:50:45","slug":"zanin-se-apresenta-aos-senadores-da-ccj","status":"publish","type":"post","link":"https:\/\/sindaopcpb.org.br\/index.php\/2023\/06\/21\/zanin-se-apresenta-aos-senadores-da-ccj\/","title":{"rendered":"Zanin se apresenta aos senadores da CCJ"},"content":{"rendered":"<p><img loading=\"lazy\" width=\"300\" height=\"228\" src=\"https:\/\/www.infomoney.com.br\/wp-content\/uploads\/2023\/01\/Advogado_entrega_passaporte_de_Lula_a_PF_em_Sao_Paulo_39202721194.jpg?fit=300%2C228&amp;quality=70&amp;strip=all\" class=\"attachment-medium size-medium wp-post-image\" alt=\"\" decoding=\"async\" style=\"float:right; margin:0 0 10px 10px;\" srcset=\"https:\/\/www.infomoney.com.br\/wp-content\/uploads\/2023\/01\/Advogado_entrega_passaporte_de_Lula_a_PF_em_Sao_Paulo_39202721194.jpg?w=3787&amp;quality=70&amp;strip=all 3787w, https:\/\/www.infomoney.com.br\/wp-content\/uploads\/2023\/01\/Advogado_entrega_passaporte_de_Lula_a_PF_em_Sao_Paulo_39202721194.jpg?w=300&amp;quality=70&amp;strip=all 300w, https:\/\/www.infomoney.com.br\/wp-content\/uploads\/2023\/01\/Advogado_entrega_passaporte_de_Lula_a_PF_em_Sao_Paulo_39202721194.jpg?w=768&amp;quality=70&amp;strip=all 768w, https:\/\/www.infomoney.com.br\/wp-content\/uploads\/2023\/01\/Advogado_entrega_passaporte_de_Lula_a_PF_em_Sao_Paulo_39202721194.jpg?w=1280&amp;quality=70&amp;strip=all 1280w, https:\/\/www.infomoney.com.br\/wp-content\/uploads\/2023\/01\/Advogado_entrega_passaporte_de_Lula_a_PF_em_Sao_Paulo_39202721194.jpg?w=1536&amp;quality=70&amp;strip=all 1536w, https:\/\/www.infomoney.com.br\/wp-content\/uploads\/2023\/01\/Advogado_entrega_passaporte_de_Lula_a_PF_em_Sao_Paulo_39202721194.jpg?w=2048&amp;quality=70&amp;strip=all 2048w, https:\/\/www.infomoney.com.br\/wp-content\/uploads\/2023\/01\/Advogado_entrega_passaporte_de_Lula_a_PF_em_Sao_Paulo_39202721194.jpg?w=150&amp;quality=70&amp;strip=all 150w, https:\/\/www.infomoney.com.br\/wp-content\/uploads\/2023\/01\/Advogado_entrega_passaporte_de_Lula_a_PF_em_Sao_Paulo_39202721194.jpg?w=3000&amp;quality=70&amp;strip=all 3000w\" sizes=\"auto, (max-width: 300px) 100vw, 300px\" data-attachment-id=\"2045517\" data-permalink=\"https:\/\/www.infomoney.com.br\/negocios\/americanas-amer3-contrata-cristiano-zanin-advogado-que-defendeu-lula-na-lava-jato\/attachment\/advogado-entrega-passaporte-de-lula-a-pf-em-sao-paulo\/\" data-orig-file=\"https:\/\/www.infomoney.com.br\/wp-content\/uploads\/2023\/01\/Advogado_entrega_passaporte_de_Lula_a_PF_em_Sao_Paulo_39202721194.jpg?fit=3787%2C2883&amp;quality=70&amp;strip=all\" data-orig-size=\"3787,2883\" data-comments-opened=\"0\" data-image-meta=\"{&quot;aperture&quot;:&quot;5.6&quot;,&quot;credit&quot;:&quot;Rovena Rosa\\\/Ag\\u00eancia Brasil&quot;,&quot;camera&quot;:&quot;NIKON D4&quot;,&quot;caption&quot;:&quot;S\\u00e3o Paulo - O advogado Cristiano Zanin Martins entrega o passaporte do ex-presidente Luiz In\\u00e1cio Lula da Silva na Superintend\\u00eancia Regional da Pol\\u00edcia Federal em S\\u00e3o Paulo (Rovena Rosa\\\/Ag\\u00eancia Brasil)&quot;,&quot;created_timestamp&quot;:&quot;1325700564&quot;,&quot;copyright&quot;:&quot;Agencia Brasil-EBC&quot;,&quot;focal_length&quot;:&quot;120&quot;,&quot;iso&quot;:&quot;100&quot;,&quot;shutter_speed&quot;:&quot;0.004&quot;,&quot;title&quot;:&quot;Advogado entrega passaporte de Lula \\u00e0 PF em S\\u00e3o Paulo&quot;,&quot;orientation&quot;:&quot;1&quot;}\" data-image-title=\"Cristiano Zanin\" data-image-description=\"\" data-image-caption=\"&lt;p&gt;Cristiano Zanin Martins (Foto: Rovena Rosa\/Ag\u00eancia Brasil)&lt;\/p&gt;\n\" data-medium-file=\"https:\/\/www.infomoney.com.br\/wp-content\/uploads\/2023\/01\/Advogado_entrega_passaporte_de_Lula_a_PF_em_Sao_Paulo_39202721194.jpg?fit=300%2C228&amp;quality=70&amp;strip=all\" data-large-file=\"https:\/\/www.infomoney.com.br\/wp-content\/uploads\/2023\/01\/Advogado_entrega_passaporte_de_Lula_a_PF_em_Sao_Paulo_39202721194.jpg?fit=1280%2C974&amp;quality=70&amp;strip=all\" title=\"\"><\/p>\n<p>Com uma fala inicial de 26 minutos na Comiss\u00e3o de Constitui\u00e7\u00e3o e Justi\u00e7a (CCJ) do Senado, o indicado ao Supremo Tribunal Federal (STF) pelo presidente Luiz In\u00e1cio Lula da Silva, o advogado Cristiano Zanin, se apresentou na manh\u00e3 desta quarta-feira (21) aos parlamentares da CCJ, respons\u00e1veis por sabatinar e aprovar, ou n\u00e3o, a sua indica\u00e7\u00e3o para a mais alta corte do pa\u00eds. Cerca de 30 senadores se inscreveram para fazer perguntas ao indicado.<\/p>\n<p>Aos parlamentares, Zanin disse que se sente seguro e com a experi\u00eancia necess\u00e1ria para atuar no STF e \u201cjulgar temas relevantes e de extremo impacto \u00e0 nossa sociedade, pois sempre nas minhas atua\u00e7\u00f5es no Direito segui as premissas an\u00e1logas a de um juiz, ao me manter em equil\u00edbrio emocional e intelectual, mesmo nas horas de grandes desafios, ter senso de justi\u00e7a sem nunca desacreditar nas leis e nas institui\u00e7\u00f5es brasileiras e seguir com independ\u00eancia de atua\u00e7\u00e3o para garantir justi\u00e7a num pa\u00eds com pilares democr\u00e1ticos s\u00f3lidos, como \u00e9 o Brasil\u201d.<\/p>\n<p>Ao iniciar a apresenta\u00e7\u00e3o, Zanin citou a pr\u00f3pria fam\u00edlia e a origem italiana dos seus antepassados. Citou a m\u00e3e, professora e diretora de escola p\u00fablica, e o pai advogado. \u201cFoi com o meu pai, hoje aposentado e com 87 anos, que aflorou a minha paix\u00e3o pelo Direito\u201d, afirmou.<\/p>\n<p>Logo em seguida, ele debateu cr\u00edticas que de seria um \u201cadvogado pessoal\u201d, por ter atuado em casos individuais, ou um \u201cadvogado de luxo\u201d, porque defendeu causas empresariais de grupos econ\u00f4micos importantes. \u201cProcurei desempenhar minha fun\u00e7\u00e3o com maestria, acreditando no que \u00e9 mais caro para qualquer profissional do Direito: a justi\u00e7a\u201d, ponderou.<\/p>\n<p>Zanin fez um breve resumo da pr\u00f3pria carreira, citou os escrit\u00f3rios em que trabalhou e concluiu que se considera \u201cum defensor fervoroso da Constitui\u00e7\u00e3o brasileira e um cr\u00edtico atento \u00e0s viola\u00e7\u00f5es de direitos e garantias fundamentais\u201d. Lembrou tamb\u00e9m que, nos 25 anos como advogado, liderou mais de 100 processos julgados no STF e mais de 550 julgados no Superior Tribunal de Justi\u00e7a (STJ).<\/p>\n<h2><strong>Defesa de Lula<\/strong><\/h2>\n<p>Ainda na apresenta\u00e7\u00e3o inicial, Zanin destacou sua atua\u00e7\u00e3o na defesa do presidente Lula nos processos da opera\u00e7\u00e3o Lava Jato. \u201cEmbora tenha uma carreira marcada basicamente no direito empresarial, fui co-autor do habeas corpus que resultou na anula\u00e7\u00e3o das condena\u00e7\u00f5es do hoje Presidente Luiz In\u00e1cio Lula da Silva e tamb\u00e9m de defesas t\u00e9cnicas que foram apreciadas nos mais diversos tribunais do pa\u00eds\u201d, afirmou.<\/p>\n<p>Zanin lembrou que foi um dos \u201cautores do primeiro comunicado feito por um cidad\u00e3o brasileiro perante o Comit\u00ea de Direitos Humanos da ONU\u201d. Nesse processo, Zanin conseguiu que o \u00f3rg\u00e3o da ONU reconhecesse as viola\u00e7\u00f5es cometidas contra o presidente Lula nos processos da Lava Jato.<\/p>\n<h2><strong>Advogado e ministro do STF<\/strong><\/h2>\n<p>Zanin ainda destacou que conhece \u201ca distin\u00e7\u00e3o dos pap\u00e9is entre um advogado e um ministro do Supremo Tribunal Federal\u201d. E destacou que sua atua\u00e7\u00e3o na iniciativa privada seguiu \u201crigorosamente as leis brasileiras, sob a \u00f3tica da lisura e do fazer justi\u00e7a, defender a democracia e o Estado democr\u00e1tico de direito\u201d.<\/p>\n<p>Zanin acrescentou ainda que n\u00e3o deve mudar de lado, \u201cpois o meu lado sempre foi o mesmo, o lado da Constitui\u00e7\u00e3o, o das garantias, o do amplo direito de defesa, do devido processo legal. Para mim, s\u00f3 existe um lado; o outro \u00e9 barb\u00e1rie, \u00e9 abuso de poder\u201d.<\/p>\n<h2><strong>Defesa da democracia<\/strong><\/h2>\n<p>O advogado Cristiano Zanin destacou ainda, na apresenta\u00e7\u00e3o inicial \u00e0 CCJ, a quest\u00e3o da defesa democracia. \u201cN\u00e3o permitirei investidas insurgentes e perturbadoras \u00e0 solidez da Rep\u00fablica\u201d, afirmou. Em seguida, enfatizou a import\u00e2ncia da liberdade de express\u00e3o. Segundo ele, \u201cse trata de um dos princ\u00edpios fundamentais em uma sociedade democr\u00e1tica, como a brasileira. Ela garante o direito de cada indiv\u00edduo expressar suas opini\u00f5es, ideias e cren\u00e7as livremente, sem medo de repres\u00e1lias ou censura governamental. Sempre com responsabilidade\u201d.<\/p>\n<p>The post <a rel=\"nofollow noopener\" href=\"https:\/\/www.infomoney.com.br\/politica\/zanin-se-apresenta-aos-senadores-da-ccj\/\" target=\"_blank\">Zanin se apresenta aos senadores da CCJ<\/a> appeared first on <a rel=\"nofollow noopener\" href=\"https:\/\/www.infomoney.com.br\/\" target=\"_blank\">InfoMoney<\/a>.<\/p>\n","protected":false},"excerpt":{"rendered":"<p><img loading=\"lazy\" decoding=\"async\" width=\"300\" height=\"228\" src=\"https:\/\/www.infomoney.com.br\/wp-content\/uploads\/2023\/01\/Advogado_entrega_passaporte_de_Lula_a_PF_em_Sao_Paulo_39202721194.jpg?fit=300%2C228&amp;quality=70&amp;strip=all\" class=\"attachment-medium size-medium wp-post-image\" alt=\"\" data-attachment-id=\"2045517\" data-permalink=\"https:\/\/www.infomoney.com.br\/negocios\/americanas-amer3-contrata-cristiano-zanin-advogado-que-defendeu-lula-na-lava-jato\/attachment\/advogado-entrega-passaporte-de-lula-a-pf-em-sao-paulo\/\" data-orig-file=\"https:\/\/www.infomoney.com.br\/wp-content\/uploads\/2023\/01\/Advogado_entrega_passaporte_de_Lula_a_PF_em_Sao_Paulo_39202721194.jpg?fit=3787%2C2883&amp;quality=70&amp;strip=all\" data-orig-size=\"3787,2883\" data-comments-opened=\"0\" data-image-meta='{\"aperture\":\"5.6\",\"credit\":\"Rovena Rosa\\\/Ag\\u00eancia Brasil\",\"camera\":\"NIKON D4\",\"caption\":\"S\\u00e3o Paulo - O advogado Cristiano Zanin Martins entrega o passaporte do ex-presidente Luiz In\\u00e1cio Lula da Silva na Superintend\\u00eancia Regional da Pol\\u00edcia Federal em S\\u00e3o Paulo (Rovena Rosa\\\/Ag\\u00eancia Brasil)\",\"created_timestamp\":\"1325700564\",\"copyright\":\"Agencia Brasil-EBC\",\"focal_length\":\"120\",\"iso\":\"100\",\"shutter_speed\":\"0.004\",\"title\":\"Advogado entrega passaporte de Lula \\u00e0 PF em S\\u00e3o Paulo\",\"orientation\":\"1\"}' data-image-title=\"Cristiano Zanin\" data-image-description=\"\" data-image-caption=\"&lt;p&gt;Cristiano Zanin Martins (Foto: Rovena Rosa\/Ag\u00eancia Brasil)&lt;\/p&gt;\n\" data-medium-file=\"https:\/\/www.infomoney.com.br\/wp-content\/uploads\/2023\/01\/Advogado_entrega_passaporte_de_Lula_a_PF_em_Sao_Paulo_39202721194.jpg?fit=300%2C228&amp;quality=70&amp;strip=all\" data-large-file=\"https:\/\/www.infomoney.com.br\/wp-content\/uploads\/2023\/01\/Advogado_entrega_passaporte_de_Lula_a_PF_em_Sao_Paulo_39202721194.jpg?fit=1280%2C974&amp;quality=70&amp;strip=all\">Numa fala de 26 minutos, indicado ao STF destacou compromisso com a democracia<\/p>\n<p>The post <a rel=\"nofollow\" href=\"https:\/\/www.infomoney.com.br\/politica\/zanin-se-apresenta-aos-senadores-da-ccj\/\">Zanin se apresenta aos senadores da CCJ<\/a> appeared first on <a rel=\"nofollow\" href=\"https:\/\/www.infomoney.com.br\/\">InfoMoney<\/a>.<\/p>\n","protected":false},"author":44,"featured_media":0,"comment_status":"closed","ping_status":"closed","sticky":false,"template":"","format":"standard","meta":{"advgb_blocks_editor_width":"","advgb_blocks_columns_visual_guide":"","footnotes":""},"categories":[2987,2480,34,47,403,449],"tags":[35],"class_list":["post-21787","post","type-post","status-publish","format-standard","hentry","category-ccj","category-cristiano-zanin","category-g1","category-politica","category-senado","category-stf","tag-g1"],"author_meta":{"display_name":"Ag\u00eancia Brasil","author_link":"https:\/\/sindaopcpb.org.br\/author\/agencia-brasil\/"},"featured_img":null,"coauthors":[],"tax_additional":{"categories":{"linked":["<a href=\"https:\/\/sindaopcpb.org.br\/ccj\/\" class=\"advgb-post-tax-term\">CCJ<\/a>","<a href=\"https:\/\/sindaopcpb.org.br\/cristiano-zanin\/\" class=\"advgb-post-tax-term\">Cristiano Zanin<\/a>","<a href=\"https:\/\/sindaopcpb.org.br\/g1\/\" class=\"advgb-post-tax-term\">G1<\/a>","<a href=\"https:\/\/sindaopcpb.org.br\/politica\/\" class=\"advgb-post-tax-term\">POLITICA<\/a>","<a href=\"https:\/\/sindaopcpb.org.br\/senado\/\" class=\"advgb-post-tax-term\">Senado<\/a>","<a href=\"https:\/\/sindaopcpb.org.br\/stf\/\" class=\"advgb-post-tax-term\">STF<\/a>"],"unlinked":["<span class=\"advgb-post-tax-term\">CCJ<\/span>","<span class=\"advgb-post-tax-term\">Cristiano Zanin<\/span>","<span class=\"advgb-post-tax-term\">G1<\/span>","<span class=\"advgb-post-tax-term\">POLITICA<\/span>","<span class=\"advgb-post-tax-term\">Senado<\/span>","<span class=\"advgb-post-tax-term\">STF<\/span>"]},"tags":{"linked":["<a href=\"https:\/\/sindaopcpb.org.br\/stf\/\" class=\"advgb-post-tax-term\">g1<\/a>"],"unlinked":["<span class=\"advgb-post-tax-term\">g1<\/span>"]}},"comment_count":"0","relative_dates":{"created":"Publicado 3 anos atr\u00e1s","modified":"Atualizado 3 anos atr\u00e1s"},"absolute_dates":{"created":"Publicado em 21 de junho de 2023","modified":"Atualizado em 21 de junho de 2023"},"absolute_dates_time":{"created":"Publicado em 21 de junho de 2023 12:50","modified":"Atualizado em 21 de junho de 2023 12:50"},"featured_img_caption":"","series_order":"","_links":{"self":[{"href":"https:\/\/sindaopcpb.org.br\/index.php\/wp-json\/wp\/v2\/posts\/21787","targetHints":{"allow":["GET"]}}],"collection":[{"href":"https:\/\/sindaopcpb.org.br\/index.php\/wp-json\/wp\/v2\/posts"}],"about":[{"href":"https:\/\/sindaopcpb.org.br\/index.php\/wp-json\/wp\/v2\/types\/post"}],"author":[{"embeddable":true,"href":"https:\/\/sindaopcpb.org.br\/index.php\/wp-json\/wp\/v2\/users\/44"}],"replies":[{"embeddable":true,"href":"https:\/\/sindaopcpb.org.br\/index.php\/wp-json\/wp\/v2\/comments?post=21787"}],"version-history":[{"count":1,"href":"https:\/\/sindaopcpb.org.br\/index.php\/wp-json\/wp\/v2\/posts\/21787\/revisions"}],"predecessor-version":[{"id":21788,"href":"https:\/\/sindaopcpb.org.br\/index.php\/wp-json\/wp\/v2\/posts\/21787\/revisions\/21788"}],"wp:attachment":[{"href":"https:\/\/sindaopcpb.org.br\/index.php\/wp-json\/wp\/v2\/media?parent=21787"}],"wp:term":[{"taxonomy":"category","embeddable":true,"href":"https:\/\/sindaopcpb.org.br\/index.php\/wp-json\/wp\/v2\/categories?post=21787"},{"taxonomy":"post_tag","embeddable":true,"href":"https:\/\/sindaopcpb.org.br\/index.php\/wp-json\/wp\/v2\/tags?post=21787"}],"curies":[{"name":"wp","href":"https:\/\/api.w.org\/{rel}","templated":true}]}}