{"id":21775,"date":"2023-06-21T11:18:45","date_gmt":"2023-06-21T14:18:45","guid":{"rendered":"https:\/\/wpa.wscom.com.br\/?p=907360"},"modified":"2023-06-21T11:18:45","modified_gmt":"2023-06-21T14:18:45","slug":"carlos-vieira-conclui-mestrado-na-sorbonne-e-recebe-diploma-em-solenidade-agora-foca-no-futuro","status":"publish","type":"post","link":"https:\/\/sindaopcpb.org.br\/index.php\/2023\/06\/21\/carlos-vieira-conclui-mestrado-na-sorbonne-e-recebe-diploma-em-solenidade-agora-foca-no-futuro\/","title":{"rendered":"Carlos Vieira conclui mestrado na Sorbonne e recebe diploma em solenidade; agora foca no futuro"},"content":{"rendered":"<p>&nbsp;<\/p>\n<p>&nbsp;<\/p>\n<p>EXCLUSIVO &#8211; Paris, junho de 2023. Local e data marcam o tempo de renova\u00e7\u00e3o de conhecimento a partir da capital francesa diante da conclus\u00e3o de Mestrado em Finan\u00e7as pela Universidade de Sorbonne de nova turma tendo a participa\u00e7\u00e3o do Executivo paraibano Carlos Vieira, diretor financeiro do BRB, e concluinte da p\u00f3s gradua\u00e7\u00e3o.<\/p>\n<p>Informa\u00e7\u00f5es extras indicam que a solenidade de conclus\u00e3o do Mestrado aconteceu em Paris.<\/p>\n<p>&#8211; Toda a solenidade acontecida em sal\u00e3o especial da Universidade em Paris simbolizou uma oportunidade singular de conclus\u00e3o de curso sobre Finan\u00e7as com padr\u00e3o internacional &#8211; comentou Carlos Vieira.<\/p>\n<p>O Executivo agora se prepara para nova fase para aplicabilidade dos ensinamentos da Sorbonne a lhe levar a outro patamar de realiza\u00e7\u00f5es.<\/p>\n<p>O post <a rel=\"nofollow noopener\" href=\"https:\/\/wscom.com.br\/carlos-vieira-conclui-mestrado-na-sorbonne-e-recebe-diploma-em-solenidade-agora-foca-no-futuro\/\" target=\"_blank\">Carlos Vieira conclui mestrado na Sorbonne e recebe diploma em solenidade; agora foca no futuro<\/a> apareceu primeiro em <a rel=\"nofollow noopener\" href=\"https:\/\/wscom.com.br\/\" target=\"_blank\">WSCOM<\/a>.<\/p>\n","protected":false},"excerpt":{"rendered":"<p>\u00a0 \u00a0 EXCLUSIVO \u2013 Paris, junho de 2023. Local e data marcam o tempo de renova\u00e7\u00e3o de conhecimento a partir da capital francesa diante da conclus\u00e3o de Mestrado em Finan\u00e7as pela Universidade de Sorbonne de nova turma tendo a participa\u00e7\u00e3o do Executivo paraibano Carlos Vieira, diretor financeiro do BRB, e concluinte da p\u00f3s gradua\u00e7\u00e3o. Informa\u00e7\u00f5es [\u2026]<\/p>\n<p>O post <a rel=\"nofollow\" href=\"https:\/\/wscom.com.br\/carlos-vieira-conclui-mestrado-na-sorbonne-e-recebe-diploma-em-solenidade-agora-foca-no-futuro\/\">Carlos Vieira conclui mestrado na Sorbonne e recebe diploma em solenidade; agora foca no futuro<\/a> apareceu primeiro em <a rel=\"nofollow\" href=\"https:\/\/wscom.com.br\/\">WSCOM<\/a>.<\/p>\n","protected":false},"author":50,"featured_media":0,"comment_status":"closed","ping_status":"closed","sticky":false,"template":"","format":"standard","meta":{"advgb_blocks_editor_width":"","advgb_blocks_columns_visual_guide":"","footnotes":""},"categories":[959,34,54,5028],"tags":[35],"class_list":["post-21775","post","type-post","status-publish","format-standard","hentry","category-carlos","category-g1","category-paraiba","category-vieira","tag-g1"],"author_meta":{"display_name":"Wallyson","author_link":"https:\/\/sindaopcpb.org.br\/author\/wallyson\/"},"featured_img":null,"coauthors":[],"tax_additional":{"categories":{"linked":["<a href=\"https:\/\/sindaopcpb.org.br\/carlos\/\" class=\"advgb-post-tax-term\">Carlos<\/a>","<a href=\"https:\/\/sindaopcpb.org.br\/g1\/\" class=\"advgb-post-tax-term\">G1<\/a>","<a href=\"https:\/\/sindaopcpb.org.br\/paraiba\/\" class=\"advgb-post-tax-term\">Para\u00edba<\/a>","<a href=\"https:\/\/sindaopcpb.org.br\/vieira\/\" class=\"advgb-post-tax-term\">Vieira<\/a>"],"unlinked":["<span class=\"advgb-post-tax-term\">Carlos<\/span>","<span class=\"advgb-post-tax-term\">G1<\/span>","<span class=\"advgb-post-tax-term\">Para\u00edba<\/span>","<span class=\"advgb-post-tax-term\">Vieira<\/span>"]},"tags":{"linked":["<a href=\"https:\/\/sindaopcpb.org.br\/vieira\/\" class=\"advgb-post-tax-term\">g1<\/a>"],"unlinked":["<span class=\"advgb-post-tax-term\">g1<\/span>"]}},"comment_count":"0","relative_dates":{"created":"Publicado 3 anos atr\u00e1s","modified":"Atualizado 3 anos atr\u00e1s"},"absolute_dates":{"created":"Publicado em 21 de junho de 2023","modified":"Atualizado em 21 de junho de 2023"},"absolute_dates_time":{"created":"Publicado em 21 de junho de 2023 11:18","modified":"Atualizado em 21 de junho de 2023 11:18"},"featured_img_caption":"","series_order":"","_links":{"self":[{"href":"https:\/\/sindaopcpb.org.br\/index.php\/wp-json\/wp\/v2\/posts\/21775","targetHints":{"allow":["GET"]}}],"collection":[{"href":"https:\/\/sindaopcpb.org.br\/index.php\/wp-json\/wp\/v2\/posts"}],"about":[{"href":"https:\/\/sindaopcpb.org.br\/index.php\/wp-json\/wp\/v2\/types\/post"}],"author":[{"embeddable":true,"href":"https:\/\/sindaopcpb.org.br\/index.php\/wp-json\/wp\/v2\/users\/50"}],"replies":[{"embeddable":true,"href":"https:\/\/sindaopcpb.org.br\/index.php\/wp-json\/wp\/v2\/comments?post=21775"}],"version-history":[{"count":1,"href":"https:\/\/sindaopcpb.org.br\/index.php\/wp-json\/wp\/v2\/posts\/21775\/revisions"}],"predecessor-version":[{"id":21776,"href":"https:\/\/sindaopcpb.org.br\/index.php\/wp-json\/wp\/v2\/posts\/21775\/revisions\/21776"}],"wp:attachment":[{"href":"https:\/\/sindaopcpb.org.br\/index.php\/wp-json\/wp\/v2\/media?parent=21775"}],"wp:term":[{"taxonomy":"category","embeddable":true,"href":"https:\/\/sindaopcpb.org.br\/index.php\/wp-json\/wp\/v2\/categories?post=21775"},{"taxonomy":"post_tag","embeddable":true,"href":"https:\/\/sindaopcpb.org.br\/index.php\/wp-json\/wp\/v2\/tags?post=21775"}],"curies":[{"name":"wp","href":"https:\/\/api.w.org\/{rel}","templated":true}]}}