{"id":21770,"date":"2023-06-21T10:33:54","date_gmt":"2023-06-21T13:33:54","guid":{"rendered":"https:\/\/www.infomoney.com.br\/?p=2166625"},"modified":"2023-06-21T10:33:54","modified_gmt":"2023-06-21T13:33:54","slug":"senado-aprova-mp-do-programa-mais-medicos-e-texto-vai-a-sancao","status":"publish","type":"post","link":"https:\/\/sindaopcpb.org.br\/index.php\/2023\/06\/21\/senado-aprova-mp-do-programa-mais-medicos-e-texto-vai-a-sancao\/","title":{"rendered":"Senado aprova MP do programa Mais M\u00e9dicos e texto vai a san\u00e7\u00e3o"},"content":{"rendered":"<p><img loading=\"lazy\" width=\"300\" height=\"180\" src=\"https:\/\/www.infomoney.com.br\/wp-content\/uploads\/2019\/06\/medicomedicina.jpg?fit=300%2C180&amp;quality=70&amp;strip=all\" class=\"attachment-medium size-medium wp-post-image\" alt=\"\" decoding=\"async\" style=\"float:right; margin:0 0 10px 10px;\" srcset=\"https:\/\/www.infomoney.com.br\/wp-content\/uploads\/2019\/06\/medicomedicina.jpg?w=900&amp;quality=70&amp;strip=all 900w, https:\/\/www.infomoney.com.br\/wp-content\/uploads\/2019\/06\/medicomedicina.jpg?w=300&amp;quality=70&amp;strip=all 300w, https:\/\/www.infomoney.com.br\/wp-content\/uploads\/2019\/06\/medicomedicina.jpg?w=768&amp;quality=70&amp;strip=all 768w, https:\/\/www.infomoney.com.br\/wp-content\/uploads\/2019\/06\/medicomedicina.jpg?w=150&amp;quality=70&amp;strip=all 150w\" sizes=\"auto, (max-width: 300px) 100vw, 300px\" data-attachment-id=\"2887\" data-permalink=\"https:\/\/www.infomoney.com.br\/medicomedicina\/\" data-orig-file=\"https:\/\/www.infomoney.com.br\/wp-content\/uploads\/2019\/06\/medicomedicina.jpg?fit=900%2C540&amp;quality=70&amp;strip=all\" data-orig-size=\"900,540\" data-comments-opened=\"1\" data-image-meta=\"{&quot;aperture&quot;:&quot;0&quot;,&quot;credit&quot;:&quot;&quot;,&quot;camera&quot;:&quot;&quot;,&quot;caption&quot;:&quot;&quot;,&quot;created_timestamp&quot;:&quot;0&quot;,&quot;copyright&quot;:&quot;&quot;,&quot;focal_length&quot;:&quot;0&quot;,&quot;iso&quot;:&quot;0&quot;,&quot;shutter_speed&quot;:&quot;0&quot;,&quot;title&quot;:&quot;&quot;,&quot;orientation&quot;:&quot;0&quot;}\" data-image-title=\"medicomedicina\" data-image-description=\"\" data-image-caption=\"\" data-medium-file=\"https:\/\/www.infomoney.com.br\/wp-content\/uploads\/2019\/06\/medicomedicina.jpg?fit=300%2C180&amp;quality=70&amp;strip=all\" data-large-file=\"https:\/\/www.infomoney.com.br\/wp-content\/uploads\/2019\/06\/medicomedicina.jpg?fit=900%2C540&amp;quality=70&amp;strip=all\" title=\"\"><\/p>\n<p>O plen\u00e1rio do Senado aprovou, na tarde desta ter\u00e7a-feira (20), de forma simb\u00f3lica, a Medida Provis\u00f3ria 1.165 de 2023, que reinstitui o programa Mais M\u00e9dicos. Como j\u00e1 passou pela C\u00e2mara dos Deputados, o texto segue para san\u00e7\u00e3o do presidente Luiz In\u00e1cio Lula da Silva.<\/p>\n<p>A medida abre a possibilidade de prorroga\u00e7\u00e3o de contratos e pagamento de indeniza\u00e7\u00f5es para incentivar a atua\u00e7\u00e3o de m\u00e9dicos em \u00e1reas de dif\u00edcil fixa\u00e7\u00e3o. Al\u00e9m disso, o m\u00e9dico intercambista, aquele que s\u00f3 tem registro profissional no exterior, poder\u00e1 participar do programa por quatro anos sem necessidade de revalidar o diploma. Antes, o per\u00edodo permitido era de tr\u00eas anos.<\/p>\n<p>A regra de dispensa do Revalida poder\u00e1 ser aplicada \u00e0 recontrata\u00e7\u00e3o de m\u00e9dicos que participaram do programa at\u00e9 dezembro de 2022, independentemente do per\u00edodo de atua\u00e7\u00e3o. Quem participou do Mais M\u00e9dicos por mais de quatro anos s\u00f3 poder\u00e1 ser recontratado com revalida\u00e7\u00e3o do diploma.<\/p>\n<p>Sobre o Revalida, exame exigido para que m\u00e9dicos formados no exterior tenham registro profissional no Brasil, ser\u00e1 uma prova aplicada a cada quatro meses, e n\u00e3o mais semestralmente.<\/p>\n<h2><strong>Mais contrata\u00e7\u00f5es<\/strong><\/h2>\n<p>O Minist\u00e9rio da Sa\u00fade anunciou, nesta segunda-feira (19), que vai ampliar o programa Mais M\u00e9dicos, abrindo 10 mil novas vagas na modalidade de coparticipa\u00e7\u00e3o de estados e munic\u00edpios.<\/p>\n<p>O edital com as orienta\u00e7\u00f5es para a inscri\u00e7\u00e3o dos profissionais j\u00e1 foi publicado no Di\u00e1rio Oficial da Uni\u00e3o. J\u00e1 a portaria com as defini\u00e7\u00f5es e crit\u00e9rios para os gestores locais deve ser publicada ainda hoje. Segundo a pasta, com a expans\u00e3o, o programa dever\u00e1 chegar a mais de 15 mil novas vagas at\u00e9 o fim deste ano.<\/p>\n<p>The post <a rel=\"nofollow noopener\" href=\"https:\/\/www.infomoney.com.br\/politica\/senado-aprova-mp-do-programa-mais-medicos-e-texto-vai-a-sancao\/\" target=\"_blank\">Senado aprova MP do programa Mais M\u00e9dicos e texto vai a san\u00e7\u00e3o<\/a> appeared first on <a rel=\"nofollow noopener\" href=\"https:\/\/www.infomoney.com.br\/\" target=\"_blank\">InfoMoney<\/a>.<\/p>\n","protected":false},"excerpt":{"rendered":"<p><img loading=\"lazy\" decoding=\"async\" width=\"300\" height=\"180\" src=\"https:\/\/www.infomoney.com.br\/wp-content\/uploads\/2019\/06\/medicomedicina.jpg?fit=300%2C180&amp;quality=70&amp;strip=all\" class=\"attachment-medium size-medium wp-post-image\" alt=\"\" data-attachment-id=\"2887\" data-permalink=\"https:\/\/www.infomoney.com.br\/medicomedicina\/\" data-orig-file=\"https:\/\/www.infomoney.com.br\/wp-content\/uploads\/2019\/06\/medicomedicina.jpg?fit=900%2C540&amp;quality=70&amp;strip=all\" data-orig-size=\"900,540\" data-comments-opened=\"1\" data-image-meta='{\"aperture\":\"0\",\"credit\":\"\",\"camera\":\"\",\"caption\":\"\",\"created_timestamp\":\"0\",\"copyright\":\"\",\"focal_length\":\"0\",\"iso\":\"0\",\"shutter_speed\":\"0\",\"title\":\"\",\"orientation\":\"0\"}' data-image-title=\"medicomedicina\" data-image-description=\"\" data-image-caption=\"\" data-medium-file=\"https:\/\/www.infomoney.com.br\/wp-content\/uploads\/2019\/06\/medicomedicina.jpg?fit=300%2C180&amp;quality=70&amp;strip=all\" data-large-file=\"https:\/\/www.infomoney.com.br\/wp-content\/uploads\/2019\/06\/medicomedicina.jpg?fit=900%2C540&amp;quality=70&amp;strip=all\">Renova\u00e7\u00e3o de pol\u00edtica p\u00fablica foi editada em mar\u00e7o deste ano<\/p>\n<p>The post <a rel=\"nofollow\" href=\"https:\/\/www.infomoney.com.br\/politica\/senado-aprova-mp-do-programa-mais-medicos-e-texto-vai-a-sancao\/\">Senado aprova MP do programa Mais M\u00e9dicos e texto vai a san\u00e7\u00e3o<\/a> appeared first on <a rel=\"nofollow\" href=\"https:\/\/www.infomoney.com.br\/\">InfoMoney<\/a>.<\/p>\n","protected":false},"author":44,"featured_media":0,"comment_status":"closed","ping_status":"closed","sticky":false,"template":"","format":"standard","meta":{"advgb_blocks_editor_width":"","advgb_blocks_columns_visual_guide":"","footnotes":""},"categories":[359,34,1158,432,47,403],"tags":[35],"class_list":["post-21770","post","type-post","status-publish","format-standard","hentry","category-congresso-nacional","category-g1","category-mais-medicos","category-medida-provisoria","category-politica","category-senado","tag-g1"],"author_meta":{"display_name":"Ag\u00eancia Brasil","author_link":"https:\/\/sindaopcpb.org.br\/author\/agencia-brasil\/"},"featured_img":null,"coauthors":[],"tax_additional":{"categories":{"linked":["<a href=\"https:\/\/sindaopcpb.org.br\/congresso-nacional\/\" class=\"advgb-post-tax-term\">Congresso Nacional<\/a>","<a href=\"https:\/\/sindaopcpb.org.br\/g1\/\" class=\"advgb-post-tax-term\">G1<\/a>","<a href=\"https:\/\/sindaopcpb.org.br\/mais-medicos\/\" class=\"advgb-post-tax-term\">Mais M\u00e9dicos<\/a>","<a href=\"https:\/\/sindaopcpb.org.br\/medida-provisoria\/\" class=\"advgb-post-tax-term\">Medida Provis\u00f3ria<\/a>","<a href=\"https:\/\/sindaopcpb.org.br\/politica\/\" class=\"advgb-post-tax-term\">POLITICA<\/a>","<a href=\"https:\/\/sindaopcpb.org.br\/senado\/\" class=\"advgb-post-tax-term\">Senado<\/a>"],"unlinked":["<span class=\"advgb-post-tax-term\">Congresso Nacional<\/span>","<span class=\"advgb-post-tax-term\">G1<\/span>","<span class=\"advgb-post-tax-term\">Mais M\u00e9dicos<\/span>","<span class=\"advgb-post-tax-term\">Medida Provis\u00f3ria<\/span>","<span class=\"advgb-post-tax-term\">POLITICA<\/span>","<span class=\"advgb-post-tax-term\">Senado<\/span>"]},"tags":{"linked":["<a href=\"https:\/\/sindaopcpb.org.br\/senado\/\" class=\"advgb-post-tax-term\">g1<\/a>"],"unlinked":["<span class=\"advgb-post-tax-term\">g1<\/span>"]}},"comment_count":"0","relative_dates":{"created":"Publicado 3 anos atr\u00e1s","modified":"Atualizado 3 anos atr\u00e1s"},"absolute_dates":{"created":"Publicado em 21 de junho de 2023","modified":"Atualizado em 21 de junho de 2023"},"absolute_dates_time":{"created":"Publicado em 21 de junho de 2023 10:33","modified":"Atualizado em 21 de junho de 2023 10:33"},"featured_img_caption":"","series_order":"","_links":{"self":[{"href":"https:\/\/sindaopcpb.org.br\/index.php\/wp-json\/wp\/v2\/posts\/21770","targetHints":{"allow":["GET"]}}],"collection":[{"href":"https:\/\/sindaopcpb.org.br\/index.php\/wp-json\/wp\/v2\/posts"}],"about":[{"href":"https:\/\/sindaopcpb.org.br\/index.php\/wp-json\/wp\/v2\/types\/post"}],"author":[{"embeddable":true,"href":"https:\/\/sindaopcpb.org.br\/index.php\/wp-json\/wp\/v2\/users\/44"}],"replies":[{"embeddable":true,"href":"https:\/\/sindaopcpb.org.br\/index.php\/wp-json\/wp\/v2\/comments?post=21770"}],"version-history":[{"count":1,"href":"https:\/\/sindaopcpb.org.br\/index.php\/wp-json\/wp\/v2\/posts\/21770\/revisions"}],"predecessor-version":[{"id":21771,"href":"https:\/\/sindaopcpb.org.br\/index.php\/wp-json\/wp\/v2\/posts\/21770\/revisions\/21771"}],"wp:attachment":[{"href":"https:\/\/sindaopcpb.org.br\/index.php\/wp-json\/wp\/v2\/media?parent=21770"}],"wp:term":[{"taxonomy":"category","embeddable":true,"href":"https:\/\/sindaopcpb.org.br\/index.php\/wp-json\/wp\/v2\/categories?post=21770"},{"taxonomy":"post_tag","embeddable":true,"href":"https:\/\/sindaopcpb.org.br\/index.php\/wp-json\/wp\/v2\/tags?post=21770"}],"curies":[{"name":"wp","href":"https:\/\/api.w.org\/{rel}","templated":true}]}}