{"id":21760,"date":"2023-06-21T09:55:02","date_gmt":"2023-06-21T12:55:02","guid":{"rendered":"https:\/\/g1.globo.com\/pb\/paraiba\/noticia\/2023\/06\/21\/paraiba-tem-maior-taxa-de-escolarizacao-do-nordeste-aponta-estudo.ghtml"},"modified":"2023-06-21T09:55:02","modified_gmt":"2023-06-21T12:55:02","slug":"paraiba-tem-maior-taxa-de-escolarizacao-do-nordeste-aponta-estudo","status":"publish","type":"post","link":"https:\/\/sindaopcpb.org.br\/index.php\/2023\/06\/21\/paraiba-tem-maior-taxa-de-escolarizacao-do-nordeste-aponta-estudo\/","title":{"rendered":"Para\u00edba tem maior taxa de escolariza\u00e7\u00e3o do Nordeste, aponta estudo"},"content":{"rendered":"   <img src=\"https:\/\/s2.glbimg.com\/98YjbKegfk6b01a3eoPyQwckBWU=\/i.s3.glbimg.com\/v1\/AUTH_59edd422c0c84a879bd37670ae4f538a\/internal_photos\/bs\/2023\/c\/7\/wB5HnySk2MBR8rrAWk4Q\/whatsapp-image-2023-03-24-at-14.58.37.jpeg\" \/><br \/>     De 2009 a 2015 houve aumento gradativo das matr\u00edculas em cursos presenciais na Para\u00edba. Dados s\u00e3o do Mapa do Ensino Superior no Brasil. Para\u00edba tem maior taxa de escolariza\u00e7\u00e3o do Nordeste, aponta estudo\nNayara de Paula\/TV Integra\u00e7\u00e3o\nUm estudo divulgado nesta ter\u00e7a-feira (20) apontou a Para\u00edba como o estado do Nordeste com a maior taxa de escolariza\u00e7\u00e3o (19,6%) em 2021. Al\u00e9m disso, a taxa est\u00e1 acima da m\u00e9dia nacional, de 17,7% e \u00e9 a 8\u00aa maior do pa\u00eds.\nPara calcular a taxa, \u00e9 dividido o n\u00famero de alunos de 18 a 24 anos no Ensino Superior, de acordo com o Censo da Educa\u00e7\u00e3o Superior Inep (2021), pelo n\u00famero de pessoas de 18 a 24 anos de acordo com a Pnad Cont\u00ednua (4\u00ba trimestre 2021).\nO Mapa do Ensino Superior no Brasil \u00e9 uma publica\u00e7\u00e3o do Instituto Semesp, centro de intelig\u00eancia anal\u00edtica criado pelo Semesp, elaborado com base nos microdados do Censo da Educa\u00e7\u00e3o Superior do Inep, e outras fontes como IBGE, microdados do ENEM e do PROUNI, CAGED, RAIS, Big Data Analytics, entre outros.\nMatr\u00edculas no ensino superior\nDe 2009 a 2015 houve aumento gradativo das matr\u00edculas em cursos presenciais na Para\u00edba. A partir de 2016, elas come\u00e7am a apresentar queda e, entre 2020 e 2021, assume uma certa estabilidade.\nDe acordo com o estudo, na Para\u00edba foram 163.353 matr\u00edculas em Institui\u00e7\u00f5es de Ensino Superior (IES) em 2021, sendo 118.080 em cursos presenciais e 45.273 em cursos EaD. Desse total, 60% \u00e9 na rede privada.\nEm rela\u00e7\u00e3o aos cursos Ead, houve um aumento de 15,9% nas matr\u00edculas na compara\u00e7\u00e3o com 2020. Para os cursos EaD, a tend\u00eancia \u00e9 s\u00f3 de crescimento, assumindo uma exponencial a partir de 2016, saindo de 17.276 matr\u00edculas neste ano para 45.273 em 2021.\nDados gerais\nDepois de uma queda de 5,8% no total de institui\u00e7\u00f5es de ensino superior no pa\u00eds em 2020, em virtude do impacto da pandemia da Covid-19, o setor voltou a crescer em 2021 com um aumento de 4,8% no total de IES. \nCom 87,8% das IES brasileiras, mantendo o patamar do per\u00edodo anterior, a rede privada cresceu 5,0%, contra de 3,0% de aumento na rede p\u00fablica.\nEm rela\u00e7\u00e3o \u00e0s matr\u00edculas, a regi\u00e3o Nordeste det\u00e9m 20,6% das matr\u00edculas do ensino superior de todo o pa\u00eds. Os dados de 2021, mostram que houve 1.855.626 matr\u00edculas na regi\u00e3o Nordeste, sendo 34,3% em cursos EaD, sendo a segunda regi\u00e3o com o n\u00famero de matr\u00edculas, ficando atr\u00e1s apenas do Sudeste, com 3.927.777 matr\u00edculas.  ","protected":false},"excerpt":{"rendered":"<p>        De 2009 a 2015 houve aumento gradativo das matr\u00edculas em cursos presenciais na Para\u00edba. Dados s\u00e3o do Mapa do Ensino Superior no Brasil. Para\u00edba tem maior taxa de escolariza\u00e7\u00e3o do Nordeste, aponta estudo<br \/>\nNayara de Paula\/TV Integra\u00e7\u00e3o<br \/>\nUm estudo d&#8230;<\/p>\n","protected":false},"author":2,"featured_media":0,"comment_status":"closed","ping_status":"closed","sticky":false,"template":"","format":"standard","meta":{"advgb_blocks_editor_width":"","advgb_blocks_columns_visual_guide":"","footnotes":""},"categories":[34],"tags":[35],"class_list":["post-21760","post","type-post","status-publish","format-standard","hentry","category-g1","tag-g1"],"author_meta":{"display_name":"g1 &gt; Para\u00edba","author_link":"https:\/\/sindaopcpb.org.br\/author\/g1-paraiba\/"},"featured_img":null,"coauthors":[],"tax_additional":{"categories":{"linked":["<a href=\"https:\/\/sindaopcpb.org.br\/g1\/\" class=\"advgb-post-tax-term\">G1<\/a>"],"unlinked":["<span class=\"advgb-post-tax-term\">G1<\/span>"]},"tags":{"linked":["<a href=\"https:\/\/sindaopcpb.org.br\/g1\/\" class=\"advgb-post-tax-term\">g1<\/a>"],"unlinked":["<span class=\"advgb-post-tax-term\">g1<\/span>"]}},"comment_count":"0","relative_dates":{"created":"Publicado 3 anos atr\u00e1s","modified":"Atualizado 3 anos atr\u00e1s"},"absolute_dates":{"created":"Publicado em 21 de junho de 2023","modified":"Atualizado em 21 de junho de 2023"},"absolute_dates_time":{"created":"Publicado em 21 de junho de 2023 09:55","modified":"Atualizado em 21 de junho de 2023 09:55"},"featured_img_caption":"","series_order":"","_links":{"self":[{"href":"https:\/\/sindaopcpb.org.br\/index.php\/wp-json\/wp\/v2\/posts\/21760","targetHints":{"allow":["GET"]}}],"collection":[{"href":"https:\/\/sindaopcpb.org.br\/index.php\/wp-json\/wp\/v2\/posts"}],"about":[{"href":"https:\/\/sindaopcpb.org.br\/index.php\/wp-json\/wp\/v2\/types\/post"}],"author":[{"embeddable":true,"href":"https:\/\/sindaopcpb.org.br\/index.php\/wp-json\/wp\/v2\/users\/2"}],"replies":[{"embeddable":true,"href":"https:\/\/sindaopcpb.org.br\/index.php\/wp-json\/wp\/v2\/comments?post=21760"}],"version-history":[{"count":1,"href":"https:\/\/sindaopcpb.org.br\/index.php\/wp-json\/wp\/v2\/posts\/21760\/revisions"}],"predecessor-version":[{"id":21761,"href":"https:\/\/sindaopcpb.org.br\/index.php\/wp-json\/wp\/v2\/posts\/21760\/revisions\/21761"}],"wp:attachment":[{"href":"https:\/\/sindaopcpb.org.br\/index.php\/wp-json\/wp\/v2\/media?parent=21760"}],"wp:term":[{"taxonomy":"category","embeddable":true,"href":"https:\/\/sindaopcpb.org.br\/index.php\/wp-json\/wp\/v2\/categories?post=21760"},{"taxonomy":"post_tag","embeddable":true,"href":"https:\/\/sindaopcpb.org.br\/index.php\/wp-json\/wp\/v2\/tags?post=21760"}],"curies":[{"name":"wp","href":"https:\/\/api.w.org\/{rel}","templated":true}]}}