{"id":21754,"date":"2023-06-21T09:56:22","date_gmt":"2023-06-21T12:56:22","guid":{"rendered":"https:\/\/wpa.wscom.com.br\/?p=907351"},"modified":"2023-06-21T09:56:22","modified_gmt":"2023-06-21T12:56:22","slug":"autor-do-ataque-a-escola-no-parana-e-encontrado-morto-na-prisao","status":"publish","type":"post","link":"https:\/\/sindaopcpb.org.br\/index.php\/2023\/06\/21\/autor-do-ataque-a-escola-no-parana-e-encontrado-morto-na-prisao\/","title":{"rendered":"Autor do ataque a escola no Paran\u00e1 \u00e9 encontrado morto na pris\u00e3o"},"content":{"rendered":"<p>O autor do ataque ao Col\u00e9gio Estadual Professora Helena Kolody, em Camb\u00e9, no Norte do <a href=\"https:\/\/wpa.wscom.com.br\/ws-analisa-loucura-das-mortes-jovens-no-parana-o-drama-de-naufragio-e-a-fome-sendo-encarada\/\" rel=\"noopener nofollow\" target=\"_blank\">Paran\u00e1<\/a>, foi encontrado morto no in\u00edcio da madrugada de quarta-feira (21) na Casa de Cust\u00f3dia de Londrina. Ele tinha 21 anos<\/p>\n<p>Informa\u00e7\u00f5es iniciais d\u00e3o conta de que outro homem que ocupava a mesma acordou e o viu enforcado, pendurado na grade. Socorristas e m\u00e9dico do Samu foram chamados, mas apenas puderam constatar o \u00f3bito.<\/p>\n<p>A cela foi isolada para o trabalho de per\u00edcia pela Pol\u00edcia Cient\u00edfica. Depois disso, o corpo foi encaminhado para o Instituto M\u00e9dico-Legal de Londrina.<\/p>\n<p>O caso \u00e9 tratado como suic\u00eddio, mas a Pol\u00edcia Civil vai instaurar inqu\u00e9rito para apurar a morte.<\/p>\n<p>O ataque \u00e0 escola aconteceu na manh\u00e3 de segunda-feira (18), quando ele matou dois alunos: Luan Augusto da Silva, de 16 anos, e Karoline Verri Alves, de 17. De acordo com a Pol\u00edcia Militar, o autor do ataque era ex-aluno do col\u00e9gio.<\/p>\n<p>Ele entrou armado no p\u00e1tio da unidade educacional, solicitando o hist\u00f3rico escolar. Depois, ele deu in\u00edcio aos disparos de arma de fogo, baleando os dois estudantes.<\/p>\n<p>O secret\u00e1rio de Seguran\u00e7a do Paran\u00e1, Hudson Le\u00f4ncio Teixeira, afirmou que o atirador n\u00e3o tinha rela\u00e7\u00e3o com as v\u00edtimas. O autor do ataque disse ser v\u00edtima de bullying e que planejou o ataque durante os \u00faltimos quatro anos.<\/p>\n<p>A pol\u00edcia informou que a arma utilizada no crime, um rev\u00f3lver calibre 38, foi comprada por ele h\u00e1 cerca de um m\u00eas em Rol\u00e2ndia. Teria pago R$ 4.500. Foram encontradas mais de 50 muni\u00e7\u00f5es.<\/p>\n<p>Ainda segundo o secret\u00e1rio, a inten\u00e7\u00e3o do atirador era matar o maior n\u00famero de alunos na faixa et\u00e1ria de quem fazia bullying contra ele e, na sequ\u00eancia, tirar a pr\u00f3pria vida.<\/p>\n<p>O post <a rel=\"nofollow noopener\" href=\"https:\/\/wscom.com.br\/autor-do-ataque-a-escola-no-parana-e-encontrado-morto-na-prisao\/\" target=\"_blank\">Autor do ataque a escola no Paran\u00e1 \u00e9 encontrado morto na pris\u00e3o<\/a> apareceu primeiro em <a rel=\"nofollow noopener\" href=\"https:\/\/wscom.com.br\/\" target=\"_blank\">WSCOM<\/a>.<\/p>\n","protected":false},"excerpt":{"rendered":"<p>O autor do ataque ao Col\u00e9gio Estadual Professora Helena Kolody, em Camb\u00e9, no Norte do Paran\u00e1, foi encontrado morto no in\u00edcio da madrugada de quarta-feira (21) na Casa de Cust\u00f3dia de Londrina. Ele tinha 21 anos Informa\u00e7\u00f5es iniciais d\u00e3o conta de que outro homem que ocupava a mesma acordou e o viu enforcado, pendurado na [\u2026]<\/p>\n<p>O post <a rel=\"nofollow\" href=\"https:\/\/wscom.com.br\/autor-do-ataque-a-escola-no-parana-e-encontrado-morto-na-prisao\/\">Autor do ataque a escola no Paran\u00e1 \u00e9 encontrado morto na pris\u00e3o<\/a> apareceu primeiro em <a rel=\"nofollow\" href=\"https:\/\/wscom.com.br\/\">WSCOM<\/a>.<\/p>\n","protected":false},"author":50,"featured_media":0,"comment_status":"closed","ping_status":"closed","sticky":false,"template":"","format":"standard","meta":{"advgb_blocks_editor_width":"","advgb_blocks_columns_visual_guide":"","footnotes":""},"categories":[441,115,34,250,873],"tags":[35],"class_list":["post-21754","post","type-post","status-publish","format-standard","hentry","category-ataque","category-brasil","category-g1","category-morto","category-parana","tag-g1"],"author_meta":{"display_name":"Wallyson","author_link":"https:\/\/sindaopcpb.org.br\/author\/wallyson\/"},"featured_img":null,"coauthors":[],"tax_additional":{"categories":{"linked":["<a href=\"https:\/\/sindaopcpb.org.br\/ataque\/\" class=\"advgb-post-tax-term\">Ataque<\/a>","<a href=\"https:\/\/sindaopcpb.org.br\/brasil\/\" class=\"advgb-post-tax-term\">Brasil<\/a>","<a href=\"https:\/\/sindaopcpb.org.br\/g1\/\" class=\"advgb-post-tax-term\">G1<\/a>","<a href=\"https:\/\/sindaopcpb.org.br\/morto\/\" class=\"advgb-post-tax-term\">Morto<\/a>","<a href=\"https:\/\/sindaopcpb.org.br\/parana\/\" class=\"advgb-post-tax-term\">paran\u00e1<\/a>"],"unlinked":["<span class=\"advgb-post-tax-term\">Ataque<\/span>","<span class=\"advgb-post-tax-term\">Brasil<\/span>","<span class=\"advgb-post-tax-term\">G1<\/span>","<span class=\"advgb-post-tax-term\">Morto<\/span>","<span class=\"advgb-post-tax-term\">paran\u00e1<\/span>"]},"tags":{"linked":["<a href=\"https:\/\/sindaopcpb.org.br\/parana\/\" class=\"advgb-post-tax-term\">g1<\/a>"],"unlinked":["<span class=\"advgb-post-tax-term\">g1<\/span>"]}},"comment_count":"0","relative_dates":{"created":"Publicado 3 anos atr\u00e1s","modified":"Atualizado 3 anos atr\u00e1s"},"absolute_dates":{"created":"Publicado em 21 de junho de 2023","modified":"Atualizado em 21 de junho de 2023"},"absolute_dates_time":{"created":"Publicado em 21 de junho de 2023 09:56","modified":"Atualizado em 21 de junho de 2023 09:56"},"featured_img_caption":"","series_order":"","_links":{"self":[{"href":"https:\/\/sindaopcpb.org.br\/index.php\/wp-json\/wp\/v2\/posts\/21754","targetHints":{"allow":["GET"]}}],"collection":[{"href":"https:\/\/sindaopcpb.org.br\/index.php\/wp-json\/wp\/v2\/posts"}],"about":[{"href":"https:\/\/sindaopcpb.org.br\/index.php\/wp-json\/wp\/v2\/types\/post"}],"author":[{"embeddable":true,"href":"https:\/\/sindaopcpb.org.br\/index.php\/wp-json\/wp\/v2\/users\/50"}],"replies":[{"embeddable":true,"href":"https:\/\/sindaopcpb.org.br\/index.php\/wp-json\/wp\/v2\/comments?post=21754"}],"version-history":[{"count":1,"href":"https:\/\/sindaopcpb.org.br\/index.php\/wp-json\/wp\/v2\/posts\/21754\/revisions"}],"predecessor-version":[{"id":21755,"href":"https:\/\/sindaopcpb.org.br\/index.php\/wp-json\/wp\/v2\/posts\/21754\/revisions\/21755"}],"wp:attachment":[{"href":"https:\/\/sindaopcpb.org.br\/index.php\/wp-json\/wp\/v2\/media?parent=21754"}],"wp:term":[{"taxonomy":"category","embeddable":true,"href":"https:\/\/sindaopcpb.org.br\/index.php\/wp-json\/wp\/v2\/categories?post=21754"},{"taxonomy":"post_tag","embeddable":true,"href":"https:\/\/sindaopcpb.org.br\/index.php\/wp-json\/wp\/v2\/tags?post=21754"}],"curies":[{"name":"wp","href":"https:\/\/api.w.org\/{rel}","templated":true}]}}